{"id":61124,"date":"2025-11-06T11:21:37","date_gmt":"2025-11-06T14:21:37","guid":{"rendered":"https:\/\/radiorevelacionfm.cl\/?p=61124"},"modified":"2025-11-06T22:19:23","modified_gmt":"2025-11-07T01:19:23","slug":"autoridades-regionales-refuerzan-la-importancia-de-los-documentos-de-identidad-para-sufragar-este-16-de-noviembre","status":"publish","type":"post","link":"https:\/\/radiorevelacionfm.cl\/?p=61124","title":{"rendered":"Autoridades regionales refuerzan la importancia de los documentos de identidad para sufragar este 16 de noviembre"},"content":{"rendered":"<div class=\"flex_column av_one_full  flex_column_div av-zero-column-padding first  avia-builder-el-0  el_before_av_one_full  avia-builder-el-first  \" style='border-radius:0px; '><div  class='avia-image-container  av-styling-    avia-builder-el-1  avia-builder-el-no-sibling  avia-align-center '  itemprop=\"image\" itemscope=\"itemscope\" itemtype=\"https:\/\/schema.org\/ImageObject\"  ><div class='avia-image-container-inner'><div class='avia-image-overlay-wrap'><img decoding=\"async\" class='wp-image-61178 avia-img-lazy-loading-not-61178 avia_image' src=\"https:\/\/radiorevelacionfm.cl\/wp-content\/uploads\/2025\/11\/576872308_1420538660072024_2794757611464586419_n-2-2_optimized.jpeg\" alt='' title='576872308_1420538660072024_2794757611464586419_n-2-2_optimized' height=\"782\" width=\"801\"  itemprop=\"thumbnailUrl\" srcset=\"https:\/\/radiorevelacionfm.cl\/wp-content\/uploads\/2025\/11\/576872308_1420538660072024_2794757611464586419_n-2-2_optimized.jpeg 801w, https:\/\/radiorevelacionfm.cl\/wp-content\/uploads\/2025\/11\/576872308_1420538660072024_2794757611464586419_n-2-2_optimized-300x293.jpeg 300w, https:\/\/radiorevelacionfm.cl\/wp-content\/uploads\/2025\/11\/576872308_1420538660072024_2794757611464586419_n-2-2_optimized-768x750.jpeg 768w, https:\/\/radiorevelacionfm.cl\/wp-content\/uploads\/2025\/11\/576872308_1420538660072024_2794757611464586419_n-2-2_optimized-36x36.jpeg 36w, https:\/\/radiorevelacionfm.cl\/wp-content\/uploads\/2025\/11\/576872308_1420538660072024_2794757611464586419_n-2-2_optimized-705x688.jpeg 705w, https:\/\/radiorevelacionfm.cl\/wp-content\/uploads\/2025\/11\/576872308_1420538660072024_2794757611464586419_n-2-2_optimized-450x439.jpeg 450w, https:\/\/radiorevelacionfm.cl\/wp-content\/uploads\/2025\/11\/576872308_1420538660072024_2794757611464586419_n-2-2_optimized-600x586.jpeg 600w\" sizes=\"(max-width: 801px) 100vw, 801px\" \/><\/div><\/div><\/div><\/div><div class=\"flex_column av_one_full  flex_column_div av-zero-column-padding first  avia-builder-el-2  el_after_av_one_full  el_before_av_one_full  column-top-margin\" style='border-radius:0px; '><section class=\"av_textblock_section \"  itemscope=\"itemscope\" itemtype=\"https:\/\/schema.org\/BlogPosting\" itemprop=\"blogPost\" ><div class='avia_textblock  '   itemprop=\"text\" ><p style=\"text-align: center;\"><span style=\"font-size: 18pt;\"><strong>Autoridades regionales refuerzan la importancia de los documentos de identidad para sufragar este 16 de noviembre <\/strong><\/span><\/p>\n<div id=\"gtx-trans\" style=\"position: absolute; left: -50px; top: 4.31534px;\">\n<div class=\"gtx-trans-icon\"><\/div>\n<\/div>\n<\/div><\/section><\/div><\/p>\n<div class=\"flex_column av_one_full  flex_column_div av-zero-column-padding first  avia-builder-el-4  el_after_av_one_full  el_before_av_hr  column-top-margin\" style='border-radius:0px; '><section class=\"av_textblock_section \"  itemscope=\"itemscope\" itemtype=\"https:\/\/schema.org\/BlogPosting\" itemprop=\"blogPost\" ><div class='avia_textblock  '   itemprop=\"text\" ><p style=\"text-align: justify;\"><em>Cabe mencionar que, junto con la elecci\u00f3n de presidente, los ciudadanos y ciudadanas deber\u00e1n elegir senadores y diputados.<\/em><\/p>\n<p style=\"text-align: justify;\">En el marco de las elecciones presidenciales y parlamentarias 2025 a llevarse a cabo el pr\u00f3ximo 16 de noviembre, los seremis de Justicia y Derechos Humanos Samuel Navarro y de Gobierno \u00darsula Mix, hicieron un llamado a los electores a informarse respecto a los documentos permitidos para poder emitir su voto.<\/p>\n<p style=\"text-align: justify;\">En este sentido, el seremi de Justicia y Derechos Humanos, Samuel Navarro Castro explic\u00f3 \u201cimportante que la ciudadan\u00eda sepa que este 16 de noviembre cuando se realizan elecciones los \u00fanicos documentos habilitados para votar son la c\u00e9dula de identidad y el pasaporte, si bien es cierto la exigencia legal es que est\u00e9n vigentes tambi\u00e9n est\u00e1 permitido votar aun cuando estos documentos est\u00e9n vencidos con un a\u00f1o de anticipaci\u00f3n, es decir desde el 16 de noviembre de 2024, no obstante est\u00e1n vencidos, son documentos h\u00e1biles para votar\u201d.<\/p>\n<p style=\"text-align: justify;\">Por su parte, la seremi de Gobierno \u00darsula Mix Jim\u00e9nez fue enf\u00e1tica en se\u00f1alar que \u201ccomo Gobierno queremos invitar a todas y todos a participar activamente en estas elecciones del 16 de noviembre, ejercer el derecho a voto es una forma concreta de fortalecer nuestra democracia y construir entre todas y todos el Chile que queremos, recuerda revisar tu local de votaci\u00f3n en consulta.servel.cl y tambi\u00e9n si eres vocal de mesa\u201d.<\/p>\n<p style=\"text-align: justify;\">Finalmente, se\u00f1alar que las autoridades invitaron a la ciudadan\u00eda a conocer m\u00e1s informaci\u00f3n en:\u00a0<a href=\"http:\/\/consulta.servel.cl\/\">consulta.servel.cl<\/a>\u00a0o en\u00a0<a href=\"https:\/\/www.gob.cl\/chilevotainformado\/\">https:\/\/www.gob.cl\/chilevotainformado\/<\/a>.<\/p>\n<\/div><\/section><\/div>\n<div  style='height:50px' class='hr hr-invisible   avia-builder-el-6  el_after_av_one_full  el_before_av_social_share '><span class='hr-inner ' ><span class='hr-inner-style'><\/span><\/span><\/div>\n<div  class='av-social-sharing-box  avia-builder-el-7  el_after_av_hr  el_before_av_hr  '><div class='av-share-box'><h5 class='av-share-link-description av-no-toc '>Compartir esta noticia<\/h5><ul class='av-share-box-list noLightbox'><li class='av-share-link av-social-link-facebook' ><a target=\"_blank\" aria-label=\"Compartir en Facebook\" href='https:\/\/www.facebook.com\/sharer.php?u=https:\/\/radiorevelacionfm.cl\/?p=61124&#038;t=Autoridades%20regionales%20refuerzan%20la%20importancia%20de%20los%20documentos%20de%20identidad%20para%20sufragar%20este%2016%20de%20noviembre' aria-hidden='false' data-av_icon='\ue8f3' data-av_iconfont='entypo-fontello' title='' data-avia-related-tooltip='Compartir en Facebook' rel=\"noopener\"><span class='avia_hidden_link_text'>Compartir en Facebook<\/span><\/a><\/li><li class='av-share-link av-social-link-twitter' ><a target=\"_blank\" aria-label=\"Compartir en Twitter\" href='https:\/\/twitter.com\/share?text=Autoridades%20regionales%20refuerzan%20la%20importancia%20de%20los%20documentos%20de%20identidad%20para%20sufragar%20este%2016%20de%20noviembre&#038;url=https:\/\/radiorevelacionfm.cl\/?p=61124' aria-hidden='false' data-av_icon='\ue8f1' data-av_iconfont='entypo-fontello' title='' data-avia-related-tooltip='Compartir en Twitter' rel=\"noopener\"><span class='avia_hidden_link_text'>Compartir en Twitter<\/span><\/a><\/li><li class='av-share-link av-social-link-whatsapp' ><a target=\"_blank\" aria-label=\"Compartir en Whatsapp\" href='https:\/\/api.whatsapp.com\/send?text=https:\/\/radiorevelacionfm.cl\/?p=61124' aria-hidden='false' data-av_icon='\uf232' data-av_iconfont='entypo-fontello' title='' data-avia-related-tooltip='Compartir en Whatsapp' rel=\"noopener\"><span class='avia_hidden_link_text'>Compartir en Whatsapp<\/span><\/a><\/li><li class='av-share-link av-social-link-linkedin' ><a target=\"_blank\" aria-label=\"Compartir en LinkedIn\" href='https:\/\/linkedin.com\/shareArticle?mini=true&#038;title=Autoridades%20regionales%20refuerzan%20la%20importancia%20de%20los%20documentos%20de%20identidad%20para%20sufragar%20este%2016%20de%20noviembre&#038;url=https:\/\/radiorevelacionfm.cl\/?p=61124' aria-hidden='false' data-av_icon='\ue8fc' data-av_iconfont='entypo-fontello' title='' data-avia-related-tooltip='Compartir en LinkedIn' rel=\"noopener\"><span class='avia_hidden_link_text'>Compartir en LinkedIn<\/span><\/a><\/li><li class='av-share-link av-social-link-mail' ><a  aria-label=\"Compartir por correo\" href='mailto:?subject=Autoridades%20regionales%20refuerzan%20la%20importancia%20de%20los%20documentos%20de%20identidad%20para%20sufragar%20este%2016%20de%20noviembre&#038;body=https:\/\/radiorevelacionfm.cl\/?p=61124' aria-hidden='false' data-av_icon='\ue805' data-av_iconfont='entypo-fontello' title='' data-avia-related-tooltip='Compartir por correo'><span class='avia_hidden_link_text'>Compartir por correo<\/span><\/a><\/li><\/ul><\/div><\/div>\n<div  style='height:50px' class='hr hr-invisible   avia-builder-el-8  el_after_av_social_share  el_before_av_comments_list '><span class='hr-inner ' ><span class='hr-inner-style'><\/span><\/span><\/div>\n<div  class='av-buildercomment  av-blog-meta-html-info-disabled av-blog-meta-tag-disabled  '><\/div>\n","protected":false},"excerpt":{"rendered":"","protected":false},"author":1,"featured_media":61178,"comment_status":"closed","ping_status":"closed","sticky":false,"template":"","format":"standard","meta":{"footnotes":""},"categories":[38],"tags":[],"class_list":["post-61124","post","type-post","status-publish","format-standard","has-post-thumbnail","hentry","category-regional"],"jetpack_featured_media_url":"https:\/\/radiorevelacionfm.cl\/wp-content\/uploads\/2025\/11\/576872308_1420538660072024_2794757611464586419_n-2-2_optimized.jpeg","_links":{"self":[{"href":"https:\/\/radiorevelacionfm.cl\/index.php?rest_route=\/wp\/v2\/posts\/61124","targetHints":{"allow":["GET"]}}],"collection":[{"href":"https:\/\/radiorevelacionfm.cl\/index.php?rest_route=\/wp\/v2\/posts"}],"about":[{"href":"https:\/\/radiorevelacionfm.cl\/index.php?rest_route=\/wp\/v2\/types\/post"}],"author":[{"embeddable":true,"href":"https:\/\/radiorevelacionfm.cl\/index.php?rest_route=\/wp\/v2\/users\/1"}],"replies":[{"embeddable":true,"href":"https:\/\/radiorevelacionfm.cl\/index.php?rest_route=%2Fwp%2Fv2%2Fcomments&post=61124"}],"version-history":[{"count":3,"href":"https:\/\/radiorevelacionfm.cl\/index.php?rest_route=\/wp\/v2\/posts\/61124\/revisions"}],"predecessor-version":[{"id":61177,"href":"https:\/\/radiorevelacionfm.cl\/index.php?rest_route=\/wp\/v2\/posts\/61124\/revisions\/61177"}],"wp:featuredmedia":[{"embeddable":true,"href":"https:\/\/radiorevelacionfm.cl\/index.php?rest_route=\/wp\/v2\/media\/61178"}],"wp:attachment":[{"href":"https:\/\/radiorevelacionfm.cl\/index.php?rest_route=%2Fwp%2Fv2%2Fmedia&parent=61124"}],"wp:term":[{"taxonomy":"category","embeddable":true,"href":"https:\/\/radiorevelacionfm.cl\/index.php?rest_route=%2Fwp%2Fv2%2Fcategories&post=61124"},{"taxonomy":"post_tag","embeddable":true,"href":"https:\/\/radiorevelacionfm.cl\/index.php?rest_route=%2Fwp%2Fv2%2Ftags&post=61124"}],"curies":[{"name":"wp","href":"https:\/\/api.w.org\/{rel}","templated":true}]}}