{"id":61114,"date":"2025-11-05T17:43:40","date_gmt":"2025-11-05T20:43:40","guid":{"rendered":"https:\/\/radiorevelacionfm.cl\/?p=61114"},"modified":"2025-11-05T17:43:40","modified_gmt":"2025-11-05T20:43:40","slug":"reforma-de-pensiones-se-realizo-despliegue-en-la-zona-sur-de-la-region-de-aysen-para-informar-a-la-comunidad","status":"publish","type":"post","link":"https:\/\/radiorevelacionfm.cl\/?p=61114","title":{"rendered":"Reforma de Pensiones: se realiz\u00f3 despliegue en la zona sur de la Regi\u00f3n de Ays\u00e9n para informar a la comunidad"},"content":{"rendered":"<div class=\"flex_column av_one_full  flex_column_div av-zero-column-padding first  avia-builder-el-0  el_before_av_one_full  avia-builder-el-first  \" style='border-radius:0px; '><div  class='avia-image-container  av-styling-    avia-builder-el-1  avia-builder-el-no-sibling  avia-align-center '  itemprop=\"image\" itemscope=\"itemscope\" itemtype=\"https:\/\/schema.org\/ImageObject\"  ><div class='avia-image-container-inner'><div class='avia-image-overlay-wrap'><img decoding=\"async\" class='wp-image-61115 avia-img-lazy-loading-not-61115 avia_image' src=\"https:\/\/radiorevelacionfm.cl\/wp-content\/uploads\/2025\/11\/ReformaPensiones_ProvCapPrat-6-1-1.jpeg\" alt='' title='ReformaPensiones_ProvCapPrat (6) (1) (1)' height=\"600\" width=\"774\"  itemprop=\"thumbnailUrl\" srcset=\"https:\/\/radiorevelacionfm.cl\/wp-content\/uploads\/2025\/11\/ReformaPensiones_ProvCapPrat-6-1-1.jpeg 774w, https:\/\/radiorevelacionfm.cl\/wp-content\/uploads\/2025\/11\/ReformaPensiones_ProvCapPrat-6-1-1-300x233.jpeg 300w, https:\/\/radiorevelacionfm.cl\/wp-content\/uploads\/2025\/11\/ReformaPensiones_ProvCapPrat-6-1-1-768x595.jpeg 768w, https:\/\/radiorevelacionfm.cl\/wp-content\/uploads\/2025\/11\/ReformaPensiones_ProvCapPrat-6-1-1-705x547.jpeg 705w, https:\/\/radiorevelacionfm.cl\/wp-content\/uploads\/2025\/11\/ReformaPensiones_ProvCapPrat-6-1-1-450x349.jpeg 450w, https:\/\/radiorevelacionfm.cl\/wp-content\/uploads\/2025\/11\/ReformaPensiones_ProvCapPrat-6-1-1-600x465.jpeg 600w\" sizes=\"(max-width: 774px) 100vw, 774px\" \/><\/div><\/div><\/div><\/div><div class=\"flex_column av_one_full  flex_column_div av-zero-column-padding first  avia-builder-el-2  el_after_av_one_full  el_before_av_one_full  column-top-margin\" style='border-radius:0px; '><section class=\"av_textblock_section \"  itemscope=\"itemscope\" itemtype=\"https:\/\/schema.org\/BlogPosting\" itemprop=\"blogPost\" ><div class='avia_textblock  '   itemprop=\"text\" ><p style=\"text-align: center;\"><span style=\"font-size: 18pt;\"><b>Reforma de Pensiones: se realiz\u00f3 despliegue en la zona sur de la Regi\u00f3n de Ays\u00e9n para informar a la comunidad<\/b><\/span><\/p>\n<div id=\"gtx-trans\" style=\"position: absolute; left: -50px; top: 4.31534px;\">\n<div class=\"gtx-trans-icon\"><\/div>\n<\/div>\n<\/div><\/section><\/div><div class=\"flex_column av_one_full  flex_column_div av-zero-column-padding first  avia-builder-el-4  el_after_av_one_full  el_before_av_hr  column-top-margin\" style='border-radius:0px; '><section class=\"av_textblock_section \"  itemscope=\"itemscope\" itemtype=\"https:\/\/schema.org\/BlogPosting\" itemprop=\"blogPost\" ><div class='avia_textblock  '   itemprop=\"text\" ><p style=\"text-align: justify;\">\u00a0<em>En una coordinaci\u00f3n realizada junto a la Delegaci\u00f3n Provincial de Capit\u00e1n Prat, el Seremi(s) de Trabajo y Previsi\u00f3n Social pudo conversar con la comunidad, aclarando dudas y contando sus beneficios en O\u00b4Higgins, Tortel y Cochrane.<\/em><\/p>\n<p style=\"text-align: justify;\"><em>Coyhaique, 03 noviembre 2025.-<\/em>\u00a0Con el prop\u00f3sito de informar sobre la Reforma de Pensiones, sus beneficios y plazos en la implementaci\u00f3n, el Seremi(s) del Trabajo y Previsi\u00f3n Social, Rodrigo D\u00edaz Cordaro junto a la Delegada presidencial provincial de Capit\u00e1n Prat, Marta Montiel Alarc\u00f3n y el Instituto de Previsi\u00f3n Social, IPS ChileAtiende, organizaron un despliegue por la provincia sur de la Regi\u00f3n de Ays\u00e9n, realizando charlas y visitando las radios de las comunas de O\u00b4Higgins, Tortel y Cochrane, con una amplia asistencia.<\/p>\n<p style=\"text-align: justify;\">\u201cQue sin duda son muy buenas noticias, muy buenas noticias que llegan hasta el rinc\u00f3n m\u00e1s lejano de nuestra Provincia de Capit\u00e1n Prat. Estuvimos en Villa O&#8217;Higgins, donde el Seremi con el equipo, aclararon dudas con vecinas, con vecinos, con las autoridades locales en O&#8217;Higgins, en Tortel y hoy d\u00eda cerrando aqu\u00ed en Cochrane. Que importante es que conozcamos todos y todas en qu\u00e9 consiste esta Reforma de Pensiones, este tremendo logro para todas nuestras personas mayores, las que hoy est\u00e1n pensionadas y las que vamos en camino hacia all\u00e1\u201d afirm\u00f3 la Delegada presidencial provincial, Marta Montiel Alarc\u00f3n, a\u00f1adiendo, \u201cEs importante porque este acuerdo que ha logrado esta mejora en las pensiones para todas nuestras personas mayores ha sido un trabajo mancomunado, de todos los sectores y es un tremendo logro, que se puso el \u00e9nfasis en conseguirlo y todo el empe\u00f1o por parte del Ministerio de Trabajo y Previsi\u00f3n Social, del Gobierno del Presidente Gabriel Boric, y hoy d\u00eda, podemos decir que vino para quedarse. Esta Reforma de Pensiones vino a aclarar tambi\u00e9n en qu\u00e9 consiste y c\u00f3mo gradualmente va a ir mejorando su pensi\u00f3n. Estamos muy contentos y contentas con que estas buenas noticias sean difundidas en nuestra provincia, aqu\u00ed en Capit\u00e1n Prat\u201d.<\/p>\n<p style=\"text-align: justify;\">A su vez, el Seremi(s) de Trabajo y Previsi\u00f3n Social, Rodrigo D\u00edaz Cordaro mencion\u00f3 sobre las charlas informativas, \u201cCumpliendo el mandato del Presidente Boric y del Ministerio de Trabajo y Previsi\u00f3n Social, nos hemos desplegado en conjunto con la Delegaci\u00f3n Presidencial Provincial de Capit\u00e1n Prat y ah\u00ed reconocer el apoyo de la delegada Marta Montiel y de su equipo, donde pudimos de manera articulada y coordinada, ir a Villa O&#8217;Higgins a hacer esta charla, en terreno aclarar todas las dudas, lo mismo en Tortel y en Cochrane. Fue algo muy provechoso, con muy buena asistencia, donde los ciudadanos, las ciudadanas, de primera fuente pudieron aclarar las dudas y conocer los beneficios que va otorgando la Reforma de Pensiones en sus distintos \u00e1mbitos. La recepci\u00f3n fue muy buena, nos agradecieron la claridad, la forma simple de explicar la reforma, que tiene muchos elementos y eso hac\u00eda que la gente se confundiera, sin embargo, logramos explicarlo de manera f\u00e1cil, sencilla y que la gente lo pueda entender y, por lo tanto, ellos eso lo agradecieron\u201d.<\/p>\n<p style=\"text-align: justify;\">Estas charlas se realizaron en el marco del Mes del Adulto Mayor y permitieron acercar a la comunidad los principales beneficios de la Reforma de Pensiones promulgada en marzo de 2025 con una amplia y transversal mayor\u00eda en el Congreso.<\/p>\n<p style=\"text-align: justify;\">Cabe recordar que esta reforma contempla el aumento progresivo de la Pensi\u00f3n Garantizada Universal (PGU) hasta alcanzar los $250.000, comenzando con personas de 82 a\u00f1os o m\u00e1s, las cuales ya est\u00e1n recibiendo este monto desde el mes de septiembre de este a\u00f1o. Junto a ello, establece un sistema mixto que incorpora un Seguro Social financiado por cotizaciones del empleador, promoviendo mayor equidad y solidaridad, a trav\u00e9s de una cotizaci\u00f3n adicional de 1% desde las remuneraciones de agosto 2025 y que aumentar\u00e1 progresivamente, destinada a mejorar las pensiones y compensar diferencias de expectativa de vida entre hombres y mujeres. A partir de enero de 2026, se otorgar\u00e1 un beneficio por a\u00f1os cotizados, reconociendo el esfuerzo previsional de trabajadores y trabajadoras.<\/p>\n<p style=\"text-align: justify;\"><strong><u>Valoraci\u00f3n positiva por parte de los asistentes<\/u><\/strong><\/p>\n<p style=\"text-align: justify;\">La implementaci\u00f3n de la Reforma de Pensiones fue explicada de forma clara y cercana, fortaleciendo el v\u00ednculo entre el Estado y las comunidades m\u00e1s australes de la Regi\u00f3n de Ays\u00e9n, por parte del Seremi(s) Rodrigo D\u00edaz Cordaro y de Wilma Mar\u00edn Sandoval, coordinadora de la sucursal IPS ChileAtiende de Cochrane, quienes adem\u00e1s aprovecharon la instancia para abordar otras tem\u00e1ticas relacionadas con los beneficios como la postulaci\u00f3n a la Pensi\u00f3n Garantizada Universal, PGU y reforzar los Centros de Atenci\u00f3n Virtual en convenio con las municipalidades de O\u00b4Higgins y Tortel, participando ambos alcaldes en las charlas, Jos\u00e9 Fica G\u00f3mez y Marisela Jim\u00e9nez Cruces respectivamente .<\/p>\n<p style=\"text-align: justify;\">\u201cMe gust\u00f3 mucho porque fue bien informativa, y lo bueno que cada pregunta que hac\u00edamos era bien respondida. Quedamos sabiendo lo que quer\u00edamos y lo que ten\u00edamos dudas. Fue bien buena la reuni\u00f3n\u201d. Carmen Rojas Ch\u00e1vez, Caleta Tortel.<\/p>\n<p style=\"text-align: justify;\">\u201cMuy buena la reuni\u00f3n, estuvo muy entretenida y a parte que una muchas veces por no ir a la oficina, no se entera de lo que pasa. Me gust\u00f3 porque se aclararon varios puntos y muy conforme, muy contenta por todo. Hice varias consultas y me qued\u00f3 muy claro, much\u00edsimas gracias\u201d. Celia Rivera Henr\u00edquez, Cochrane.<\/p>\n<p style=\"text-align: justify;\">\u201cEncontr\u00e9 espectacular que nos vengan a contar lo que se ha logrado, porque a veces es dif\u00edcil de entender, hay demasiadas cosas t\u00e9cnicas que la mayor\u00eda de la gente no entiende. Adem\u00e1s, mucha gente, por ejemplo, no sab\u00eda que a la PGU hab\u00eda que postular y estaban esperando que de alguna forma \u201cllegue\u201d\u201d. Hugo Rozas Trivi\u00f1o, Villa O\u00b4Higgins, quien adem\u00e1s se refiri\u00f3 a la desinformaci\u00f3n, a las noticias falsas imperantes y a la importancia de informarse de primera fuente.<\/p>\n<p style=\"text-align: justify;\">Estas charlas forman parte del despliegue informativo el cual se ha profundizado con las charlas realizadas por el Departamento de Educaci\u00f3n Previsional de la Subsecretar\u00eda de Previsi\u00f3n Social del Ministerio de Trabajo y Previsi\u00f3n Social, que tambi\u00e9n ha estado en terreno, aclarando dudas sobre la nueva norma.<\/p>\n<\/div><\/section><\/div><div  style='height:50px' class='hr hr-invisible   avia-builder-el-6  el_after_av_one_full  el_before_av_social_share '><span class='hr-inner ' ><span class='hr-inner-style'><\/span><\/span><\/div><\/p>\n<div  class='av-social-sharing-box  avia-builder-el-7  el_after_av_hr  el_before_av_hr  '><div class='av-share-box'><h5 class='av-share-link-description av-no-toc '>Compartir esta noticia<\/h5><ul class='av-share-box-list noLightbox'><li class='av-share-link av-social-link-facebook' ><a target=\"_blank\" aria-label=\"Compartir en Facebook\" href='https:\/\/www.facebook.com\/sharer.php?u=https:\/\/radiorevelacionfm.cl\/?p=61114&#038;t=Reforma%20de%20Pensiones%3A%20se%20realiz%C3%B3%20despliegue%20en%20la%20zona%20sur%20de%20la%20Regi%C3%B3n%20de%20Ays%C3%A9n%20para%20informar%20a%20la%20comunidad' aria-hidden='false' data-av_icon='\ue8f3' data-av_iconfont='entypo-fontello' title='' data-avia-related-tooltip='Compartir en Facebook' rel=\"noopener\"><span class='avia_hidden_link_text'>Compartir en Facebook<\/span><\/a><\/li><li class='av-share-link av-social-link-twitter' ><a target=\"_blank\" aria-label=\"Compartir en Twitter\" href='https:\/\/twitter.com\/share?text=Reforma%20de%20Pensiones%3A%20se%20realiz%C3%B3%20despliegue%20en%20la%20zona%20sur%20de%20la%20Regi%C3%B3n%20de%20Ays%C3%A9n%20para%20informar%20a%20la%20comunidad&#038;url=https:\/\/radiorevelacionfm.cl\/?p=61114' aria-hidden='false' data-av_icon='\ue8f1' data-av_iconfont='entypo-fontello' title='' data-avia-related-tooltip='Compartir en Twitter' rel=\"noopener\"><span class='avia_hidden_link_text'>Compartir en Twitter<\/span><\/a><\/li><li class='av-share-link av-social-link-whatsapp' ><a target=\"_blank\" aria-label=\"Compartir en Whatsapp\" href='https:\/\/api.whatsapp.com\/send?text=https:\/\/radiorevelacionfm.cl\/?p=61114' aria-hidden='false' data-av_icon='\uf232' data-av_iconfont='entypo-fontello' title='' data-avia-related-tooltip='Compartir en Whatsapp' rel=\"noopener\"><span class='avia_hidden_link_text'>Compartir en Whatsapp<\/span><\/a><\/li><li class='av-share-link av-social-link-linkedin' ><a target=\"_blank\" aria-label=\"Compartir en LinkedIn\" href='https:\/\/linkedin.com\/shareArticle?mini=true&#038;title=Reforma%20de%20Pensiones%3A%20se%20realiz%C3%B3%20despliegue%20en%20la%20zona%20sur%20de%20la%20Regi%C3%B3n%20de%20Ays%C3%A9n%20para%20informar%20a%20la%20comunidad&#038;url=https:\/\/radiorevelacionfm.cl\/?p=61114' aria-hidden='false' data-av_icon='\ue8fc' data-av_iconfont='entypo-fontello' title='' data-avia-related-tooltip='Compartir en LinkedIn' rel=\"noopener\"><span class='avia_hidden_link_text'>Compartir en LinkedIn<\/span><\/a><\/li><li class='av-share-link av-social-link-mail' ><a  aria-label=\"Compartir por correo\" href='mailto:?subject=Reforma%20de%20Pensiones%3A%20se%20realiz%C3%B3%20despliegue%20en%20la%20zona%20sur%20de%20la%20Regi%C3%B3n%20de%20Ays%C3%A9n%20para%20informar%20a%20la%20comunidad&#038;body=https:\/\/radiorevelacionfm.cl\/?p=61114' aria-hidden='false' data-av_icon='\ue805' data-av_iconfont='entypo-fontello' title='' data-avia-related-tooltip='Compartir por correo'><span class='avia_hidden_link_text'>Compartir por correo<\/span><\/a><\/li><\/ul><\/div><\/div>\n<div  style='height:50px' class='hr hr-invisible   avia-builder-el-8  el_after_av_social_share  el_before_av_comments_list '><span class='hr-inner ' ><span class='hr-inner-style'><\/span><\/span><\/div>\n<div  class='av-buildercomment  av-blog-meta-html-info-disabled av-blog-meta-tag-disabled  '><\/div>\n","protected":false},"excerpt":{"rendered":"","protected":false},"author":1,"featured_media":61115,"comment_status":"closed","ping_status":"closed","sticky":false,"template":"","format":"standard","meta":{"footnotes":""},"categories":[62],"tags":[],"class_list":["post-61114","post","type-post","status-publish","format-standard","has-post-thumbnail","hentry","category-social"],"jetpack_featured_media_url":"https:\/\/radiorevelacionfm.cl\/wp-content\/uploads\/2025\/11\/ReformaPensiones_ProvCapPrat-6-1-1.jpeg","_links":{"self":[{"href":"https:\/\/radiorevelacionfm.cl\/index.php?rest_route=\/wp\/v2\/posts\/61114","targetHints":{"allow":["GET"]}}],"collection":[{"href":"https:\/\/radiorevelacionfm.cl\/index.php?rest_route=\/wp\/v2\/posts"}],"about":[{"href":"https:\/\/radiorevelacionfm.cl\/index.php?rest_route=\/wp\/v2\/types\/post"}],"author":[{"embeddable":true,"href":"https:\/\/radiorevelacionfm.cl\/index.php?rest_route=\/wp\/v2\/users\/1"}],"replies":[{"embeddable":true,"href":"https:\/\/radiorevelacionfm.cl\/index.php?rest_route=%2Fwp%2Fv2%2Fcomments&post=61114"}],"version-history":[{"count":2,"href":"https:\/\/radiorevelacionfm.cl\/index.php?rest_route=\/wp\/v2\/posts\/61114\/revisions"}],"predecessor-version":[{"id":61117,"href":"https:\/\/radiorevelacionfm.cl\/index.php?rest_route=\/wp\/v2\/posts\/61114\/revisions\/61117"}],"wp:featuredmedia":[{"embeddable":true,"href":"https:\/\/radiorevelacionfm.cl\/index.php?rest_route=\/wp\/v2\/media\/61115"}],"wp:attachment":[{"href":"https:\/\/radiorevelacionfm.cl\/index.php?rest_route=%2Fwp%2Fv2%2Fmedia&parent=61114"}],"wp:term":[{"taxonomy":"category","embeddable":true,"href":"https:\/\/radiorevelacionfm.cl\/index.php?rest_route=%2Fwp%2Fv2%2Fcategories&post=61114"},{"taxonomy":"post_tag","embeddable":true,"href":"https:\/\/radiorevelacionfm.cl\/index.php?rest_route=%2Fwp%2Fv2%2Ftags&post=61114"}],"curies":[{"name":"wp","href":"https:\/\/api.w.org\/{rel}","templated":true}]}}