{"id":61110,"date":"2025-11-05T17:06:00","date_gmt":"2025-11-05T20:06:00","guid":{"rendered":"https:\/\/radiorevelacionfm.cl\/?p=61110"},"modified":"2025-11-05T17:06:00","modified_gmt":"2025-11-05T20:06:00","slug":"buzos-del-litoral-se-capacitaron-en-riesgos-del-buceo","status":"publish","type":"post","link":"https:\/\/radiorevelacionfm.cl\/?p=61110","title":{"rendered":"Buzos del litoral se capacitaron en riesgos del buceo"},"content":{"rendered":"<div class=\"flex_column av_one_full  flex_column_div av-zero-column-padding first  avia-builder-el-0  el_before_av_one_full  avia-builder-el-first  \" style='border-radius:0px; '><div  class='avia-image-container  av-styling-    avia-builder-el-1  avia-builder-el-no-sibling  avia-align-center '  itemprop=\"image\" itemscope=\"itemscope\" itemtype=\"https:\/\/schema.org\/ImageObject\"  ><div class='avia-image-container-inner'><div class='avia-image-overlay-wrap'><img decoding=\"async\" class='wp-image-61111 avia-img-lazy-loading-not-61111 avia_image' src=\"https:\/\/radiorevelacionfm.cl\/wp-content\/uploads\/2025\/11\/seguridad-en-buceo-1_optimized.jpg\" alt='' title='seguridad-en-buceo-(1)_optimized' height=\"600\" width=\"800\"  itemprop=\"thumbnailUrl\" srcset=\"https:\/\/radiorevelacionfm.cl\/wp-content\/uploads\/2025\/11\/seguridad-en-buceo-1_optimized.jpg 800w, https:\/\/radiorevelacionfm.cl\/wp-content\/uploads\/2025\/11\/seguridad-en-buceo-1_optimized-300x225.jpg 300w, https:\/\/radiorevelacionfm.cl\/wp-content\/uploads\/2025\/11\/seguridad-en-buceo-1_optimized-768x576.jpg 768w, https:\/\/radiorevelacionfm.cl\/wp-content\/uploads\/2025\/11\/seguridad-en-buceo-1_optimized-705x529.jpg 705w, https:\/\/radiorevelacionfm.cl\/wp-content\/uploads\/2025\/11\/seguridad-en-buceo-1_optimized-450x338.jpg 450w, https:\/\/radiorevelacionfm.cl\/wp-content\/uploads\/2025\/11\/seguridad-en-buceo-1_optimized-600x450.jpg 600w\" sizes=\"(max-width: 800px) 100vw, 800px\" \/><\/div><\/div><\/div><\/div><div class=\"flex_column av_one_full  flex_column_div av-zero-column-padding first  avia-builder-el-2  el_after_av_one_full  el_before_av_one_full  column-top-margin\" style='border-radius:0px; '><section class=\"av_textblock_section \"  itemscope=\"itemscope\" itemtype=\"https:\/\/schema.org\/BlogPosting\" itemprop=\"blogPost\" ><div class='avia_textblock  '   itemprop=\"text\" ><p style=\"text-align: center;\"><span style=\"font-size: 18pt;\"><strong>Buzos del litoral se capacitaron en riesgos del buceo<\/strong><\/span><\/p>\n<div id=\"gtx-trans\" style=\"position: absolute; left: -50px; top: 4.31534px;\">\n<div class=\"gtx-trans-icon\"><\/div>\n<\/div>\n<\/div><\/section><\/div><div class=\"flex_column av_one_full  flex_column_div av-zero-column-padding first  avia-builder-el-4  el_after_av_one_full  el_before_av_hr  column-top-margin\" style='border-radius:0px; '><section class=\"av_textblock_section \"  itemscope=\"itemscope\" itemtype=\"https:\/\/schema.org\/BlogPosting\" itemprop=\"blogPost\" ><div class='avia_textblock  '   itemprop=\"text\" ><p style=\"text-align: justify;\"><em>La actividad, organizada por la Seremi de Salud, cont\u00f3 con la participaci\u00f3n de destacados expositores en neurolog\u00eda y medicina hiperb\u00e1rica, para<\/em> <em>promover pr\u00e1cticas de buceo m\u00e1s seguras en el litoral aysenino.<\/em><\/p>\n<p style=\"text-align: justify;\">En la localidad de Melinka, cerca de treinta personas pertenecientes a sectores productivos, adem\u00e1s de personal de salud y de la Autoridad Mar\u00edtima, participaron en una capacitaci\u00f3n organizada por la Unidad de Salud Ocupacional de la Seremi de Salud Ays\u00e9n, sobre los efectos de la exposici\u00f3n a condiciones hiperb\u00e1ricas, el reconocimiento temprano de s\u00edntomas y los tratamientos adecuados para buzos que se encuentren expuestos a este tipo de riesgos.<\/p>\n<p style=\"text-align: justify;\">En esta actividad, se cont\u00f3 con la participaci\u00f3n del Dr. Jorge Calder\u00f3n Villarroel, especialista en neurolog\u00eda, subespecialista en Medicina Hiperb\u00e1rica y M\u00e1ster en Medicina Subacu\u00e1tica, lo cual fue destacado por el funcionario de Salud Ocupacional de la Seremi de Salud Ays\u00e9n, Carlos Arteaga Millacari, quien adem\u00e1s destac\u00f3 la importancia en la actualizaci\u00f3n de conocimientos por parte de los funcionarios de salud.\u00a0 \u201cMelinka es el sector de nuestra regi\u00f3n en el que se realiza la mayor cantidad de operaciones de buceo. Eso sumado a la amplia extensi\u00f3n territorial es sin duda un factor a considerar a la hora de evacuar a un trabajador cuya recuperaci\u00f3n y posibilidades de secuelas, sobre todo en el caso de la enfermedad descompresiva, depende de factores como el reconocimiento precoz de s\u00edntomas, de lo r\u00e1pido que es la evacuaci\u00f3n a un centro de salud y desde ah\u00ed a un centro de medicina hiperb\u00e1rica y de las medidas de primeros auxilios para lo cual las y los trabajadores deben estar preparados en los conocimientos y\u00a0 con los recursos suficientes . Por lo que contar con la relator\u00eda del doctor Calder\u00f3n, un referente nacional en materia de medicina subacu\u00e1tica, permite que las personas que est\u00e1n cerca de los procesos productivos y el personal de salud cuenten con la \u00faltima informaci\u00f3n respecto del reconocimiento de s\u00edntomas, del tratamiento de primeros auxilios y de c\u00f3mo articular a la red para poder efectuar los traslados de forma eficiente,\u201d puntualiz\u00f3.<\/p>\n<p style=\"text-align: justify;\">Actualizaci\u00f3n de conocimientos sobre medicina hiperb\u00e1rica que tambi\u00e9n se desarroll\u00f3 en la ciudad de Puerto Ays\u00e9n, donde a trav\u00e9s de un seminario efectuado en el auditorio del hospital porte\u00f1o, se abord\u00f3 la Salud y Seguridad en el buceo, donde participaron expertos del \u00e1rea de salud, contratistas y buzos del sector acu\u00edcola.\u00a0 Iniciativa ampliamente valorada por la Seremi de Salud Ays\u00e9n, Gloria \u00c1guila Schmeisser. \u201cQuiero destacar la participaci\u00f3n del sector acu\u00edcola, la academia, y de la Autoridad Mar\u00edtima en este tipo de actividades organizadas desde el sector salud, donde nuestro principal objetivo es resguardar la salud de las y los trabajadores que se desempe\u00f1an en la zona del litoral, desarrollando faenas de buceo, que es un trabajo de altos riesgos, que requieren una constante actualizaci\u00f3n de conocimientos y de coordinaci\u00f3n entre distintos actores para prevenir accidentes asociados a estas actividades.\u00a0 Menci\u00f3n aparte, es la colaboraci\u00f3n de profesionales de la salud, como el Dr. Jorge Calder\u00f3n, experto en esta \u00e1rea de la medicina, quien siempre se traslada a nuestra regi\u00f3n para participar de estas iniciativas\u201d.<\/p>\n<p style=\"text-align: justify;\">Finalmente, cabe se\u00f1alar que en estas actividades se cont\u00f3 adem\u00e1s con destacados relatores como el Dr. Juan Carrillo Az\u00f3car, Mg. en Salud P\u00fablica, M\u00e1ster en Medicina y Fisiolog\u00eda del Sue\u00f1o; adem\u00e1s de Andr\u00e9s Roos Pizarro, Coordinador de Proyectos, Diver Alert Network (DAN), la Dra. Astrid Garrido de la Universidad de Ays\u00e9n, Dr. Felipe Meyer de la Universidad de Concepci\u00f3n y el Ing. Mauricio Cruz del ISP, la Sra. Lidia Arenas de la Direcci\u00f3n Nacional del Trabajo, Cabo 1\u00b0 Francisco Valenzuela Inspector local de buceo y los Sres. Juan Silva y Chritopher Du Toit, quienes lideran un proyecto que se elimina la exposici\u00f3n a Mon\u00f3xido de Carbono en las inmersiones con la implementaci\u00f3n de compresores el\u00e9ctricos.<\/p>\n<\/div><\/section><\/div><div  style='height:50px' class='hr hr-invisible   avia-builder-el-6  el_after_av_one_full  el_before_av_social_share '><span class='hr-inner ' ><span class='hr-inner-style'><\/span><\/span><\/div><\/p>\n<div  class='av-social-sharing-box  avia-builder-el-7  el_after_av_hr  el_before_av_hr  '><div class='av-share-box'><h5 class='av-share-link-description av-no-toc '>Compartir esta noticia<\/h5><ul class='av-share-box-list noLightbox'><li class='av-share-link av-social-link-facebook' ><a target=\"_blank\" aria-label=\"Compartir en Facebook\" href='https:\/\/www.facebook.com\/sharer.php?u=https:\/\/radiorevelacionfm.cl\/?p=61110&#038;t=Buzos%20del%20litoral%20se%20capacitaron%20en%20riesgos%20del%20buceo' aria-hidden='false' data-av_icon='\ue8f3' data-av_iconfont='entypo-fontello' title='' data-avia-related-tooltip='Compartir en Facebook' rel=\"noopener\"><span class='avia_hidden_link_text'>Compartir en Facebook<\/span><\/a><\/li><li class='av-share-link av-social-link-twitter' ><a target=\"_blank\" aria-label=\"Compartir en Twitter\" href='https:\/\/twitter.com\/share?text=Buzos%20del%20litoral%20se%20capacitaron%20en%20riesgos%20del%20buceo&#038;url=https:\/\/radiorevelacionfm.cl\/?p=61110' aria-hidden='false' data-av_icon='\ue8f1' data-av_iconfont='entypo-fontello' title='' data-avia-related-tooltip='Compartir en Twitter' rel=\"noopener\"><span class='avia_hidden_link_text'>Compartir en Twitter<\/span><\/a><\/li><li class='av-share-link av-social-link-whatsapp' ><a target=\"_blank\" aria-label=\"Compartir en Whatsapp\" href='https:\/\/api.whatsapp.com\/send?text=https:\/\/radiorevelacionfm.cl\/?p=61110' aria-hidden='false' data-av_icon='\uf232' data-av_iconfont='entypo-fontello' title='' data-avia-related-tooltip='Compartir en Whatsapp' rel=\"noopener\"><span class='avia_hidden_link_text'>Compartir en Whatsapp<\/span><\/a><\/li><li class='av-share-link av-social-link-linkedin' ><a target=\"_blank\" aria-label=\"Compartir en LinkedIn\" href='https:\/\/linkedin.com\/shareArticle?mini=true&#038;title=Buzos%20del%20litoral%20se%20capacitaron%20en%20riesgos%20del%20buceo&#038;url=https:\/\/radiorevelacionfm.cl\/?p=61110' aria-hidden='false' data-av_icon='\ue8fc' data-av_iconfont='entypo-fontello' title='' data-avia-related-tooltip='Compartir en LinkedIn' rel=\"noopener\"><span class='avia_hidden_link_text'>Compartir en LinkedIn<\/span><\/a><\/li><li class='av-share-link av-social-link-mail' ><a  aria-label=\"Compartir por correo\" href='mailto:?subject=Buzos%20del%20litoral%20se%20capacitaron%20en%20riesgos%20del%20buceo&#038;body=https:\/\/radiorevelacionfm.cl\/?p=61110' aria-hidden='false' data-av_icon='\ue805' data-av_iconfont='entypo-fontello' title='' data-avia-related-tooltip='Compartir por correo'><span class='avia_hidden_link_text'>Compartir por correo<\/span><\/a><\/li><\/ul><\/div><\/div>\n<div  style='height:50px' class='hr hr-invisible   avia-builder-el-8  el_after_av_social_share  el_before_av_comments_list '><span class='hr-inner ' ><span class='hr-inner-style'><\/span><\/span><\/div>\n<div  class='av-buildercomment  av-blog-meta-html-info-disabled av-blog-meta-tag-disabled  '><\/div>\n","protected":false},"excerpt":{"rendered":"","protected":false},"author":1,"featured_media":61111,"comment_status":"closed","ping_status":"closed","sticky":false,"template":"","format":"standard","meta":{"footnotes":""},"categories":[38],"tags":[],"class_list":["post-61110","post","type-post","status-publish","format-standard","has-post-thumbnail","hentry","category-regional"],"jetpack_featured_media_url":"https:\/\/radiorevelacionfm.cl\/wp-content\/uploads\/2025\/11\/seguridad-en-buceo-1_optimized.jpg","_links":{"self":[{"href":"https:\/\/radiorevelacionfm.cl\/index.php?rest_route=\/wp\/v2\/posts\/61110","targetHints":{"allow":["GET"]}}],"collection":[{"href":"https:\/\/radiorevelacionfm.cl\/index.php?rest_route=\/wp\/v2\/posts"}],"about":[{"href":"https:\/\/radiorevelacionfm.cl\/index.php?rest_route=\/wp\/v2\/types\/post"}],"author":[{"embeddable":true,"href":"https:\/\/radiorevelacionfm.cl\/index.php?rest_route=\/wp\/v2\/users\/1"}],"replies":[{"embeddable":true,"href":"https:\/\/radiorevelacionfm.cl\/index.php?rest_route=%2Fwp%2Fv2%2Fcomments&post=61110"}],"version-history":[{"count":2,"href":"https:\/\/radiorevelacionfm.cl\/index.php?rest_route=\/wp\/v2\/posts\/61110\/revisions"}],"predecessor-version":[{"id":61113,"href":"https:\/\/radiorevelacionfm.cl\/index.php?rest_route=\/wp\/v2\/posts\/61110\/revisions\/61113"}],"wp:featuredmedia":[{"embeddable":true,"href":"https:\/\/radiorevelacionfm.cl\/index.php?rest_route=\/wp\/v2\/media\/61111"}],"wp:attachment":[{"href":"https:\/\/radiorevelacionfm.cl\/index.php?rest_route=%2Fwp%2Fv2%2Fmedia&parent=61110"}],"wp:term":[{"taxonomy":"category","embeddable":true,"href":"https:\/\/radiorevelacionfm.cl\/index.php?rest_route=%2Fwp%2Fv2%2Fcategories&post=61110"},{"taxonomy":"post_tag","embeddable":true,"href":"https:\/\/radiorevelacionfm.cl\/index.php?rest_route=%2Fwp%2Fv2%2Ftags&post=61110"}],"curies":[{"name":"wp","href":"https:\/\/api.w.org\/{rel}","templated":true}]}}