{"id":61104,"date":"2025-11-05T18:13:52","date_gmt":"2025-11-05T21:13:52","guid":{"rendered":"https:\/\/radiorevelacionfm.cl\/?p=61104"},"modified":"2025-11-05T18:13:52","modified_gmt":"2025-11-05T21:13:52","slug":"mineduc-y-achs-firman-en-coyhaique-convenio-para-fortalecer-la-inclusion-y-el-bienestar-en-contextos-educativos","status":"publish","type":"post","link":"https:\/\/radiorevelacionfm.cl\/?p=61104","title":{"rendered":"Mineduc y ACHS firman en Coyhaique convenio para fortalecer la inclusi\u00f3n y el bienestar en contextos educativos"},"content":{"rendered":"<div class=\"flex_column av_one_full  flex_column_div av-zero-column-padding first  avia-builder-el-0  el_before_av_one_full  avia-builder-el-first  \" style='border-radius:0px; '><div  class='avia-image-container  av-styling-    avia-builder-el-1  avia-builder-el-no-sibling  avia-align-center '  itemprop=\"image\" itemscope=\"itemscope\" itemtype=\"https:\/\/schema.org\/ImageObject\"  ><div class='avia-image-container-inner'><div class='avia-image-overlay-wrap'><img decoding=\"async\" class='wp-image-61105 avia-img-lazy-loading-not-61105 avia_image' src=\"https:\/\/radiorevelacionfm.cl\/wp-content\/uploads\/2025\/11\/a5e29892-1e6b-4e1b-9947-7015747d18b8-1-1.jpeg\" alt='' title='a5e29892-1e6b-4e1b-9947-7015747d18b8 (1) (1)' height=\"600\" width=\"900\"  itemprop=\"thumbnailUrl\" srcset=\"https:\/\/radiorevelacionfm.cl\/wp-content\/uploads\/2025\/11\/a5e29892-1e6b-4e1b-9947-7015747d18b8-1-1.jpeg 900w, https:\/\/radiorevelacionfm.cl\/wp-content\/uploads\/2025\/11\/a5e29892-1e6b-4e1b-9947-7015747d18b8-1-1-300x200.jpeg 300w, https:\/\/radiorevelacionfm.cl\/wp-content\/uploads\/2025\/11\/a5e29892-1e6b-4e1b-9947-7015747d18b8-1-1-768x512.jpeg 768w, https:\/\/radiorevelacionfm.cl\/wp-content\/uploads\/2025\/11\/a5e29892-1e6b-4e1b-9947-7015747d18b8-1-1-705x470.jpeg 705w, https:\/\/radiorevelacionfm.cl\/wp-content\/uploads\/2025\/11\/a5e29892-1e6b-4e1b-9947-7015747d18b8-1-1-450x300.jpeg 450w, https:\/\/radiorevelacionfm.cl\/wp-content\/uploads\/2025\/11\/a5e29892-1e6b-4e1b-9947-7015747d18b8-1-1-600x400.jpeg 600w\" sizes=\"(max-width: 900px) 100vw, 900px\" \/><\/div><\/div><\/div><\/div><div class=\"flex_column av_one_full  flex_column_div av-zero-column-padding first  avia-builder-el-2  el_after_av_one_full  el_before_av_one_full  column-top-margin\" style='border-radius:0px; '><section class=\"av_textblock_section \"  itemscope=\"itemscope\" itemtype=\"https:\/\/schema.org\/BlogPosting\" itemprop=\"blogPost\" ><div class='avia_textblock  '   itemprop=\"text\" ><p style=\"text-align: center;\"><span style=\"font-size: 18pt;\"><b>Mineduc y ACHS firman en Coyhaique convenio para fortalecer la inclusi\u00f3n y el bienestar en contextos educativos<\/b><\/span><\/p>\n<div id=\"gtx-trans\" style=\"position: absolute; left: -50px; top: 4.31534px;\">\n<div class=\"gtx-trans-icon\"><\/div>\n<\/div>\n<\/div><\/section><\/div><div class=\"flex_column av_one_full  flex_column_div av-zero-column-padding first  avia-builder-el-4  el_after_av_one_full  el_before_av_hr  column-top-margin\" style='border-radius:0px; '><section class=\"av_textblock_section \"  itemscope=\"itemscope\" itemtype=\"https:\/\/schema.org\/BlogPosting\" itemprop=\"blogPost\" ><div class='avia_textblock  '   itemprop=\"text\" ><p style=\"font-weight: 400; text-align: justify;\">La Seremi de Educaci\u00f3n Katherine Miqueles y la Gerenta Nacional de Operaciones de la Red de la Asociaci\u00f3n Chilena de Seguridad\u00a0Javiera Cabal\u00edn\u00a0firmaron el lunes 03 noviembre un convenio de colaboraci\u00f3n orientado a fortalecer el bienestar en las comunidades educativas del pa\u00eds.<\/p>\n<p style=\"font-weight: 400; text-align: justify;\">El acuerdo contempla capacitaciones, asesor\u00edas t\u00e9cnicas y herramientas preventivas dirigidas a docentes y asistentes de la educaci\u00f3n, con foco en la gesti\u00f3n de la diversidad y la convivencia.<\/p>\n<p style=\"font-weight: 400; text-align: justify;\">La firma de este convenio se realiz\u00f3 en el marco de una jornada difusi\u00f3n de este, en el que se inform\u00f3 sus alcances y beneficios a sostenedores y directores de establecimientos educacionales p\u00fablicos, particulares subvencionados y particulares pagados, encargados de convivencia educativa y coordinadores del Programa de Integraci\u00f3n Escolar de establecimientos educacionales las ciudades de Coyhaique y Puerto Ays\u00e9n como tambi\u00e9n a equipos Slep Ays\u00e9n y\u00a0del Mineduc en la regi\u00f3n.<\/p>\n<p style=\"font-weight: 400; text-align: justify;\">El convenio pone a disposici\u00f3n de las comunidades escolares herramientas que est\u00e1n especialmente dise\u00f1adas para acompa\u00f1ar la implementaci\u00f3n de pol\u00edticas como la Ley 21.545 (Ley de Autismo), respondiendo a la necesidad de construir entornos m\u00e1s inclusivos para estudiantes con Necesidades Educativas Especiales (NEE).<\/p>\n<p style=\"font-weight: 400; text-align: justify;\">Asimismo, como parte de la estrategia territorial, el convenio busca llegar a todas las comunidades educativas del pa\u00eds a trav\u00e9s de 15 Jornadas Regionales, con el desarrollo de espacios t\u00e9cnicos dirigidos a los equipos de los Servicios Locales de Educaci\u00f3n P\u00fablica y de los Departamentos de Administraci\u00f3n de Educaci\u00f3n Municipal (DAEM), enfocados en el despliegue operativo y resoluci\u00f3n de dudas. A este trabajo se suma una red de 98 facilitadores capacitados para impartir los cursos de manera presencial en los distintos territorios.<\/p>\n<p style=\"font-weight: 400; text-align: justify;\">Las capacitaciones incluyen contenidos como corregulaci\u00f3n emocional, gesti\u00f3n de situaciones desafiantes, bienestar laboral y estrategias de inclusi\u00f3n educativa. Todo el material contar\u00e1 con est\u00e1ndares de accesibilidad, como la incorporaci\u00f3n de lengua de se\u00f1as en las c\u00e1psulas audiovisuales, y estar\u00e1 disponible sin costo para las comunidades educativas. Todo el material mencionado est\u00e1 disponible en el sitio web\u00a0<a href=\"https:\/\/achsvirtual.achs.cl\/achs\/\" data-saferedirecturl=\"https:\/\/www.google.com\/url?q=https:\/\/achsvirtual.achs.cl\/achs\/&amp;source=gmail&amp;ust=1762456562953000&amp;usg=AOvVaw2Z7e8Jt6wYvrnnAub0oyOM\">https:\/\/achsvirtual.achs.cl\/achs\/<\/a>.<\/p>\n<p style=\"font-weight: 400; text-align: justify;\">La Seremi de Educaci\u00f3n Katherine Miqueles afirm\u00f3 que: \u201cEsta alianza de trabajo busca avanzar, en conjunto, hacia comunidades educativas m\u00e1s inclusivas, que abracen y valoren la diversidad de sus estudiantes, porque tenemos la profunda convicci\u00f3n de que todos y todas pueden aprender. Como Ministerio de Educaci\u00f3n, hemos avanzado decididamente en esa direcci\u00f3n, y por ello buscamos ampliar las acciones formativas impulsadas en el marco de la implementaci\u00f3n del Programa de Integraci\u00f3n Escolar, la Ley de Inclusi\u00f3n y la Ley N\u00b0 21.545, conocida como Ley de Autismo. Construir comunidades inclusivas no es una opci\u00f3n: es una responsabilidad ineludible del Estado y una tarea compartida por toda la sociedad. Solo mediante un compromiso articulado entre todos los actores del sistema educativo podremos asegurar que cada escuela sea un espacio de justicia, pertenencia y dignidad para cada ni\u00f1o, ni\u00f1a y joven de nuestro pa\u00eds.\u201d<\/p>\n<p style=\"font-weight: 400; text-align: justify;\">Por su parte, Javiera Cabal\u00edn de ACHS expres\u00f3 que \u201cEste trabajo conjunto que llevamos realizando hace meses tiene una importancia grande respecto al trabajo con la comunidad m\u00e1s all\u00e1 de la l\u00ednea laboral. La realidad en las instituciones escolares ha ido cambiando y la integraci\u00f3n e inclusi\u00f3n escolar son tem\u00e1ticas que han ido cobrando relevancia y nos desaf\u00edan para generar m\u00e1s y mejores herramientas para poner a disposici\u00f3n de profesores y equipos educativos y por eso queremos acercar a las comunidades escolares nuestras plataformas de capacitaci\u00f3n y asesor\u00edas\u201d.<\/p>\n<p style=\"font-weight: 400; text-align: justify;\">En tanto, Elliot G\u00e1rate profesional del equipo de Atenci\u00f3n a la Diversidad de la Divisi\u00f3n de Educaci\u00f3n General del Mineduc, se\u00f1al\u00f3 que es una tremenda oportunidad de concretar una alianza p\u00fablico &#8211; privada que nos permitir\u00e1 fortalecer las herramientas t\u00e9cnicas a los equipos educativos, tanto en la implementaci\u00f3n efectiva de la Ley de Autismo y para el cuidado y bienestar de todos los miembros a de la comunidad educativa y acompa\u00f1ar as\u00ed la construcci\u00f3n de comunidades inclusivas\u201d.<\/p>\n<\/div><\/section><\/div><div  style='height:50px' class='hr hr-invisible   avia-builder-el-6  el_after_av_one_full  el_before_av_social_share '><span class='hr-inner ' ><span class='hr-inner-style'><\/span><\/span><\/div><\/p>\n<div  class='av-social-sharing-box  avia-builder-el-7  el_after_av_hr  el_before_av_hr  '><div class='av-share-box'><h5 class='av-share-link-description av-no-toc '>Compartir esta noticia<\/h5><ul class='av-share-box-list noLightbox'><li class='av-share-link av-social-link-facebook' ><a target=\"_blank\" aria-label=\"Compartir en Facebook\" href='https:\/\/www.facebook.com\/sharer.php?u=https:\/\/radiorevelacionfm.cl\/?p=61104&#038;t=Mineduc%20y%20ACHS%20firman%20en%20Coyhaique%20convenio%20para%20fortalecer%20la%20inclusi%C3%B3n%20y%20el%20bienestar%20en%20contextos%20educativos' aria-hidden='false' data-av_icon='\ue8f3' data-av_iconfont='entypo-fontello' title='' data-avia-related-tooltip='Compartir en Facebook' rel=\"noopener\"><span class='avia_hidden_link_text'>Compartir en Facebook<\/span><\/a><\/li><li class='av-share-link av-social-link-twitter' ><a target=\"_blank\" aria-label=\"Compartir en Twitter\" href='https:\/\/twitter.com\/share?text=Mineduc%20y%20ACHS%20firman%20en%20Coyhaique%20convenio%20para%20fortalecer%20la%20inclusi%C3%B3n%20y%20el%20bienestar%20en%20contextos%20educativos&#038;url=https:\/\/radiorevelacionfm.cl\/?p=61104' aria-hidden='false' data-av_icon='\ue8f1' data-av_iconfont='entypo-fontello' title='' data-avia-related-tooltip='Compartir en Twitter' rel=\"noopener\"><span class='avia_hidden_link_text'>Compartir en Twitter<\/span><\/a><\/li><li class='av-share-link av-social-link-whatsapp' ><a target=\"_blank\" aria-label=\"Compartir en Whatsapp\" href='https:\/\/api.whatsapp.com\/send?text=https:\/\/radiorevelacionfm.cl\/?p=61104' aria-hidden='false' data-av_icon='\uf232' data-av_iconfont='entypo-fontello' title='' data-avia-related-tooltip='Compartir en Whatsapp' rel=\"noopener\"><span class='avia_hidden_link_text'>Compartir en Whatsapp<\/span><\/a><\/li><li class='av-share-link av-social-link-linkedin' ><a target=\"_blank\" aria-label=\"Compartir en LinkedIn\" href='https:\/\/linkedin.com\/shareArticle?mini=true&#038;title=Mineduc%20y%20ACHS%20firman%20en%20Coyhaique%20convenio%20para%20fortalecer%20la%20inclusi%C3%B3n%20y%20el%20bienestar%20en%20contextos%20educativos&#038;url=https:\/\/radiorevelacionfm.cl\/?p=61104' aria-hidden='false' data-av_icon='\ue8fc' data-av_iconfont='entypo-fontello' title='' data-avia-related-tooltip='Compartir en LinkedIn' rel=\"noopener\"><span class='avia_hidden_link_text'>Compartir en LinkedIn<\/span><\/a><\/li><li class='av-share-link av-social-link-mail' ><a  aria-label=\"Compartir por correo\" href='mailto:?subject=Mineduc%20y%20ACHS%20firman%20en%20Coyhaique%20convenio%20para%20fortalecer%20la%20inclusi%C3%B3n%20y%20el%20bienestar%20en%20contextos%20educativos&#038;body=https:\/\/radiorevelacionfm.cl\/?p=61104' aria-hidden='false' data-av_icon='\ue805' data-av_iconfont='entypo-fontello' title='' data-avia-related-tooltip='Compartir por correo'><span class='avia_hidden_link_text'>Compartir por correo<\/span><\/a><\/li><\/ul><\/div><\/div>\n<div  style='height:50px' class='hr hr-invisible   avia-builder-el-8  el_after_av_social_share  el_before_av_comments_list '><span class='hr-inner ' ><span class='hr-inner-style'><\/span><\/span><\/div>\n<div  class='av-buildercomment  av-blog-meta-html-info-disabled av-blog-meta-tag-disabled  '><\/div>\n","protected":false},"excerpt":{"rendered":"","protected":false},"author":1,"featured_media":61105,"comment_status":"closed","ping_status":"closed","sticky":false,"template":"","format":"standard","meta":{"footnotes":""},"categories":[49,46],"tags":[],"class_list":["post-61104","post","type-post","status-publish","format-standard","has-post-thumbnail","hentry","category-educacion","category-salud"],"jetpack_featured_media_url":"https:\/\/radiorevelacionfm.cl\/wp-content\/uploads\/2025\/11\/a5e29892-1e6b-4e1b-9947-7015747d18b8-1-1.jpeg","_links":{"self":[{"href":"https:\/\/radiorevelacionfm.cl\/index.php?rest_route=\/wp\/v2\/posts\/61104","targetHints":{"allow":["GET"]}}],"collection":[{"href":"https:\/\/radiorevelacionfm.cl\/index.php?rest_route=\/wp\/v2\/posts"}],"about":[{"href":"https:\/\/radiorevelacionfm.cl\/index.php?rest_route=\/wp\/v2\/types\/post"}],"author":[{"embeddable":true,"href":"https:\/\/radiorevelacionfm.cl\/index.php?rest_route=\/wp\/v2\/users\/1"}],"replies":[{"embeddable":true,"href":"https:\/\/radiorevelacionfm.cl\/index.php?rest_route=%2Fwp%2Fv2%2Fcomments&post=61104"}],"version-history":[{"count":2,"href":"https:\/\/radiorevelacionfm.cl\/index.php?rest_route=\/wp\/v2\/posts\/61104\/revisions"}],"predecessor-version":[{"id":61128,"href":"https:\/\/radiorevelacionfm.cl\/index.php?rest_route=\/wp\/v2\/posts\/61104\/revisions\/61128"}],"wp:featuredmedia":[{"embeddable":true,"href":"https:\/\/radiorevelacionfm.cl\/index.php?rest_route=\/wp\/v2\/media\/61105"}],"wp:attachment":[{"href":"https:\/\/radiorevelacionfm.cl\/index.php?rest_route=%2Fwp%2Fv2%2Fmedia&parent=61104"}],"wp:term":[{"taxonomy":"category","embeddable":true,"href":"https:\/\/radiorevelacionfm.cl\/index.php?rest_route=%2Fwp%2Fv2%2Fcategories&post=61104"},{"taxonomy":"post_tag","embeddable":true,"href":"https:\/\/radiorevelacionfm.cl\/index.php?rest_route=%2Fwp%2Fv2%2Ftags&post=61104"}],"curies":[{"name":"wp","href":"https:\/\/api.w.org\/{rel}","templated":true}]}}