{"id":61094,"date":"2025-11-04T19:44:39","date_gmt":"2025-11-04T22:44:39","guid":{"rendered":"https:\/\/radiorevelacionfm.cl\/?p=61094"},"modified":"2025-11-04T19:44:39","modified_gmt":"2025-11-04T22:44:39","slug":"infancias-que-crecen-en-comunidad-proyectos-ffoip-ninez-en-accion-fortalecen-la-participacion-de-ninos-ninas-y-adolescentes-en-aysen","status":"publish","type":"post","link":"https:\/\/radiorevelacionfm.cl\/?p=61094","title":{"rendered":"Infancias que crecen en comunidad: Proyectos FFOIP Ni\u00f1ez en Acci\u00f3n fortalecen la participaci\u00f3n de ni\u00f1os, ni\u00f1as y adolescentes en Ays\u00e9n"},"content":{"rendered":"<div class=\"flex_column av_one_full  flex_column_div av-zero-column-padding first  avia-builder-el-0  el_before_av_one_full  avia-builder-el-first  \" style='border-radius:0px; '><div  class='avia-image-container  av-styling-    avia-builder-el-1  avia-builder-el-no-sibling  avia-align-center '  itemprop=\"image\" itemscope=\"itemscope\" itemtype=\"https:\/\/schema.org\/ImageObject\"  ><div class='avia-image-container-inner'><div class='avia-image-overlay-wrap'><img decoding=\"async\" class='wp-image-61095 avia-img-lazy-loading-not-61095 avia_image' src=\"https:\/\/radiorevelacionfm.cl\/wp-content\/uploads\/2025\/11\/ffoip-ninez1-2-1_optimized.jpeg\" alt='' title='ffoip-ni\u00f1ez1-(2)-(1)_optimized' height=\"600\" width=\"1121\"  itemprop=\"thumbnailUrl\" srcset=\"https:\/\/radiorevelacionfm.cl\/wp-content\/uploads\/2025\/11\/ffoip-ninez1-2-1_optimized.jpeg 1121w, https:\/\/radiorevelacionfm.cl\/wp-content\/uploads\/2025\/11\/ffoip-ninez1-2-1_optimized-300x161.jpeg 300w, https:\/\/radiorevelacionfm.cl\/wp-content\/uploads\/2025\/11\/ffoip-ninez1-2-1_optimized-1030x551.jpeg 1030w, https:\/\/radiorevelacionfm.cl\/wp-content\/uploads\/2025\/11\/ffoip-ninez1-2-1_optimized-768x411.jpeg 768w, https:\/\/radiorevelacionfm.cl\/wp-content\/uploads\/2025\/11\/ffoip-ninez1-2-1_optimized-705x377.jpeg 705w, https:\/\/radiorevelacionfm.cl\/wp-content\/uploads\/2025\/11\/ffoip-ninez1-2-1_optimized-450x241.jpeg 450w, https:\/\/radiorevelacionfm.cl\/wp-content\/uploads\/2025\/11\/ffoip-ninez1-2-1_optimized-600x321.jpeg 600w\" sizes=\"(max-width: 1121px) 100vw, 1121px\" \/><\/div><\/div><\/div><\/div><div class=\"flex_column av_one_full  flex_column_div av-zero-column-padding first  avia-builder-el-2  el_after_av_one_full  el_before_av_one_full  column-top-margin\" style='border-radius:0px; '><section class=\"av_textblock_section \"  itemscope=\"itemscope\" itemtype=\"https:\/\/schema.org\/BlogPosting\" itemprop=\"blogPost\" ><div class='avia_textblock  '   itemprop=\"text\" ><p style=\"text-align: center;\"><span style=\"font-size: 18pt;\"><strong>Infancias que crecen en comunidad: Proyectos FFOIP Ni\u00f1ez en Acci\u00f3n fortalecen la participaci\u00f3n de ni\u00f1os, ni\u00f1as y adolescentes en Ays\u00e9n<\/strong><\/span><\/p>\n<div id=\"gtx-trans\" style=\"position: absolute; left: -50px; top: 4.31534px;\">\n<div class=\"gtx-trans-icon\"><\/div>\n<\/div>\n<\/div><\/section><\/div><div class=\"flex_column av_one_full  flex_column_div av-zero-column-padding first  avia-builder-el-4  el_after_av_one_full  el_before_av_hr  column-top-margin\" style='border-radius:0px; '><section class=\"av_textblock_section \"  itemscope=\"itemscope\" itemtype=\"https:\/\/schema.org\/BlogPosting\" itemprop=\"blogPost\" ><div class='avia_textblock  '   itemprop=\"text\" ><p style=\"text-align: justify;\">Una serie de proyectos, financiados por el Fondo de Fortalecimiento de Organizaciones de Inter\u00e9s P\u00fablico (FFOIP-L\u00ednea Ni\u00f1ez) del Ministerio Secretar\u00eda General de Gobierno (Segegob) en conjunto con la Subsecretar\u00eda de la Ni\u00f1ez, han tenido una exitosa finalizaci\u00f3n en la regi\u00f3n de Ays\u00e9n. Estas iniciativas marcan un hito en la promoci\u00f3n de la participaci\u00f3n activa de ni\u00f1os, ni\u00f1as y adolescentes (NNA) en sus comunidades, abarcando tem\u00e1ticas como la comunicaci\u00f3n radial, el deporte y las artes. Lo que demuestra que, \u00abcuando los ni\u00f1os y ni\u00f1as participan, el pa\u00eds crece con ellos\u00bb.<\/p>\n<p style=\"text-align: justify;\">La Seremi de Gobierno de Ays\u00e9n, \u00darsula Mix, quien encabez\u00f3 el Consejo Regional del FFOIP, destac\u00f3 la importancia de estas iniciativas: \u00abEstos proyectos son un claro ejemplo de que, cuando se entregan las herramientas y los espacios adecuados, nuestros ni\u00f1os, ni\u00f1as y adolescentes forman parte activa en sus comunidades. No son el futuro, son el presente de nuestra regi\u00f3n y su participaci\u00f3n es fundamental para construir una sociedad m\u00e1s democr\u00e1tica e inclusiva\u00bb.<\/p>\n<p style=\"text-align: justify;\">El Fondo de Fortalecimiento de Organizaciones de Inter\u00e9s P\u00fablico (FFOIP), del Ministerio Secretar\u00eda General de Gobierno, es un fondo concursable que apoya el trabajo de organizaciones sociales en la promoci\u00f3n de derechos ciudadanos y el desarrollo comunitario.<\/p>\n<p style=\"text-align: justify;\">El objetivo de la l\u00ednea Ni\u00f1ez del FFOIP es apoyar a organizaciones que trabajan en la promoci\u00f3n de la participaci\u00f3n social y comunitaria efectiva de Ni\u00f1as, Ni\u00f1os y Adolescentes (NNA), reconociendo sus capacidades y el valor de sus intereses en la construcci\u00f3n de una sociedad m\u00e1s democr\u00e1tica y horizontal.<\/p>\n<p style=\"text-align: justify;\">Entre los proyectos destacados que concluyeron su ejecuci\u00f3n se encuentran: <strong>\u00abVoces de la Ni\u00f1ez: Radio Escolar para el Buen Vivir\u00bb<\/strong>, proyecto del Centro de Padres de la Escuela Guido G\u00f3mez de Puerto Cisnes. Esta iniciativa permiti\u00f3 a los estudiantes desarrollar un espacio de comunicaci\u00f3n propio, donde aprendieron a producir contenido radial, expresar ideas y debatir temas relevantes para su comunidad escolar, fortaleciendo sus habilidades comunicativas y el sentido de pertenencia.<\/p>\n<p style=\"text-align: justify;\">Otro de los proyectos que se adjudicaron esta l\u00ednea es <strong>\u00abPeque\u00f1os Rel\u00e1mpagos Taller de Formaci\u00f3n Futbol\u00edstica\u00bb<\/strong>, proyecto del Club Deportivo Social Rel\u00e1mpago, en el que a trav\u00e9s del deporte, este taller foment\u00f3 el trabajo en equipo, la vida saludable y la disciplina, permitiendo a los participantes crecer en comunidad y construir futuro mientras aprenden jugando.<\/p>\n<p style=\"text-align: justify;\">El proyecto <strong>\u00abFormaci\u00f3n de basquetbol en la ni\u00f1ez\u00bb<\/strong> del Club Deportivo Academia de Basquetbol de Puerto Ays\u00e9n, entreg\u00f3 un espacio de desarrollo f\u00edsico y social, donde las ni\u00f1as, ni\u00f1os y adolescentes de la comuna porte\u00f1a fortalecieron su participaci\u00f3n a trav\u00e9s de la pr\u00e1ctica deportiva estructurada, aprendiendo valores y habilidades para la vida.<\/p>\n<p style=\"text-align: justify;\">Otro de los proyectos destacados fue <strong>\u00abCabalgando por la Inclusi\u00f3n\u00bb<\/strong> iniciativa del Centro General de Padres de la Escuela Nieves del Sur, este proyecto integr\u00f3 actividades ecuestres como herramienta de inclusi\u00f3n, facilitando la participaci\u00f3n de las y los menores con diversas capacidades, promoviendo la empat\u00eda y el respeto mutuo en un entorno natural.<\/p>\n<p style=\"text-align: justify;\">El proyecto del Grupo Juvenil Zonal Joven de Puerto Ib\u00e1\u00f1ez, <strong>\u00abRitmo y viento: batucada en acci\u00f3n\u00bb<\/strong>, utiliz\u00f3 la m\u00fasica y el ritmo de la batucada, para que los j\u00f3venes de Puerto Ib\u00e1\u00f1ez encontraran un canal de expresi\u00f3n art\u00edstica y organizaci\u00f3n colectiva, participando activamente en eventos comunitarios y demostrando el poder transformador de las artes juveniles.<\/p>\n<p style=\"text-align: justify;\">La finalizaci\u00f3n de estos proyectos marca un paso significativo en el compromiso regional con la Ley de Garant\u00edas y Protecci\u00f3n Integral de la Ni\u00f1ez, asegurando que cada ni\u00f1o, ni\u00f1a y adolescente cuente con las condiciones para el ejercicio efectivo de sus derechos.<\/p>\n<\/div><\/section><\/div><div  style='height:50px' class='hr hr-invisible   avia-builder-el-6  el_after_av_one_full  el_before_av_social_share '><span class='hr-inner ' ><span class='hr-inner-style'><\/span><\/span><\/div><\/p>\n<div  class='av-social-sharing-box  avia-builder-el-7  el_after_av_hr  el_before_av_hr  '><div class='av-share-box'><h5 class='av-share-link-description av-no-toc '>Compartir esta noticia<\/h5><ul class='av-share-box-list noLightbox'><li class='av-share-link av-social-link-facebook' ><a target=\"_blank\" aria-label=\"Compartir en Facebook\" href='https:\/\/www.facebook.com\/sharer.php?u=https:\/\/radiorevelacionfm.cl\/?p=61094&#038;t=Infancias%20que%20crecen%20en%20comunidad%3A%20Proyectos%20FFOIP%20Ni%C3%B1ez%20en%20Acci%C3%B3n%20fortalecen%20la%20participaci%C3%B3n%20de%20ni%C3%B1os%2C%20ni%C3%B1as%20y%20adolescentes%20en%20Ays%C3%A9n' aria-hidden='false' data-av_icon='\ue8f3' data-av_iconfont='entypo-fontello' title='' data-avia-related-tooltip='Compartir en Facebook' rel=\"noopener\"><span class='avia_hidden_link_text'>Compartir en Facebook<\/span><\/a><\/li><li class='av-share-link av-social-link-twitter' ><a target=\"_blank\" aria-label=\"Compartir en Twitter\" href='https:\/\/twitter.com\/share?text=Infancias%20que%20crecen%20en%20comunidad%3A%20Proyectos%20FFOIP%20Ni%C3%B1ez%20en%20Acci%C3%B3n%20fortalecen%20la%20participaci%C3%B3n%20de%20ni%C3%B1os%2C%20ni%C3%B1as%20y%20adolescentes%20en%20Ays%C3%A9n&#038;url=https:\/\/radiorevelacionfm.cl\/?p=61094' aria-hidden='false' data-av_icon='\ue8f1' data-av_iconfont='entypo-fontello' title='' data-avia-related-tooltip='Compartir en Twitter' rel=\"noopener\"><span class='avia_hidden_link_text'>Compartir en Twitter<\/span><\/a><\/li><li class='av-share-link av-social-link-whatsapp' ><a target=\"_blank\" aria-label=\"Compartir en Whatsapp\" href='https:\/\/api.whatsapp.com\/send?text=https:\/\/radiorevelacionfm.cl\/?p=61094' aria-hidden='false' data-av_icon='\uf232' data-av_iconfont='entypo-fontello' title='' data-avia-related-tooltip='Compartir en Whatsapp' rel=\"noopener\"><span class='avia_hidden_link_text'>Compartir en Whatsapp<\/span><\/a><\/li><li class='av-share-link av-social-link-linkedin' ><a target=\"_blank\" aria-label=\"Compartir en LinkedIn\" href='https:\/\/linkedin.com\/shareArticle?mini=true&#038;title=Infancias%20que%20crecen%20en%20comunidad%3A%20Proyectos%20FFOIP%20Ni%C3%B1ez%20en%20Acci%C3%B3n%20fortalecen%20la%20participaci%C3%B3n%20de%20ni%C3%B1os%2C%20ni%C3%B1as%20y%20adolescentes%20en%20Ays%C3%A9n&#038;url=https:\/\/radiorevelacionfm.cl\/?p=61094' aria-hidden='false' data-av_icon='\ue8fc' data-av_iconfont='entypo-fontello' title='' data-avia-related-tooltip='Compartir en LinkedIn' rel=\"noopener\"><span class='avia_hidden_link_text'>Compartir en LinkedIn<\/span><\/a><\/li><li class='av-share-link av-social-link-mail' ><a  aria-label=\"Compartir por correo\" href='mailto:?subject=Infancias%20que%20crecen%20en%20comunidad%3A%20Proyectos%20FFOIP%20Ni%C3%B1ez%20en%20Acci%C3%B3n%20fortalecen%20la%20participaci%C3%B3n%20de%20ni%C3%B1os%2C%20ni%C3%B1as%20y%20adolescentes%20en%20Ays%C3%A9n&#038;body=https:\/\/radiorevelacionfm.cl\/?p=61094' aria-hidden='false' data-av_icon='\ue805' data-av_iconfont='entypo-fontello' title='' data-avia-related-tooltip='Compartir por correo'><span class='avia_hidden_link_text'>Compartir por correo<\/span><\/a><\/li><\/ul><\/div><\/div>\n<div  style='height:50px' class='hr hr-invisible   avia-builder-el-8  el_after_av_social_share  el_before_av_comments_list '><span class='hr-inner ' ><span class='hr-inner-style'><\/span><\/span><\/div>\n<div  class='av-buildercomment  av-blog-meta-html-info-disabled av-blog-meta-tag-disabled  '><\/div>\n","protected":false},"excerpt":{"rendered":"","protected":false},"author":1,"featured_media":61095,"comment_status":"closed","ping_status":"closed","sticky":false,"template":"","format":"standard","meta":{"footnotes":""},"categories":[64],"tags":[],"class_list":["post-61094","post","type-post","status-publish","format-standard","has-post-thumbnail","hentry","category-infancia"],"jetpack_featured_media_url":"https:\/\/radiorevelacionfm.cl\/wp-content\/uploads\/2025\/11\/ffoip-ninez1-2-1_optimized.jpeg","_links":{"self":[{"href":"https:\/\/radiorevelacionfm.cl\/index.php?rest_route=\/wp\/v2\/posts\/61094","targetHints":{"allow":["GET"]}}],"collection":[{"href":"https:\/\/radiorevelacionfm.cl\/index.php?rest_route=\/wp\/v2\/posts"}],"about":[{"href":"https:\/\/radiorevelacionfm.cl\/index.php?rest_route=\/wp\/v2\/types\/post"}],"author":[{"embeddable":true,"href":"https:\/\/radiorevelacionfm.cl\/index.php?rest_route=\/wp\/v2\/users\/1"}],"replies":[{"embeddable":true,"href":"https:\/\/radiorevelacionfm.cl\/index.php?rest_route=%2Fwp%2Fv2%2Fcomments&post=61094"}],"version-history":[{"count":2,"href":"https:\/\/radiorevelacionfm.cl\/index.php?rest_route=\/wp\/v2\/posts\/61094\/revisions"}],"predecessor-version":[{"id":61098,"href":"https:\/\/radiorevelacionfm.cl\/index.php?rest_route=\/wp\/v2\/posts\/61094\/revisions\/61098"}],"wp:featuredmedia":[{"embeddable":true,"href":"https:\/\/radiorevelacionfm.cl\/index.php?rest_route=\/wp\/v2\/media\/61095"}],"wp:attachment":[{"href":"https:\/\/radiorevelacionfm.cl\/index.php?rest_route=%2Fwp%2Fv2%2Fmedia&parent=61094"}],"wp:term":[{"taxonomy":"category","embeddable":true,"href":"https:\/\/radiorevelacionfm.cl\/index.php?rest_route=%2Fwp%2Fv2%2Fcategories&post=61094"},{"taxonomy":"post_tag","embeddable":true,"href":"https:\/\/radiorevelacionfm.cl\/index.php?rest_route=%2Fwp%2Fv2%2Ftags&post=61094"}],"curies":[{"name":"wp","href":"https:\/\/api.w.org\/{rel}","templated":true}]}}