{"id":61091,"date":"2025-11-04T20:17:24","date_gmt":"2025-11-04T23:17:24","guid":{"rendered":"https:\/\/radiorevelacionfm.cl\/?p=61091"},"modified":"2025-11-04T20:17:24","modified_gmt":"2025-11-04T23:17:24","slug":"inacap-y-cpc-impulsan-la-feria-laboral-mas-grande-del-pais-con-mas-de-25-mil-ofertas","status":"publish","type":"post","link":"https:\/\/radiorevelacionfm.cl\/?p=61091","title":{"rendered":"INACAP y CPC impulsan la Feria Laboral m\u00e1s grande del pa\u00eds  con m\u00e1s de 25 mil ofertas"},"content":{"rendered":"<div class=\"flex_column av_one_full  flex_column_div av-zero-column-padding first  avia-builder-el-0  el_before_av_one_full  avia-builder-el-first  \" style='border-radius:0px; '><div  class='avia-image-container  av-styling-    avia-builder-el-1  avia-builder-el-no-sibling  avia-align-center '  itemprop=\"image\" itemscope=\"itemscope\" itemtype=\"https:\/\/schema.org\/ImageObject\"  ><div class='avia-image-container-inner'><div class='avia-image-overlay-wrap'><img decoding=\"async\" class='wp-image-61092 avia-img-lazy-loading-not-61092 avia_image' src=\"https:\/\/radiorevelacionfm.cl\/wp-content\/uploads\/2025\/11\/FOTO-FERIA-3-1-1.jpg\" alt='' title='FOTO FERIA 3 (1) (1)' height=\"600\" width=\"800\"  itemprop=\"thumbnailUrl\" srcset=\"https:\/\/radiorevelacionfm.cl\/wp-content\/uploads\/2025\/11\/FOTO-FERIA-3-1-1.jpg 800w, https:\/\/radiorevelacionfm.cl\/wp-content\/uploads\/2025\/11\/FOTO-FERIA-3-1-1-300x225.jpg 300w, https:\/\/radiorevelacionfm.cl\/wp-content\/uploads\/2025\/11\/FOTO-FERIA-3-1-1-768x576.jpg 768w, https:\/\/radiorevelacionfm.cl\/wp-content\/uploads\/2025\/11\/FOTO-FERIA-3-1-1-705x529.jpg 705w, https:\/\/radiorevelacionfm.cl\/wp-content\/uploads\/2025\/11\/FOTO-FERIA-3-1-1-450x338.jpg 450w, https:\/\/radiorevelacionfm.cl\/wp-content\/uploads\/2025\/11\/FOTO-FERIA-3-1-1-600x450.jpg 600w\" sizes=\"(max-width: 800px) 100vw, 800px\" \/><\/div><\/div><\/div><\/div><div class=\"flex_column av_one_full  flex_column_div av-zero-column-padding first  avia-builder-el-2  el_after_av_one_full  el_before_av_one_full  column-top-margin\" style='border-radius:0px; '><section class=\"av_textblock_section \"  itemscope=\"itemscope\" itemtype=\"https:\/\/schema.org\/BlogPosting\" itemprop=\"blogPost\" ><div class='avia_textblock  '   itemprop=\"text\" ><p style=\"text-align: center;\"><span style=\"font-size: 18pt;\"><strong>INACAP y CPC impulsan la Feria Laboral m\u00e1s grande del pa\u00eds\u00a0<\/strong><strong>con m\u00e1s de 25 mil ofertas <\/strong><\/span><\/p>\n<div id=\"gtx-trans\" style=\"position: absolute; left: -50px; top: 4.31534px;\">\n<div class=\"gtx-trans-icon\"><\/div>\n<\/div>\n<\/div><\/section><\/div><div class=\"flex_column av_one_full  flex_column_div av-zero-column-padding first  avia-builder-el-4  el_after_av_one_full  el_before_av_hr  column-top-margin\" style='border-radius:0px; '><section class=\"av_textblock_section \"  itemscope=\"itemscope\" itemtype=\"https:\/\/schema.org\/BlogPosting\" itemprop=\"blogPost\" ><div class='avia_textblock  '   itemprop=\"text\" ><p style=\"text-align: justify;\"><em>Abierta a toda la comunidad, la feria donde participan m\u00e1s de 1.200 empresas se extender\u00e1 de manera presencial hasta el 5 de noviembre en todas las Sedes de INACAP de norte a sur (en la RM en la sede Santiago Sur) y en modalidad online hasta este viernes a trav\u00e9s de <\/em><a href=\"http:\/\/www.inacap.cl\/ferialaboral\"><em>www.inacap.cl\/ferialaboral<\/em><\/a><em>.<\/em><\/p>\n<p style=\"text-align: justify;\">Con m\u00e1s de 25 mil ofertas laborales y la participaci\u00f3n de 1.200 empresas, la Feria Laboral INACAP-CPC se posiciona como la instancia m\u00e1s importante de empleabilidad presente a lo largo de todo el pa\u00eds. A la inauguraci\u00f3n, realizada en INACAP, participaron el Ministro del Trabajo y Previsi\u00f3n Social, Giorgio Boccardo; la presidenta de la Confederaci\u00f3n de la Producci\u00f3n y del Comercio, Susana Jim\u00e9nez; el Rector de dicha casa de estudios, Lucas Palacios, quienes destacaron el impacto de esta iniciativa que a\u00f1o a a\u00f1o se consolida como un puente entre las empresas, el talento y el desarrollo del pa\u00eds.<\/p>\n<p style=\"text-align: justify;\"><strong>\u00a0<\/strong>\u201cEsta feria que ofrece m\u00e1s de 25 mil puestos de trabajo nos llena de esperanza para avanzar en la b\u00fasqueda de un mejor futuro para las personas y para las empresas. Esta es una acci\u00f3n concreta para ofrecer m\u00e1s oportunidades de desarrollo y se alinea a una serie de iniciativas que impulsamos junto a INACAP en todo Chile, como los son los consejos productivos regionales. Desde la CPC los invitamos a mirar el futuro de la mano con las empresas porque estamos convencidos que acceder a un empleo permite una mayor movilidad social. Es as\u00ed como construirnos un Chile m\u00e1s pr\u00f3spero y con oportunidades para todos\u201d se\u00f1al\u00f3 Susana Jim\u00e9nez, presidenta de la Confederaci\u00f3n de la Producci\u00f3n y del Comercio.<\/p>\n<p style=\"text-align: justify;\"><strong>\u00a0<\/strong>Por su parte, Lucas Palacios, rector de INACAP agreg\u00f3 que \u201cla Feria Laboral INACAP-CPC que cumple tres a\u00f1os abierta a toda la comunidad, reafirma nuestro compromiso con Chile y el desarrollo de las personas, a trav\u00e9s de un espacio que permite conectar las necesidades de las empresas con quienes est\u00e1n buscando una oportunidad laboral. Cada a\u00f1o m\u00e1s empresas se han sumado a la feria m\u00e1s importante de Chile, eso nos enorgullece y nos demuestra que, cuando el mundo p\u00fablico, empresarial y acad\u00e9mico se unen, podemos impactar en todos los rincones del pa\u00eds\u201d.<\/p>\n<p style=\"text-align: justify;\">Las ofertas laborales consideran a diferentes sectores productivos como miner\u00eda, energ\u00eda, retail, log\u00edstica, salud, tecnolog\u00eda y servicios. Entre ellas CCU, Antofagasta Minerals, Metro, Carozzi, Banco de Chile, Cencosud, Camancha y PF Alimentos. Que ofrecen puestos tanta para profesionales, t\u00e9cnicos, empleos part-time y pr\u00e1cticas profesionales.<\/p>\n<p style=\"text-align: justify;\">El ministro del Trabajo y Previsi\u00f3n Social, Giorgio Boccardo, valor\u00f3 la articulaci\u00f3n entre el mundo formativo y el sector productivo como una pieza clave para el desarrollo del pa\u00eds y la inserci\u00f3n laboral de las nuevas generaciones, \u201ctanto en institutos profesionales p\u00fablicos como tambi\u00e9n en INACAP, uno ve con orgullo c\u00f3mo j\u00f3venes innovan, c\u00f3mo j\u00f3venes desarrollan nuevas habilidades para trabajar con robot, con programaci\u00f3n, con aspectos que les van a permitir justamente adaptarse a los requerimientos de un mercado laboral muy cambiante\u201d, se\u00f1al\u00f3.<\/p>\n<p style=\"text-align: justify;\">La Feria Laboral INACAP-CPC cuenta con jornadas presenciales el 4 y 5 de noviembre en las sedes de INACAP en todas las regiones del pa\u00eds, contar\u00e1 con apoyo y orientaci\u00f3n de expertos laborales en el mejoramiento del CV, entrenamiento para enfrentar una entrevista de trabajo, entre otros. Para quienes no puedan asistir de manera presencial, hasta el 7 de noviembre estar\u00e1 habilitada la plataforma online <a href=\"http:\/\/www.inacap.cl\/ferialaboral\">www.inacap.cl\/ferialaboral<\/a>, que permitir\u00e1 postular a ofertas desde cualquier lugar.<\/p>\n<p style=\"text-align: justify;\">En tanto, el vicerrector de INACAP sede Coyhaique, Patrice van de Maele Silva, se\u00f1al\u00f3 que \u201cLo que ocurre hoy en Sede Coyhaique es muy valioso: postulantes conversando cara a cara con empresas de sectores claves para Ays\u00e9n \u2014como log\u00edstica, construcci\u00f3n, comercio y servicios, tecnolog\u00eda\u2014, resolviendo dudas, afinando perfiles y encontrando oportunidades acordes a la realidad local. Esta es la esencia de la Feria INACAP\u2013CPC: un puente directo entre talento y necesidades reales del mercado.\u201d<\/p>\n<p style=\"text-align: justify;\"><strong>Emplea Chile INACAP: La plataforma web de la empleabilidad<\/strong><\/p>\n<p style=\"text-align: justify;\">Uno de los hitos de la inauguraci\u00f3n de la Feria Laboral INACAP-CPC fue la presentaci\u00f3n de Emplea Chile INACAP (https:\/\/emplea.inacap.cl\/), una plataforma web abierta a toda la comunidad que busca transformarse en la red gratuita de empleabilidad m\u00e1s grande a nivel nacional. Tiene como objetivo conectar diferentes oportunidades laborales durante todo el a\u00f1o con el talento de los trabajadores de Chile, utilizando la tecnolog\u00eda como principal herramienta.<\/p>\n<p style=\"text-align: justify;\">Esta plataforma ser\u00e1 una oportunidad de empleo a lo largo de todo el pa\u00eds, y para que quienes buscan trabajo, puedan prepararse y enfrentar nuevos desaf\u00edos con las herramientas adecuadas. Gracias a la tecnolog\u00eda y la IA, la plataforma ofrece adem\u00e1s con un coach laboral con IA y en Headhunter con IA (para empresas); entrenamiento para entrevistas con IA, entre otros servicios.<\/p>\n<\/div><\/section><\/div><div  style='height:50px' class='hr hr-invisible   avia-builder-el-6  el_after_av_one_full  el_before_av_social_share '><span class='hr-inner ' ><span class='hr-inner-style'><\/span><\/span><\/div><\/p>\n<div  class='av-social-sharing-box  avia-builder-el-7  el_after_av_hr  el_before_av_hr  '><div class='av-share-box'><h5 class='av-share-link-description av-no-toc '>Compartir esta noticia<\/h5><ul class='av-share-box-list noLightbox'><li class='av-share-link av-social-link-facebook' ><a target=\"_blank\" aria-label=\"Compartir en Facebook\" href='https:\/\/www.facebook.com\/sharer.php?u=https:\/\/radiorevelacionfm.cl\/?p=61091&#038;t=INACAP%20y%20CPC%20impulsan%20la%20Feria%20Laboral%20m%C3%A1s%20grande%20del%20pa%C3%ADs%20%20con%20m%C3%A1s%20de%2025%20mil%20ofertas' aria-hidden='false' data-av_icon='\ue8f3' data-av_iconfont='entypo-fontello' title='' data-avia-related-tooltip='Compartir en Facebook' rel=\"noopener\"><span class='avia_hidden_link_text'>Compartir en Facebook<\/span><\/a><\/li><li class='av-share-link av-social-link-twitter' ><a target=\"_blank\" aria-label=\"Compartir en Twitter\" href='https:\/\/twitter.com\/share?text=INACAP%20y%20CPC%20impulsan%20la%20Feria%20Laboral%20m%C3%A1s%20grande%20del%20pa%C3%ADs%20%20con%20m%C3%A1s%20de%2025%20mil%20ofertas&#038;url=https:\/\/radiorevelacionfm.cl\/?p=61091' aria-hidden='false' data-av_icon='\ue8f1' data-av_iconfont='entypo-fontello' title='' data-avia-related-tooltip='Compartir en Twitter' rel=\"noopener\"><span class='avia_hidden_link_text'>Compartir en Twitter<\/span><\/a><\/li><li class='av-share-link av-social-link-whatsapp' ><a target=\"_blank\" aria-label=\"Compartir en Whatsapp\" href='https:\/\/api.whatsapp.com\/send?text=https:\/\/radiorevelacionfm.cl\/?p=61091' aria-hidden='false' data-av_icon='\uf232' data-av_iconfont='entypo-fontello' title='' data-avia-related-tooltip='Compartir en Whatsapp' rel=\"noopener\"><span class='avia_hidden_link_text'>Compartir en Whatsapp<\/span><\/a><\/li><li class='av-share-link av-social-link-linkedin' ><a target=\"_blank\" aria-label=\"Compartir en LinkedIn\" href='https:\/\/linkedin.com\/shareArticle?mini=true&#038;title=INACAP%20y%20CPC%20impulsan%20la%20Feria%20Laboral%20m%C3%A1s%20grande%20del%20pa%C3%ADs%20%20con%20m%C3%A1s%20de%2025%20mil%20ofertas&#038;url=https:\/\/radiorevelacionfm.cl\/?p=61091' aria-hidden='false' data-av_icon='\ue8fc' data-av_iconfont='entypo-fontello' title='' data-avia-related-tooltip='Compartir en LinkedIn' rel=\"noopener\"><span class='avia_hidden_link_text'>Compartir en LinkedIn<\/span><\/a><\/li><li class='av-share-link av-social-link-mail' ><a  aria-label=\"Compartir por correo\" href='mailto:?subject=INACAP%20y%20CPC%20impulsan%20la%20Feria%20Laboral%20m%C3%A1s%20grande%20del%20pa%C3%ADs%20%20con%20m%C3%A1s%20de%2025%20mil%20ofertas&#038;body=https:\/\/radiorevelacionfm.cl\/?p=61091' aria-hidden='false' data-av_icon='\ue805' data-av_iconfont='entypo-fontello' title='' data-avia-related-tooltip='Compartir por correo'><span class='avia_hidden_link_text'>Compartir por correo<\/span><\/a><\/li><\/ul><\/div><\/div>\n<div  style='height:50px' class='hr hr-invisible   avia-builder-el-8  el_after_av_social_share  el_before_av_comments_list '><span class='hr-inner ' ><span class='hr-inner-style'><\/span><\/span><\/div>\n<div  class='av-buildercomment  av-blog-meta-html-info-disabled av-blog-meta-tag-disabled  '><\/div>\n","protected":false},"excerpt":{"rendered":"","protected":false},"author":1,"featured_media":61092,"comment_status":"closed","ping_status":"closed","sticky":false,"template":"","format":"standard","meta":{"footnotes":""},"categories":[56],"tags":[],"class_list":["post-61091","post","type-post","status-publish","format-standard","has-post-thumbnail","hentry","category-trabajo"],"jetpack_featured_media_url":"https:\/\/radiorevelacionfm.cl\/wp-content\/uploads\/2025\/11\/FOTO-FERIA-3-1-1.jpg","_links":{"self":[{"href":"https:\/\/radiorevelacionfm.cl\/index.php?rest_route=\/wp\/v2\/posts\/61091","targetHints":{"allow":["GET"]}}],"collection":[{"href":"https:\/\/radiorevelacionfm.cl\/index.php?rest_route=\/wp\/v2\/posts"}],"about":[{"href":"https:\/\/radiorevelacionfm.cl\/index.php?rest_route=\/wp\/v2\/types\/post"}],"author":[{"embeddable":true,"href":"https:\/\/radiorevelacionfm.cl\/index.php?rest_route=\/wp\/v2\/users\/1"}],"replies":[{"embeddable":true,"href":"https:\/\/radiorevelacionfm.cl\/index.php?rest_route=%2Fwp%2Fv2%2Fcomments&post=61091"}],"version-history":[{"count":2,"href":"https:\/\/radiorevelacionfm.cl\/index.php?rest_route=\/wp\/v2\/posts\/61091\/revisions"}],"predecessor-version":[{"id":61099,"href":"https:\/\/radiorevelacionfm.cl\/index.php?rest_route=\/wp\/v2\/posts\/61091\/revisions\/61099"}],"wp:featuredmedia":[{"embeddable":true,"href":"https:\/\/radiorevelacionfm.cl\/index.php?rest_route=\/wp\/v2\/media\/61092"}],"wp:attachment":[{"href":"https:\/\/radiorevelacionfm.cl\/index.php?rest_route=%2Fwp%2Fv2%2Fmedia&parent=61091"}],"wp:term":[{"taxonomy":"category","embeddable":true,"href":"https:\/\/radiorevelacionfm.cl\/index.php?rest_route=%2Fwp%2Fv2%2Fcategories&post=61091"},{"taxonomy":"post_tag","embeddable":true,"href":"https:\/\/radiorevelacionfm.cl\/index.php?rest_route=%2Fwp%2Fv2%2Ftags&post=61091"}],"curies":[{"name":"wp","href":"https:\/\/api.w.org\/{rel}","templated":true}]}}