{"id":61081,"date":"2025-11-04T18:12:08","date_gmt":"2025-11-04T21:12:08","guid":{"rendered":"https:\/\/radiorevelacionfm.cl\/?p=61081"},"modified":"2025-11-04T18:12:08","modified_gmt":"2025-11-04T21:12:08","slug":"hospital-regional-coyhaique-realiza-recorrido-y-charlas-vocacionales-a-estudiantes-de-liceos-emblematicos-de-coyhaique","status":"publish","type":"post","link":"https:\/\/radiorevelacionfm.cl\/?p=61081","title":{"rendered":"Hospital Regional Coyhaique realiza recorrido y charlas vocacionales a estudiantes de liceos emblem\u00e1ticos de Coyhaique"},"content":{"rendered":"<div class=\"flex_column av_one_full  flex_column_div av-zero-column-padding first  avia-builder-el-0  el_before_av_one_full  avia-builder-el-first  \" style='border-radius:0px; '><div  class='avia-image-container  av-styling-    avia-builder-el-1  avia-builder-el-no-sibling  avia-align-center '  itemprop=\"image\" itemscope=\"itemscope\" itemtype=\"https:\/\/schema.org\/ImageObject\"  ><div class='avia-image-container-inner'><div class='avia-image-overlay-wrap'><img decoding=\"async\" class='wp-image-61082 avia-img-lazy-loading-not-61082 avia_image' src=\"https:\/\/radiorevelacionfm.cl\/wp-content\/uploads\/2025\/11\/ACTIVIDAD-COLEGIOS-6-1-1.jpg\" alt='' title='ACTIVIDAD COLEGIOS (6) (1) (1)' height=\"600\" width=\"1066\"  itemprop=\"thumbnailUrl\" srcset=\"https:\/\/radiorevelacionfm.cl\/wp-content\/uploads\/2025\/11\/ACTIVIDAD-COLEGIOS-6-1-1.jpg 1066w, https:\/\/radiorevelacionfm.cl\/wp-content\/uploads\/2025\/11\/ACTIVIDAD-COLEGIOS-6-1-1-300x169.jpg 300w, https:\/\/radiorevelacionfm.cl\/wp-content\/uploads\/2025\/11\/ACTIVIDAD-COLEGIOS-6-1-1-1030x580.jpg 1030w, https:\/\/radiorevelacionfm.cl\/wp-content\/uploads\/2025\/11\/ACTIVIDAD-COLEGIOS-6-1-1-768x432.jpg 768w, https:\/\/radiorevelacionfm.cl\/wp-content\/uploads\/2025\/11\/ACTIVIDAD-COLEGIOS-6-1-1-705x397.jpg 705w, https:\/\/radiorevelacionfm.cl\/wp-content\/uploads\/2025\/11\/ACTIVIDAD-COLEGIOS-6-1-1-450x253.jpg 450w, https:\/\/radiorevelacionfm.cl\/wp-content\/uploads\/2025\/11\/ACTIVIDAD-COLEGIOS-6-1-1-600x338.jpg 600w\" sizes=\"(max-width: 1066px) 100vw, 1066px\" \/><\/div><\/div><\/div><\/div><div class=\"flex_column av_one_full  flex_column_div av-zero-column-padding first  avia-builder-el-2  el_after_av_one_full  el_before_av_one_full  column-top-margin\" style='border-radius:0px; '><section class=\"av_textblock_section \"  itemscope=\"itemscope\" itemtype=\"https:\/\/schema.org\/BlogPosting\" itemprop=\"blogPost\" ><div class='avia_textblock  '   itemprop=\"text\" ><p style=\"text-align: center;\"><span style=\"font-size: 18pt;\"><strong>Hospital Regional Coyhaique realiza recorrido y charlas vocacionales a estudiantes de liceos emblem\u00e1ticos de Coyhaique<\/strong><\/span><\/p>\n<div id=\"gtx-trans\" style=\"position: absolute; left: -50px; top: 4.31534px;\">\n<div class=\"gtx-trans-icon\"><\/div>\n<\/div>\n<\/div><\/section><\/div><div class=\"flex_column av_one_full  flex_column_div av-zero-column-padding first  avia-builder-el-4  el_after_av_one_full  el_before_av_hr  column-top-margin\" style='border-radius:0px; '><section class=\"av_textblock_section \"  itemscope=\"itemscope\" itemtype=\"https:\/\/schema.org\/BlogPosting\" itemprop=\"blogPost\" ><div class='avia_textblock  '   itemprop=\"text\" ><p style=\"text-align: justify;\"><em>La iniciativa busca aportar a que los j\u00f3venes interesados en carreras del \u00e1rea de la salud, puedan conocer in situ diversas profesiones y \u00e1reas hospitalarias, apoyando a una decisi\u00f3n informada y motiv\u00e1ndolos a ampliar su conocimiento.<\/em><\/p>\n<p style=\"text-align: justify;\">Con el objetivo de acercar el quehacer hospitalario a alumnos y alumnas de cuarto a\u00f1o medio interesados en continuar estudios superiores en el \u00e1rea de la salud, estudiantes de los liceos San Felipe Benicio y Josefina Aguirre Montenegro fueron parte de una experiencia de inmersi\u00f3n en el Hospital Regional Coyhaique, destinada a apoyar en el proceso de orientaci\u00f3n vocacional de las y los j\u00f3venes de la regi\u00f3n.<\/p>\n<p style=\"text-align: justify;\">Esta iniciativa, liderada por el Dr. Days Avaria, jefe de Neurocirug\u00eda del HRC, surgi\u00f3 en el a\u00f1o 2023, y dado a los buenos resultados, fue replicada este a\u00f1o, con la intenci\u00f3n de que \u00e9sta se vuelva una tradici\u00f3n dentro de las actividades de participaci\u00f3n ciudadana del establecimiento.<\/p>\n<p style=\"text-align: justify;\">\u201cHace algunos a\u00f1os comenzamos con un grupo de colegas y profesionales de la salud a interesarnos en poder mostrar a la poblaci\u00f3n adolescente, fundamentalmente de liceos, lo que significan algunas carreras de la salud, para poder orientarlos y que conozcan de qu\u00e9 manera vivimos cotidianamente nuestro trabajo\u201d, explica el Dr. Avaria.<\/p>\n<p style=\"text-align: justify;\">El especialista hizo hincapi\u00e9 en que una de las grandes brechas en el proceso de orientaci\u00f3n vocacional, sobre todo en el \u00e1mbito de la salud en la regi\u00f3n de Ays\u00e9n, es la falta de espacios donde los j\u00f3venes puedan ver in situ la labor que realizan los diversos profesionales que se desempe\u00f1an en el \u00e1mbito hospitalario, por lo que conocer relatos en primera persona, sumado a una visita a lugares clave del Hospital Regional, tales como Pabell\u00f3n, Laboratorio Cl\u00ednico y el Servicio de Imagenolog\u00eda, sin duda es un gran apoyo en este proceso previo a rendir la Prueba de Acceso a la Educaci\u00f3n Superior (PAES).<\/p>\n<p style=\"text-align: justify;\">\u201cParticipan de esta jornada de orientaci\u00f3n tecn\u00f3logos m\u00e9dicos, enfermeros, kinesi\u00f3logos, dentistas, y m\u00e9dicos cirujanos, entre otros, haciendo una exposici\u00f3n breve sobre en qu\u00e9 consiste las carreras, mallas curriculares, empleabilidad, etc\u00e9tera, la que se realiza en el Colegio M\u00e9dico. Despu\u00e9s de eso, nos traemos a las y los j\u00f3venes al Hospital y ah\u00ed hacemos un ejercicio de inmersi\u00f3n\u201d, destac\u00f3 el Dr. Avaria.<\/p>\n<p style=\"text-align: justify;\">Esta visi\u00f3n es respaldada por Pamela Mart\u00ednez, orientadora del Liceo San Felipe Benicio, quien junto con agradecer esta experiencia \u00fanica para los alumnos, destac\u00f3 que pr\u00e1cticamente la totalidad de los j\u00f3venes que participaron en esta primera experiencia, en el a\u00f1o 2023, actualmente se encuentran cursando carreras del \u00e1rea de la salud, hecho que sin duda reafirma la efectividad de estas iniciativas de responsabilidad social con las nuevas generaciones.<\/p>\n<p style=\"text-align: justify;\">\u201cFue muy relevante para ellos poder vivenciar y ver de cerca lo que significa trabajar en salud, y muchos de ellos siguieron una carrera en esta \u00e1rea. Desde la conversaci\u00f3n, las vivencias y la experiencia no solo en el \u00e1rea laboral, sino tambi\u00e9n de los estudios, lo que les sirvi\u00f3 para confirmar si era o no lo la l\u00ednea que quer\u00edan seguir en la vida\u201d, destac\u00f3 Pamela Mart\u00ednez.<\/p>\n<p style=\"text-align: justify;\">En ese sentido, la orientadora del Liceo San Felipe Benicio, agreg\u00f3 que \u201ces una tremenda oportunidad la que tienen nuestros estudiantes de vivir muy de cerca lo que significa este compromiso con la salud, y a partir de estas conversaciones tan importantes, interesantes y humanas, puedan descubrir y confirmar lo que posiblemente sea su vocaci\u00f3n\u201d, sostuvo la orientadora del Liceo San Felipe\u201d.<\/p>\n<p><strong>ESTUDIANTES<\/strong><\/p>\n<p>Ana\u00ed V\u00e1squez, estudiante del Liceo San Felipe Benicio, comparti\u00f3 sus impresiones de la jornada que vivi\u00f3 en las charlas y en terreno dentro del HRC \u201cfue una experiencia muy bonita. Desde antes que estaba pensando estudiar enfermer\u00eda y fue una s\u00faper buena oportunidad para aprender. Siento que esto tambi\u00e9n me est\u00e1 preparando para lo que sigue\u201d.<\/p>\n<p>Visi\u00f3n similar es la de Alma Barcel\u00f3, quien quiere estudiar Medicina. \u201cEstamos muy agradecidos por el tiempo que nos dedicaron, y sin duda esto me ayud\u00f3 a aclarar m\u00e1s mis metas, mis sue\u00f1os y lo que quiero hacer para mi futuro\u201d, expres\u00f3.<\/p>\n<\/div><\/section><\/div><div  style='height:50px' class='hr hr-invisible   avia-builder-el-6  el_after_av_one_full  el_before_av_social_share '><span class='hr-inner ' ><span class='hr-inner-style'><\/span><\/span><\/div><\/p>\n<div  class='av-social-sharing-box  avia-builder-el-7  el_after_av_hr  el_before_av_hr  '><div class='av-share-box'><h5 class='av-share-link-description av-no-toc '>Compartir esta noticia<\/h5><ul class='av-share-box-list noLightbox'><li class='av-share-link av-social-link-facebook' ><a target=\"_blank\" aria-label=\"Compartir en Facebook\" href='https:\/\/www.facebook.com\/sharer.php?u=https:\/\/radiorevelacionfm.cl\/?p=61081&#038;t=Hospital%20Regional%20Coyhaique%20realiza%20recorrido%20y%20charlas%20vocacionales%20a%20estudiantes%20de%20liceos%20emblem%C3%A1ticos%20de%20Coyhaique' aria-hidden='false' data-av_icon='\ue8f3' data-av_iconfont='entypo-fontello' title='' data-avia-related-tooltip='Compartir en Facebook' rel=\"noopener\"><span class='avia_hidden_link_text'>Compartir en Facebook<\/span><\/a><\/li><li class='av-share-link av-social-link-twitter' ><a target=\"_blank\" aria-label=\"Compartir en Twitter\" href='https:\/\/twitter.com\/share?text=Hospital%20Regional%20Coyhaique%20realiza%20recorrido%20y%20charlas%20vocacionales%20a%20estudiantes%20de%20liceos%20emblem%C3%A1ticos%20de%20Coyhaique&#038;url=https:\/\/radiorevelacionfm.cl\/?p=61081' aria-hidden='false' data-av_icon='\ue8f1' data-av_iconfont='entypo-fontello' title='' data-avia-related-tooltip='Compartir en Twitter' rel=\"noopener\"><span class='avia_hidden_link_text'>Compartir en Twitter<\/span><\/a><\/li><li class='av-share-link av-social-link-whatsapp' ><a target=\"_blank\" aria-label=\"Compartir en Whatsapp\" href='https:\/\/api.whatsapp.com\/send?text=https:\/\/radiorevelacionfm.cl\/?p=61081' aria-hidden='false' data-av_icon='\uf232' data-av_iconfont='entypo-fontello' title='' data-avia-related-tooltip='Compartir en Whatsapp' rel=\"noopener\"><span class='avia_hidden_link_text'>Compartir en Whatsapp<\/span><\/a><\/li><li class='av-share-link av-social-link-linkedin' ><a target=\"_blank\" aria-label=\"Compartir en LinkedIn\" href='https:\/\/linkedin.com\/shareArticle?mini=true&#038;title=Hospital%20Regional%20Coyhaique%20realiza%20recorrido%20y%20charlas%20vocacionales%20a%20estudiantes%20de%20liceos%20emblem%C3%A1ticos%20de%20Coyhaique&#038;url=https:\/\/radiorevelacionfm.cl\/?p=61081' aria-hidden='false' data-av_icon='\ue8fc' data-av_iconfont='entypo-fontello' title='' data-avia-related-tooltip='Compartir en LinkedIn' rel=\"noopener\"><span class='avia_hidden_link_text'>Compartir en LinkedIn<\/span><\/a><\/li><li class='av-share-link av-social-link-mail' ><a  aria-label=\"Compartir por correo\" href='mailto:?subject=Hospital%20Regional%20Coyhaique%20realiza%20recorrido%20y%20charlas%20vocacionales%20a%20estudiantes%20de%20liceos%20emblem%C3%A1ticos%20de%20Coyhaique&#038;body=https:\/\/radiorevelacionfm.cl\/?p=61081' aria-hidden='false' data-av_icon='\ue805' data-av_iconfont='entypo-fontello' title='' data-avia-related-tooltip='Compartir por correo'><span class='avia_hidden_link_text'>Compartir por correo<\/span><\/a><\/li><\/ul><\/div><\/div>\n<div  style='height:50px' class='hr hr-invisible   avia-builder-el-8  el_after_av_social_share  el_before_av_comments_list '><span class='hr-inner ' ><span class='hr-inner-style'><\/span><\/span><\/div>\n<div  class='av-buildercomment  av-blog-meta-html-info-disabled av-blog-meta-tag-disabled  '><\/div>\n","protected":false},"excerpt":{"rendered":"","protected":false},"author":1,"featured_media":61082,"comment_status":"closed","ping_status":"closed","sticky":false,"template":"","format":"standard","meta":{"footnotes":""},"categories":[49,46],"tags":[],"class_list":["post-61081","post","type-post","status-publish","format-standard","has-post-thumbnail","hentry","category-educacion","category-salud"],"jetpack_featured_media_url":"https:\/\/radiorevelacionfm.cl\/wp-content\/uploads\/2025\/11\/ACTIVIDAD-COLEGIOS-6-1-1.jpg","_links":{"self":[{"href":"https:\/\/radiorevelacionfm.cl\/index.php?rest_route=\/wp\/v2\/posts\/61081","targetHints":{"allow":["GET"]}}],"collection":[{"href":"https:\/\/radiorevelacionfm.cl\/index.php?rest_route=\/wp\/v2\/posts"}],"about":[{"href":"https:\/\/radiorevelacionfm.cl\/index.php?rest_route=\/wp\/v2\/types\/post"}],"author":[{"embeddable":true,"href":"https:\/\/radiorevelacionfm.cl\/index.php?rest_route=\/wp\/v2\/users\/1"}],"replies":[{"embeddable":true,"href":"https:\/\/radiorevelacionfm.cl\/index.php?rest_route=%2Fwp%2Fv2%2Fcomments&post=61081"}],"version-history":[{"count":2,"href":"https:\/\/radiorevelacionfm.cl\/index.php?rest_route=\/wp\/v2\/posts\/61081\/revisions"}],"predecessor-version":[{"id":61084,"href":"https:\/\/radiorevelacionfm.cl\/index.php?rest_route=\/wp\/v2\/posts\/61081\/revisions\/61084"}],"wp:featuredmedia":[{"embeddable":true,"href":"https:\/\/radiorevelacionfm.cl\/index.php?rest_route=\/wp\/v2\/media\/61082"}],"wp:attachment":[{"href":"https:\/\/radiorevelacionfm.cl\/index.php?rest_route=%2Fwp%2Fv2%2Fmedia&parent=61081"}],"wp:term":[{"taxonomy":"category","embeddable":true,"href":"https:\/\/radiorevelacionfm.cl\/index.php?rest_route=%2Fwp%2Fv2%2Fcategories&post=61081"},{"taxonomy":"post_tag","embeddable":true,"href":"https:\/\/radiorevelacionfm.cl\/index.php?rest_route=%2Fwp%2Fv2%2Ftags&post=61081"}],"curies":[{"name":"wp","href":"https:\/\/api.w.org\/{rel}","templated":true}]}}