{"id":61076,"date":"2025-11-04T16:00:12","date_gmt":"2025-11-04T19:00:12","guid":{"rendered":"https:\/\/radiorevelacionfm.cl\/?p=61076"},"modified":"2025-11-04T16:00:12","modified_gmt":"2025-11-04T19:00:12","slug":"mas-de-20-organizaciones-reciben-fondo-social-presidente-de-la-republica","status":"publish","type":"post","link":"https:\/\/radiorevelacionfm.cl\/?p=61076","title":{"rendered":"M\u00e1s de 20 organizaciones reciben Fondo Social Presidente de la Rep\u00fablica"},"content":{"rendered":"<div class=\"flex_column av_one_full  flex_column_div av-zero-column-padding first  avia-builder-el-0  el_before_av_one_full  avia-builder-el-first  \" style='border-radius:0px; '><div  class='avia-image-container  av-styling-    avia-builder-el-1  avia-builder-el-no-sibling  avia-align-center '  itemprop=\"image\" itemscope=\"itemscope\" itemtype=\"https:\/\/schema.org\/ImageObject\"  ><div class='avia-image-container-inner'><div class='avia-image-overlay-wrap'><img decoding=\"async\" class='wp-image-61077 avia-img-lazy-loading-not-61077 avia_image' src=\"https:\/\/radiorevelacionfm.cl\/wp-content\/uploads\/2025\/11\/20251028_181349-1-1.jpg\" alt='' title='20251028_181349 (1) (1)' height=\"600\" width=\"1066\"  itemprop=\"thumbnailUrl\" srcset=\"https:\/\/radiorevelacionfm.cl\/wp-content\/uploads\/2025\/11\/20251028_181349-1-1.jpg 1066w, https:\/\/radiorevelacionfm.cl\/wp-content\/uploads\/2025\/11\/20251028_181349-1-1-300x169.jpg 300w, https:\/\/radiorevelacionfm.cl\/wp-content\/uploads\/2025\/11\/20251028_181349-1-1-1030x580.jpg 1030w, https:\/\/radiorevelacionfm.cl\/wp-content\/uploads\/2025\/11\/20251028_181349-1-1-768x432.jpg 768w, https:\/\/radiorevelacionfm.cl\/wp-content\/uploads\/2025\/11\/20251028_181349-1-1-705x397.jpg 705w, https:\/\/radiorevelacionfm.cl\/wp-content\/uploads\/2025\/11\/20251028_181349-1-1-450x253.jpg 450w, https:\/\/radiorevelacionfm.cl\/wp-content\/uploads\/2025\/11\/20251028_181349-1-1-600x338.jpg 600w\" sizes=\"(max-width: 1066px) 100vw, 1066px\" \/><\/div><\/div><\/div><\/div><div class=\"flex_column av_one_full  flex_column_div av-zero-column-padding first  avia-builder-el-2  el_after_av_one_full  el_before_av_one_full  column-top-margin\" style='border-radius:0px; '><section class=\"av_textblock_section \"  itemscope=\"itemscope\" itemtype=\"https:\/\/schema.org\/BlogPosting\" itemprop=\"blogPost\" ><div class='avia_textblock  '   itemprop=\"text\" ><p style=\"text-align: center;\"><span style=\"font-size: 18pt;\"><b>M\u00e1s de 20 organizaciones reciben Fondo Social Presidente de la Rep\u00fablica<\/b><\/span><\/p>\n<div id=\"gtx-trans\" style=\"position: absolute; left: -50px; top: 4.31534px;\">\n<div class=\"gtx-trans-icon\"><\/div>\n<\/div>\n<\/div><\/section><\/div><div class=\"flex_column av_one_full  flex_column_div av-zero-column-padding first  avia-builder-el-4  el_after_av_one_full  el_before_av_hr  column-top-margin\" style='border-radius:0px; '><section class=\"av_textblock_section \"  itemscope=\"itemscope\" itemtype=\"https:\/\/schema.org\/BlogPosting\" itemprop=\"blogPost\" ><div class='avia_textblock  '   itemprop=\"text\" ><p style=\"font-weight: 400; text-align: justify;\"><em>Este Fondo promueve la integraci\u00f3n social y la construcci\u00f3n del tejido social, visibilizando su impacto en los territorios y mejorando su legitimidad y proyecci\u00f3n p\u00fablica.<\/em><\/p>\n<p style=\"font-weight: 400; text-align: justify;\">Un total de 23 organizaciones sociales, deportivas y culturales de la provincia de Coyhaique, recibieron recursos correspondientes al Fondo Social Presidente de la Rep\u00fablica, del Ministerio del Interior.<\/p>\n<p style=\"font-weight: 400; text-align: justify;\">El Delegado Presidencial Regional, Jorge D\u00edaz Guzm\u00e1n, entreg\u00f3 los recursos acompa\u00f1ado por la seremi de Gobierno, \u00darsula Mix Jim\u00e9nez, destacando que este fondo contribuye al fortalecimiento del tejido social y a la participaci\u00f3n ciudadana, entre otros aspectos.<\/p>\n<p style=\"font-weight: 400; text-align: justify;\">\u201cLo que pretende este fondo es generar cohesi\u00f3n social, es decir, dar una se\u00f1al muy clara y potente, respecto de la importancia de la organizaci\u00f3n de las personas para lograr propuestas, es decir, las organizaciones discuten lo que les aflige y postulan un proyecto que es de consenso. La organizaci\u00f3n, la cohesi\u00f3n de los vecinos en torno a objetivos comunes, genera el bienestar social y colectivo que todos queremos\u201d, indic\u00f3.<\/p>\n<p style=\"font-weight: 400; text-align: justify;\">Entre las organizaciones ejecutoras de proyectos, Lorena Luna, de las Artesanas de R\u00edo Claro tambi\u00e9n detall\u00f3 que \u201cnuestra agrupaci\u00f3n es sin fines de lucro, pertenecemos al sector R\u00edo Claro, y presentamos este proyecto para trabajar dentro de la comunidad. Por ejemplo, hicimos un aporte en gorros para el invierno a la Escuela Espa\u00f1a y todo lo que generamos, lo entregamos a alguna agrupaci\u00f3n o colegio. Es primera vez que postulamos al fondo y estamos agradecidas de haberlo obtenido\u201d.<\/p>\n<p style=\"font-weight: 400; text-align: justify;\">Del mismo modo destacan la comunidad\u00a0 Manuel Canum\u00e1n Canum\u00e1n, cuya presidenta Mar\u00eda Canum\u00e1n Paredes, explic\u00f3 la iniciativa a realizar.<\/p>\n<p style=\"font-weight: 400; text-align: justify;\">\u201cNuestro proyecto fue conversado con la comunidad y acordamos comprar una impresora y esc\u00e1ner m\u00e1s un notebook, pues en el colegio est\u00e1n ense\u00f1ando mapudung\u00fan y necesitan imprimir figuras para el aprendizaje. Al mismo tiempo, como monitora de telar, deb\u00eda estar pidiendo cada vez que necesitaba imprimir o escanear documentos, como fue la postulaci\u00f3n de este proyecto o para entregar mis saberes en telar mapuche-huilliche\u201d, relat\u00f3.<\/p>\n<p style=\"font-weight: 400; text-align: justify;\">En tanto, Manuel Uribe Zapata, dirigente del Centro General de Padres de la escuela Nieves del Sur, dijo que \u201cpostulamos un proyecto de cocina patagona, comprando implementaci\u00f3n, para que nuestros ni\u00f1os aprendan a cocinar desde primero b\u00e1sico. Es un trabajo conjunto con la escuela, tenemos monitores y el colegio pone los insumos. El proyecto es para fortalecer nuestra cocina y para que nuestros ni\u00f1os puedan trabajar, con mayor higiene y seguridad\u201d.<\/p>\n<p style=\"font-weight: 400; text-align: justify;\">M\u00e1s antecedentes sobre el Fondo Social Presidente de la Rep\u00fablica, est\u00e1n en las p\u00e1ginas de la Delegaci\u00f3n Presidencial Regional de Ays\u00e9n\u00a0<a href=\"http:\/\/dpraysen.dpr.gob.cl\/\" data-saferedirecturl=\"https:\/\/www.google.com\/url?q=http:\/\/dpraysen.dpr.gob.cl\/&amp;source=gmail&amp;ust=1762366677746000&amp;usg=AOvVaw0o8tN_LDkGcO9j_MdLXDJo\">dpraysen.dpr.gob.cl\/<\/a>\u00a0y\u00a0<a href=\"https:\/\/fondos.gob.cl\/\" data-saferedirecturl=\"https:\/\/www.google.com\/url?q=https:\/\/fondos.gob.cl\/&amp;source=gmail&amp;ust=1762366677746000&amp;usg=AOvVaw2Dcya8LpaiBRQgP15ElFpo\">https:\/\/fondos.gob.cl\/<\/a>.<\/p>\n<\/div><\/section><\/div><div  style='height:50px' class='hr hr-invisible   avia-builder-el-6  el_after_av_one_full  el_before_av_social_share '><span class='hr-inner ' ><span class='hr-inner-style'><\/span><\/span><\/div><\/p>\n<div  class='av-social-sharing-box  avia-builder-el-7  el_after_av_hr  el_before_av_hr  '><div class='av-share-box'><h5 class='av-share-link-description av-no-toc '>Compartir esta noticia<\/h5><ul class='av-share-box-list noLightbox'><li class='av-share-link av-social-link-facebook' ><a target=\"_blank\" aria-label=\"Compartir en Facebook\" href='https:\/\/www.facebook.com\/sharer.php?u=https:\/\/radiorevelacionfm.cl\/?p=61076&#038;t=M%C3%A1s%20de%2020%20organizaciones%20reciben%20Fondo%20Social%20Presidente%20de%20la%20Rep%C3%BAblica' aria-hidden='false' data-av_icon='\ue8f3' data-av_iconfont='entypo-fontello' title='' data-avia-related-tooltip='Compartir en Facebook' rel=\"noopener\"><span class='avia_hidden_link_text'>Compartir en Facebook<\/span><\/a><\/li><li class='av-share-link av-social-link-twitter' ><a target=\"_blank\" aria-label=\"Compartir en Twitter\" href='https:\/\/twitter.com\/share?text=M%C3%A1s%20de%2020%20organizaciones%20reciben%20Fondo%20Social%20Presidente%20de%20la%20Rep%C3%BAblica&#038;url=https:\/\/radiorevelacionfm.cl\/?p=61076' aria-hidden='false' data-av_icon='\ue8f1' data-av_iconfont='entypo-fontello' title='' data-avia-related-tooltip='Compartir en Twitter' rel=\"noopener\"><span class='avia_hidden_link_text'>Compartir en Twitter<\/span><\/a><\/li><li class='av-share-link av-social-link-whatsapp' ><a target=\"_blank\" aria-label=\"Compartir en Whatsapp\" href='https:\/\/api.whatsapp.com\/send?text=https:\/\/radiorevelacionfm.cl\/?p=61076' aria-hidden='false' data-av_icon='\uf232' data-av_iconfont='entypo-fontello' title='' data-avia-related-tooltip='Compartir en Whatsapp' rel=\"noopener\"><span class='avia_hidden_link_text'>Compartir en Whatsapp<\/span><\/a><\/li><li class='av-share-link av-social-link-linkedin' ><a target=\"_blank\" aria-label=\"Compartir en LinkedIn\" href='https:\/\/linkedin.com\/shareArticle?mini=true&#038;title=M%C3%A1s%20de%2020%20organizaciones%20reciben%20Fondo%20Social%20Presidente%20de%20la%20Rep%C3%BAblica&#038;url=https:\/\/radiorevelacionfm.cl\/?p=61076' aria-hidden='false' data-av_icon='\ue8fc' data-av_iconfont='entypo-fontello' title='' data-avia-related-tooltip='Compartir en LinkedIn' rel=\"noopener\"><span class='avia_hidden_link_text'>Compartir en LinkedIn<\/span><\/a><\/li><li class='av-share-link av-social-link-mail' ><a  aria-label=\"Compartir por correo\" href='mailto:?subject=M%C3%A1s%20de%2020%20organizaciones%20reciben%20Fondo%20Social%20Presidente%20de%20la%20Rep%C3%BAblica&#038;body=https:\/\/radiorevelacionfm.cl\/?p=61076' aria-hidden='false' data-av_icon='\ue805' data-av_iconfont='entypo-fontello' title='' data-avia-related-tooltip='Compartir por correo'><span class='avia_hidden_link_text'>Compartir por correo<\/span><\/a><\/li><\/ul><\/div><\/div>\n<div  style='height:50px' class='hr hr-invisible   avia-builder-el-8  el_after_av_social_share  el_before_av_comments_list '><span class='hr-inner ' ><span class='hr-inner-style'><\/span><\/span><\/div>\n<div  class='av-buildercomment  av-blog-meta-html-info-disabled av-blog-meta-tag-disabled  '><\/div>\n","protected":false},"excerpt":{"rendered":"","protected":false},"author":1,"featured_media":61077,"comment_status":"closed","ping_status":"closed","sticky":false,"template":"","format":"standard","meta":{"footnotes":""},"categories":[38],"tags":[],"class_list":["post-61076","post","type-post","status-publish","format-standard","has-post-thumbnail","hentry","category-regional"],"jetpack_featured_media_url":"https:\/\/radiorevelacionfm.cl\/wp-content\/uploads\/2025\/11\/20251028_181349-1-1.jpg","_links":{"self":[{"href":"https:\/\/radiorevelacionfm.cl\/index.php?rest_route=\/wp\/v2\/posts\/61076","targetHints":{"allow":["GET"]}}],"collection":[{"href":"https:\/\/radiorevelacionfm.cl\/index.php?rest_route=\/wp\/v2\/posts"}],"about":[{"href":"https:\/\/radiorevelacionfm.cl\/index.php?rest_route=\/wp\/v2\/types\/post"}],"author":[{"embeddable":true,"href":"https:\/\/radiorevelacionfm.cl\/index.php?rest_route=\/wp\/v2\/users\/1"}],"replies":[{"embeddable":true,"href":"https:\/\/radiorevelacionfm.cl\/index.php?rest_route=%2Fwp%2Fv2%2Fcomments&post=61076"}],"version-history":[{"count":2,"href":"https:\/\/radiorevelacionfm.cl\/index.php?rest_route=\/wp\/v2\/posts\/61076\/revisions"}],"predecessor-version":[{"id":61080,"href":"https:\/\/radiorevelacionfm.cl\/index.php?rest_route=\/wp\/v2\/posts\/61076\/revisions\/61080"}],"wp:featuredmedia":[{"embeddable":true,"href":"https:\/\/radiorevelacionfm.cl\/index.php?rest_route=\/wp\/v2\/media\/61077"}],"wp:attachment":[{"href":"https:\/\/radiorevelacionfm.cl\/index.php?rest_route=%2Fwp%2Fv2%2Fmedia&parent=61076"}],"wp:term":[{"taxonomy":"category","embeddable":true,"href":"https:\/\/radiorevelacionfm.cl\/index.php?rest_route=%2Fwp%2Fv2%2Fcategories&post=61076"},{"taxonomy":"post_tag","embeddable":true,"href":"https:\/\/radiorevelacionfm.cl\/index.php?rest_route=%2Fwp%2Fv2%2Ftags&post=61076"}],"curies":[{"name":"wp","href":"https:\/\/api.w.org\/{rel}","templated":true}]}}