{"id":61072,"date":"2025-11-04T15:17:23","date_gmt":"2025-11-04T18:17:23","guid":{"rendered":"https:\/\/radiorevelacionfm.cl\/?p=61072"},"modified":"2025-11-04T15:17:23","modified_gmt":"2025-11-04T18:17:23","slug":"comenzo-la-veda-biologica-del-erizo-en-aysen","status":"publish","type":"post","link":"https:\/\/radiorevelacionfm.cl\/?p=61072","title":{"rendered":"Comenz\u00f3 la veda biol\u00f3gica del erizo en Ays\u00e9n"},"content":{"rendered":"<div class=\"flex_column av_one_full  flex_column_div av-zero-column-padding first  avia-builder-el-0  el_before_av_one_full  avia-builder-el-first  \" style='border-radius:0px; '><div  class='avia-image-container  av-styling-    avia-builder-el-1  avia-builder-el-no-sibling  avia-align-center '  itemprop=\"image\" itemscope=\"itemscope\" itemtype=\"https:\/\/schema.org\/ImageObject\"  ><div class='avia-image-container-inner'><div class='avia-image-overlay-wrap'><img decoding=\"async\" class='wp-image-61073 avia-img-lazy-loading-not-61073 avia_image' src=\"https:\/\/radiorevelacionfm.cl\/wp-content\/uploads\/2025\/11\/7-45-1-1.jpg\" alt='' title='7 (45) (1) (1)' height=\"600\" width=\"1067\"  itemprop=\"thumbnailUrl\" srcset=\"https:\/\/radiorevelacionfm.cl\/wp-content\/uploads\/2025\/11\/7-45-1-1.jpg 1067w, https:\/\/radiorevelacionfm.cl\/wp-content\/uploads\/2025\/11\/7-45-1-1-300x169.jpg 300w, https:\/\/radiorevelacionfm.cl\/wp-content\/uploads\/2025\/11\/7-45-1-1-1030x579.jpg 1030w, https:\/\/radiorevelacionfm.cl\/wp-content\/uploads\/2025\/11\/7-45-1-1-768x432.jpg 768w, https:\/\/radiorevelacionfm.cl\/wp-content\/uploads\/2025\/11\/7-45-1-1-705x396.jpg 705w, https:\/\/radiorevelacionfm.cl\/wp-content\/uploads\/2025\/11\/7-45-1-1-450x253.jpg 450w, https:\/\/radiorevelacionfm.cl\/wp-content\/uploads\/2025\/11\/7-45-1-1-600x337.jpg 600w\" sizes=\"(max-width: 1067px) 100vw, 1067px\" \/><\/div><\/div><\/div><\/div><div class=\"flex_column av_one_full  flex_column_div av-zero-column-padding first  avia-builder-el-2  el_after_av_one_full  el_before_av_one_full  column-top-margin\" style='border-radius:0px; '><section class=\"av_textblock_section \"  itemscope=\"itemscope\" itemtype=\"https:\/\/schema.org\/BlogPosting\" itemprop=\"blogPost\" ><div class='avia_textblock  '   itemprop=\"text\" ><p style=\"text-align: center;\"><span style=\"font-size: 18pt;\"><b><span lang=\"ES\">Comenz\u00f3 la veda biol\u00f3gica del erizo en Ays\u00e9n<\/span><\/b><\/span><\/p>\n<div id=\"gtx-trans\" style=\"position: absolute; left: -50px; top: 4.31534px;\">\n<div class=\"gtx-trans-icon\"><\/div>\n<\/div>\n<\/div><\/section><\/div><div class=\"flex_column av_one_full  flex_column_div av-zero-column-padding first  avia-builder-el-4  el_after_av_one_full  el_before_av_hr  column-top-margin\" style='border-radius:0px; '><section class=\"av_textblock_section \"  itemscope=\"itemscope\" itemtype=\"https:\/\/schema.org\/BlogPosting\" itemprop=\"blogPost\" ><div class='avia_textblock  '   itemprop=\"text\" ><p style=\"font-weight: 400; text-align: justify;\">El Servicio Nacional de Pesca y Acuicultura (Sernapesca) inform\u00f3 que la temporada de erizo (<em>Loxechinus albus<\/em>)\u00a0finaliz\u00f3 el 30 de octubre del 2025 y permanecer\u00e1 cerrada hasta el 1 de marzo del a\u00f1o siguiente para la regi\u00f3n de Ays\u00e9n, de acuerdo con lo que indica la\u00a0Res exenta N\u00ba: Ays\u00e9n &#8211; 00275\/2025 por la veda biol\u00f3gica del recurso.<\/p>\n<p style=\"font-weight: 400; text-align: justify;\">Daniela Leiva, directora regional de Sernapesca en Ays\u00e9n, coment\u00f3: \u201cEl erizo es uno de los recursos pesqueros m\u00e1s importantes de nuestra regi\u00f3n, por lo que mantenemos fiscalizaciones permanentes durante todo el a\u00f1o para asegurar que la actividad extractiva se lleve a cabo dentro de las exigencias de la ley para el manejo responsable de este recurso, adem\u00e1s, estuvimos monitoreando y controlando los \u00faltimos desembarques de la temporada, cumpli\u00e9ndose el 100% de la cuota por parte de la flota artesanal que tiene el recurso inscrito, es decir,\u00a05.867,42 toneladas\u201d.<\/p>\n<p style=\"font-weight: 400; text-align: justify;\">En este sentido, Sernapesca entreg\u00f3 un balance sobre las fiscalizaciones que realiza en la zona contigua, con foco en la extracci\u00f3n de erizo, almeja y luga roja. En lo que va del a\u00f1o se han realizado 979 acciones de fiscalizaci\u00f3n en zona de pesca con apoyo de la Autoridad Mar\u00edtima y sobrevuelos, adem\u00e1s de controles en puntos de desembarque, medios de transporte y en toda la cadena de valor.<\/p>\n<p style=\"font-weight: 400; text-align: justify;\">Es importante resaltar, que el 70,5% de las acciones de fiscalizaci\u00f3n que realiza Sernapesca han estado focalizadas en controlar la medida de administraci\u00f3n de acceso, es decir, en verificar que los pescadores artesanales que operan en estas pesquer\u00edas cuenten con los permisos respectivos y en las \u00e1reas autorizadas.<\/p>\n<p style=\"font-weight: 400; text-align: justify;\">En cuanto a los hallazgos, Sernapesca inform\u00f3 que durante el 2025 se han cursado 22 citaciones y se han incautado 17,7 toneladas de recursos (72% correspondiente a erizo). El 81% de las faltas fueron cometidas por pescadores artesanales de la regi\u00f3n de Los Lagos, sin autorizaci\u00f3n para operar en la regi\u00f3n de Ays\u00e9n.<\/p>\n<p style=\"font-weight: 400; text-align: justify;\">Felipe Rojas, Seremi de Econom\u00eda, Fomento y Turismo, destac\u00f3 la relevancia de la actividad en la regi\u00f3n: \u201cse logr\u00f3 completar la cuota de extracci\u00f3n del recurso erizo en toda la regi\u00f3n, lo que se traduce en buenas noticias porque esto significa que cada uno de los pescadores y buzos que trabajan en el sector, lograron extraer completamente la cuota que ten\u00edan designada por parte del Comit\u00e9 Cient\u00edfico. En t\u00e9rminos pr\u00e1cticos esto significa que las familias podr\u00e1n disponer de mayores recursos econ\u00f3micos para su presupuesto familiar y sobre todo mejorar su bienestar en comunidades tan alejadas como Melinka. Esperamos que estas buenas noticias se repitan en los pr\u00f3ximos a\u00f1os a trav\u00e9s del apoyo de instituciones como Indespa, m\u00e1s el trabajo coordinado con Sernapesca y su fiscalizaci\u00f3n, al alero de una Subsecretar\u00eda de Pesca Regional\u201d.<\/p>\n<\/div><\/section><\/div><div  style='height:50px' class='hr hr-invisible   avia-builder-el-6  el_after_av_one_full  el_before_av_social_share '><span class='hr-inner ' ><span class='hr-inner-style'><\/span><\/span><\/div><\/p>\n<div  class='av-social-sharing-box  avia-builder-el-7  el_after_av_hr  el_before_av_hr  '><div class='av-share-box'><h5 class='av-share-link-description av-no-toc '>Compartir esta noticia<\/h5><ul class='av-share-box-list noLightbox'><li class='av-share-link av-social-link-facebook' ><a target=\"_blank\" aria-label=\"Compartir en Facebook\" href='https:\/\/www.facebook.com\/sharer.php?u=https:\/\/radiorevelacionfm.cl\/?p=61072&#038;t=Comenz%C3%B3%20la%20veda%20biol%C3%B3gica%20del%20erizo%20en%20Ays%C3%A9n' aria-hidden='false' data-av_icon='\ue8f3' data-av_iconfont='entypo-fontello' title='' data-avia-related-tooltip='Compartir en Facebook' rel=\"noopener\"><span class='avia_hidden_link_text'>Compartir en Facebook<\/span><\/a><\/li><li class='av-share-link av-social-link-twitter' ><a target=\"_blank\" aria-label=\"Compartir en Twitter\" href='https:\/\/twitter.com\/share?text=Comenz%C3%B3%20la%20veda%20biol%C3%B3gica%20del%20erizo%20en%20Ays%C3%A9n&#038;url=https:\/\/radiorevelacionfm.cl\/?p=61072' aria-hidden='false' data-av_icon='\ue8f1' data-av_iconfont='entypo-fontello' title='' data-avia-related-tooltip='Compartir en Twitter' rel=\"noopener\"><span class='avia_hidden_link_text'>Compartir en Twitter<\/span><\/a><\/li><li class='av-share-link av-social-link-whatsapp' ><a target=\"_blank\" aria-label=\"Compartir en Whatsapp\" href='https:\/\/api.whatsapp.com\/send?text=https:\/\/radiorevelacionfm.cl\/?p=61072' aria-hidden='false' data-av_icon='\uf232' data-av_iconfont='entypo-fontello' title='' data-avia-related-tooltip='Compartir en Whatsapp' rel=\"noopener\"><span class='avia_hidden_link_text'>Compartir en Whatsapp<\/span><\/a><\/li><li class='av-share-link av-social-link-linkedin' ><a target=\"_blank\" aria-label=\"Compartir en LinkedIn\" href='https:\/\/linkedin.com\/shareArticle?mini=true&#038;title=Comenz%C3%B3%20la%20veda%20biol%C3%B3gica%20del%20erizo%20en%20Ays%C3%A9n&#038;url=https:\/\/radiorevelacionfm.cl\/?p=61072' aria-hidden='false' data-av_icon='\ue8fc' data-av_iconfont='entypo-fontello' title='' data-avia-related-tooltip='Compartir en LinkedIn' rel=\"noopener\"><span class='avia_hidden_link_text'>Compartir en LinkedIn<\/span><\/a><\/li><li class='av-share-link av-social-link-mail' ><a  aria-label=\"Compartir por correo\" href='mailto:?subject=Comenz%C3%B3%20la%20veda%20biol%C3%B3gica%20del%20erizo%20en%20Ays%C3%A9n&#038;body=https:\/\/radiorevelacionfm.cl\/?p=61072' aria-hidden='false' data-av_icon='\ue805' data-av_iconfont='entypo-fontello' title='' data-avia-related-tooltip='Compartir por correo'><span class='avia_hidden_link_text'>Compartir por correo<\/span><\/a><\/li><\/ul><\/div><\/div>\n<div  style='height:50px' class='hr hr-invisible   avia-builder-el-8  el_after_av_social_share  el_before_av_comments_list '><span class='hr-inner ' ><span class='hr-inner-style'><\/span><\/span><\/div>\n<div  class='av-buildercomment  av-blog-meta-html-info-disabled av-blog-meta-tag-disabled  '><\/div>\n","protected":false},"excerpt":{"rendered":"","protected":false},"author":1,"featured_media":61073,"comment_status":"closed","ping_status":"closed","sticky":false,"template":"","format":"standard","meta":{"footnotes":""},"categories":[60],"tags":[],"class_list":["post-61072","post","type-post","status-publish","format-standard","has-post-thumbnail","hentry","category-pesca"],"jetpack_featured_media_url":"https:\/\/radiorevelacionfm.cl\/wp-content\/uploads\/2025\/11\/7-45-1-1.jpg","_links":{"self":[{"href":"https:\/\/radiorevelacionfm.cl\/index.php?rest_route=\/wp\/v2\/posts\/61072","targetHints":{"allow":["GET"]}}],"collection":[{"href":"https:\/\/radiorevelacionfm.cl\/index.php?rest_route=\/wp\/v2\/posts"}],"about":[{"href":"https:\/\/radiorevelacionfm.cl\/index.php?rest_route=\/wp\/v2\/types\/post"}],"author":[{"embeddable":true,"href":"https:\/\/radiorevelacionfm.cl\/index.php?rest_route=\/wp\/v2\/users\/1"}],"replies":[{"embeddable":true,"href":"https:\/\/radiorevelacionfm.cl\/index.php?rest_route=%2Fwp%2Fv2%2Fcomments&post=61072"}],"version-history":[{"count":2,"href":"https:\/\/radiorevelacionfm.cl\/index.php?rest_route=\/wp\/v2\/posts\/61072\/revisions"}],"predecessor-version":[{"id":61075,"href":"https:\/\/radiorevelacionfm.cl\/index.php?rest_route=\/wp\/v2\/posts\/61072\/revisions\/61075"}],"wp:featuredmedia":[{"embeddable":true,"href":"https:\/\/radiorevelacionfm.cl\/index.php?rest_route=\/wp\/v2\/media\/61073"}],"wp:attachment":[{"href":"https:\/\/radiorevelacionfm.cl\/index.php?rest_route=%2Fwp%2Fv2%2Fmedia&parent=61072"}],"wp:term":[{"taxonomy":"category","embeddable":true,"href":"https:\/\/radiorevelacionfm.cl\/index.php?rest_route=%2Fwp%2Fv2%2Fcategories&post=61072"},{"taxonomy":"post_tag","embeddable":true,"href":"https:\/\/radiorevelacionfm.cl\/index.php?rest_route=%2Fwp%2Fv2%2Ftags&post=61072"}],"curies":[{"name":"wp","href":"https:\/\/api.w.org\/{rel}","templated":true}]}}