{"id":61068,"date":"2025-11-04T10:27:24","date_gmt":"2025-11-04T13:27:24","guid":{"rendered":"https:\/\/radiorevelacionfm.cl\/?p=61068"},"modified":"2025-11-04T10:27:24","modified_gmt":"2025-11-04T13:27:24","slug":"senadora-ordenes-recalco-su-apoyo-al-proyecto-de-ley-que-reduce-las-contribuciones-a-adultos-mayores-en-chile","status":"publish","type":"post","link":"https:\/\/radiorevelacionfm.cl\/?p=61068","title":{"rendered":"Senadora \u00d3rdenes recalc\u00f3 su apoyo al proyecto de ley que reduce las contribuciones a adultos mayores en Chile"},"content":{"rendered":"<div class=\"flex_column av_one_full  flex_column_div av-zero-column-padding first  avia-builder-el-0  el_before_av_one_full  avia-builder-el-first  \" style='border-radius:0px; '><div  class='avia-image-container  av-styling-    avia-builder-el-1  avia-builder-el-no-sibling  avia-align-center '  itemprop=\"image\" itemscope=\"itemscope\" itemtype=\"https:\/\/schema.org\/ImageObject\"  ><div class='avia-image-container-inner'><div class='avia-image-overlay-wrap'><img decoding=\"async\" class='wp-image-61069 avia-img-lazy-loading-not-61069 avia_image' src=\"https:\/\/radiorevelacionfm.cl\/wp-content\/uploads\/2025\/11\/FOTO-25-1-1.jpg\" alt='' title='FOTO (25) (1) (1)' height=\"600\" width=\"1067\"  itemprop=\"thumbnailUrl\" srcset=\"https:\/\/radiorevelacionfm.cl\/wp-content\/uploads\/2025\/11\/FOTO-25-1-1.jpg 1067w, https:\/\/radiorevelacionfm.cl\/wp-content\/uploads\/2025\/11\/FOTO-25-1-1-300x169.jpg 300w, https:\/\/radiorevelacionfm.cl\/wp-content\/uploads\/2025\/11\/FOTO-25-1-1-1030x579.jpg 1030w, https:\/\/radiorevelacionfm.cl\/wp-content\/uploads\/2025\/11\/FOTO-25-1-1-768x432.jpg 768w, https:\/\/radiorevelacionfm.cl\/wp-content\/uploads\/2025\/11\/FOTO-25-1-1-705x396.jpg 705w, https:\/\/radiorevelacionfm.cl\/wp-content\/uploads\/2025\/11\/FOTO-25-1-1-450x253.jpg 450w, https:\/\/radiorevelacionfm.cl\/wp-content\/uploads\/2025\/11\/FOTO-25-1-1-600x337.jpg 600w\" sizes=\"(max-width: 1067px) 100vw, 1067px\" \/><\/div><\/div><\/div><\/div><div class=\"flex_column av_one_full  flex_column_div av-zero-column-padding first  avia-builder-el-2  el_after_av_one_full  el_before_av_one_full  column-top-margin\" style='border-radius:0px; '><section class=\"av_textblock_section \"  itemscope=\"itemscope\" itemtype=\"https:\/\/schema.org\/BlogPosting\" itemprop=\"blogPost\" ><div class='avia_textblock  '   itemprop=\"text\" ><p style=\"text-align: center;\"><span style=\"font-size: 18pt;\"><strong>Senadora \u00d3rdenes recalc\u00f3 su apoyo al proyecto de ley que reduce las contribuciones a adultos mayores en Chile<\/strong><\/span><\/p>\n<div id=\"gtx-trans\" style=\"position: absolute; left: -50px; top: 4.31534px;\">\n<div class=\"gtx-trans-icon\"><\/div>\n<\/div>\n<\/div><\/section><\/div><div class=\"flex_column av_one_full  flex_column_div av-zero-column-padding first  avia-builder-el-4  el_after_av_one_full  el_before_av_hr  column-top-margin\" style='border-radius:0px; '><section class=\"av_textblock_section \"  itemscope=\"itemscope\" itemtype=\"https:\/\/schema.org\/BlogPosting\" itemprop=\"blogPost\" ><div class='avia_textblock  '   itemprop=\"text\" ><p style=\"text-align: justify;\">Luego de que Hacienda ingresara el proyecto de Ley que Introduce beneficios a las personas adultas mayores respecto del impuesto territorial, la senadora por la regi\u00f3n de Ays\u00e9n, Ximena Ordenes Neira, recalc\u00f3 su apoyo a la iniciativa, destacando que son m\u00e1s de 75 mil adultos mayores que se beneficiar\u00e1n.<\/p>\n<p style=\"text-align: justify;\">Existe\u00a0 m\u00e1s de un mill\u00f3n y medio de personas mayores con un bien ra\u00edz habitacional y si bien solo un 26% de estos tienen una propiedad afecta a impuesto territorial, poco menos de 190 mil acceden al beneficio de rebaja para el adulto mayor. Ante este panorama, la representante aysenina indic\u00f3 que \u201ces urgente reducir las contribuciones a los adultos mayores\u201d<\/p>\n<p style=\"text-align: justify;\">\u201cQuiero valorar que el Ejecutivo haya presentado un proyecto de ley con discusi\u00f3n inmediata con este prop\u00f3sito. El d\u00eda de ayer conversamos con el ministro sobre esta materia y creo que es muy importante porque esta medida va a beneficiar a m\u00e1s de 75 mil adultos mayores en Chile, que es un equivalente m\u00e1s o menos al 70% de aquellos que est\u00e1n afectos a este impuesto territorial\u201d.<\/p>\n<p style=\"text-align: justify;\">En la actualidad, la regulaci\u00f3n no se hace cargo de que personas pierdan su beneficio de rebaja por el aumento del valor de aval\u00fao de sus inmuebles. La legisladora valor\u00f3 los vac\u00edo que corrige el proyecto como el sentido de equidad que contiene la iniciativa, donde, a fin de avanzar en una mejor progresividad del impuesto y mayor equidad territorial, el proyecto modifica las normas de aporte al Fondo Com\u00fan Municipal, permitiendo una distribuci\u00f3n m\u00e1s equitativa de los recursos entre las distintas comunas.<\/p>\n<p style=\"text-align: justify;\">Cabe destacar que el proyecto considera la suspensi\u00f3n del proceso de reaval\u00fao de 2026, hasta el 2027, para entregar mayores antecedentes y certezas a los contribuyentes. Buscamos que esto avance con celeridad para enfrentar ya un problema urgente para miles de personas mayores en Chile.<\/p>\n<\/div><\/section><\/div><div  style='height:50px' class='hr hr-invisible   avia-builder-el-6  el_after_av_one_full  el_before_av_social_share '><span class='hr-inner ' ><span class='hr-inner-style'><\/span><\/span><\/div><\/p>\n<div  class='av-social-sharing-box  avia-builder-el-7  el_after_av_hr  el_before_av_hr  '><div class='av-share-box'><h5 class='av-share-link-description av-no-toc '>Compartir esta noticia<\/h5><ul class='av-share-box-list noLightbox'><li class='av-share-link av-social-link-facebook' ><a target=\"_blank\" aria-label=\"Compartir en Facebook\" href='https:\/\/www.facebook.com\/sharer.php?u=https:\/\/radiorevelacionfm.cl\/?p=61068&#038;t=Senadora%20%C3%93rdenes%20recalc%C3%B3%20su%20apoyo%20al%20proyecto%20de%20ley%20que%20reduce%20las%20contribuciones%20a%20adultos%20mayores%20en%20Chile' aria-hidden='false' data-av_icon='\ue8f3' data-av_iconfont='entypo-fontello' title='' data-avia-related-tooltip='Compartir en Facebook' rel=\"noopener\"><span class='avia_hidden_link_text'>Compartir en Facebook<\/span><\/a><\/li><li class='av-share-link av-social-link-twitter' ><a target=\"_blank\" aria-label=\"Compartir en Twitter\" href='https:\/\/twitter.com\/share?text=Senadora%20%C3%93rdenes%20recalc%C3%B3%20su%20apoyo%20al%20proyecto%20de%20ley%20que%20reduce%20las%20contribuciones%20a%20adultos%20mayores%20en%20Chile&#038;url=https:\/\/radiorevelacionfm.cl\/?p=61068' aria-hidden='false' data-av_icon='\ue8f1' data-av_iconfont='entypo-fontello' title='' data-avia-related-tooltip='Compartir en Twitter' rel=\"noopener\"><span class='avia_hidden_link_text'>Compartir en Twitter<\/span><\/a><\/li><li class='av-share-link av-social-link-whatsapp' ><a target=\"_blank\" aria-label=\"Compartir en Whatsapp\" href='https:\/\/api.whatsapp.com\/send?text=https:\/\/radiorevelacionfm.cl\/?p=61068' aria-hidden='false' data-av_icon='\uf232' data-av_iconfont='entypo-fontello' title='' data-avia-related-tooltip='Compartir en Whatsapp' rel=\"noopener\"><span class='avia_hidden_link_text'>Compartir en Whatsapp<\/span><\/a><\/li><li class='av-share-link av-social-link-linkedin' ><a target=\"_blank\" aria-label=\"Compartir en LinkedIn\" href='https:\/\/linkedin.com\/shareArticle?mini=true&#038;title=Senadora%20%C3%93rdenes%20recalc%C3%B3%20su%20apoyo%20al%20proyecto%20de%20ley%20que%20reduce%20las%20contribuciones%20a%20adultos%20mayores%20en%20Chile&#038;url=https:\/\/radiorevelacionfm.cl\/?p=61068' aria-hidden='false' data-av_icon='\ue8fc' data-av_iconfont='entypo-fontello' title='' data-avia-related-tooltip='Compartir en LinkedIn' rel=\"noopener\"><span class='avia_hidden_link_text'>Compartir en LinkedIn<\/span><\/a><\/li><li class='av-share-link av-social-link-mail' ><a  aria-label=\"Compartir por correo\" href='mailto:?subject=Senadora%20%C3%93rdenes%20recalc%C3%B3%20su%20apoyo%20al%20proyecto%20de%20ley%20que%20reduce%20las%20contribuciones%20a%20adultos%20mayores%20en%20Chile&#038;body=https:\/\/radiorevelacionfm.cl\/?p=61068' aria-hidden='false' data-av_icon='\ue805' data-av_iconfont='entypo-fontello' title='' data-avia-related-tooltip='Compartir por correo'><span class='avia_hidden_link_text'>Compartir por correo<\/span><\/a><\/li><\/ul><\/div><\/div>\n<div  style='height:50px' class='hr hr-invisible   avia-builder-el-8  el_after_av_social_share  el_before_av_comments_list '><span class='hr-inner ' ><span class='hr-inner-style'><\/span><\/span><\/div>\n<div  class='av-buildercomment  av-blog-meta-html-info-disabled av-blog-meta-tag-disabled  '><\/div>\n","protected":false},"excerpt":{"rendered":"","protected":false},"author":1,"featured_media":61069,"comment_status":"closed","ping_status":"closed","sticky":false,"template":"","format":"standard","meta":{"footnotes":""},"categories":[35],"tags":[],"class_list":["post-61068","post","type-post","status-publish","format-standard","has-post-thumbnail","hentry","category-politica"],"jetpack_featured_media_url":"https:\/\/radiorevelacionfm.cl\/wp-content\/uploads\/2025\/11\/FOTO-25-1-1.jpg","_links":{"self":[{"href":"https:\/\/radiorevelacionfm.cl\/index.php?rest_route=\/wp\/v2\/posts\/61068","targetHints":{"allow":["GET"]}}],"collection":[{"href":"https:\/\/radiorevelacionfm.cl\/index.php?rest_route=\/wp\/v2\/posts"}],"about":[{"href":"https:\/\/radiorevelacionfm.cl\/index.php?rest_route=\/wp\/v2\/types\/post"}],"author":[{"embeddable":true,"href":"https:\/\/radiorevelacionfm.cl\/index.php?rest_route=\/wp\/v2\/users\/1"}],"replies":[{"embeddable":true,"href":"https:\/\/radiorevelacionfm.cl\/index.php?rest_route=%2Fwp%2Fv2%2Fcomments&post=61068"}],"version-history":[{"count":2,"href":"https:\/\/radiorevelacionfm.cl\/index.php?rest_route=\/wp\/v2\/posts\/61068\/revisions"}],"predecessor-version":[{"id":61071,"href":"https:\/\/radiorevelacionfm.cl\/index.php?rest_route=\/wp\/v2\/posts\/61068\/revisions\/61071"}],"wp:featuredmedia":[{"embeddable":true,"href":"https:\/\/radiorevelacionfm.cl\/index.php?rest_route=\/wp\/v2\/media\/61069"}],"wp:attachment":[{"href":"https:\/\/radiorevelacionfm.cl\/index.php?rest_route=%2Fwp%2Fv2%2Fmedia&parent=61068"}],"wp:term":[{"taxonomy":"category","embeddable":true,"href":"https:\/\/radiorevelacionfm.cl\/index.php?rest_route=%2Fwp%2Fv2%2Fcategories&post=61068"},{"taxonomy":"post_tag","embeddable":true,"href":"https:\/\/radiorevelacionfm.cl\/index.php?rest_route=%2Fwp%2Fv2%2Ftags&post=61068"}],"curies":[{"name":"wp","href":"https:\/\/api.w.org\/{rel}","templated":true}]}}