{"id":61060,"date":"2025-11-03T19:47:26","date_gmt":"2025-11-03T22:47:26","guid":{"rendered":"https:\/\/radiorevelacionfm.cl\/?p=61060"},"modified":"2025-11-03T19:47:26","modified_gmt":"2025-11-03T22:47:26","slug":"con-exito-se-concreto-el-cuadrangular-internacional-copa-alfonso-borquez-en-puerto-aysen-instancia-rindio-homenaje-al-destacado-dirigente-deportivo-y-exjugador-de-basquetbol-local","status":"publish","type":"post","link":"https:\/\/radiorevelacionfm.cl\/?p=61060","title":{"rendered":"Con \u00e9xito se concret\u00f3 el cuadrangular internacional \u201cCopa Alfonso B\u00f3rquez\u201d en Puerto Ays\u00e9n: Instancia rindi\u00f3 homenaje al destacado dirigente deportivo y exjugador de b\u00e1squetbol local"},"content":{"rendered":"<div class=\"flex_column av_one_full  flex_column_div av-zero-column-padding first  avia-builder-el-0  el_before_av_one_full  avia-builder-el-first  \" style='border-radius:0px; '><div  class='avia-image-container  av-styling-    avia-builder-el-1  avia-builder-el-no-sibling  avia-align-center '  itemprop=\"image\" itemscope=\"itemscope\" itemtype=\"https:\/\/schema.org\/ImageObject\"  ><div class='avia-image-container-inner'><div class='avia-image-overlay-wrap'><img decoding=\"async\" class='wp-image-61061 avia-img-lazy-loading-not-61061 avia_image' src=\"https:\/\/radiorevelacionfm.cl\/wp-content\/uploads\/2025\/11\/Cuadrangular-1-1-1.jpg\" alt='' title='Cuadrangular 1 (1) (1)' height=\"600\" width=\"800\"  itemprop=\"thumbnailUrl\" srcset=\"https:\/\/radiorevelacionfm.cl\/wp-content\/uploads\/2025\/11\/Cuadrangular-1-1-1.jpg 800w, https:\/\/radiorevelacionfm.cl\/wp-content\/uploads\/2025\/11\/Cuadrangular-1-1-1-300x225.jpg 300w, https:\/\/radiorevelacionfm.cl\/wp-content\/uploads\/2025\/11\/Cuadrangular-1-1-1-768x576.jpg 768w, https:\/\/radiorevelacionfm.cl\/wp-content\/uploads\/2025\/11\/Cuadrangular-1-1-1-705x529.jpg 705w, https:\/\/radiorevelacionfm.cl\/wp-content\/uploads\/2025\/11\/Cuadrangular-1-1-1-450x338.jpg 450w, https:\/\/radiorevelacionfm.cl\/wp-content\/uploads\/2025\/11\/Cuadrangular-1-1-1-600x450.jpg 600w\" sizes=\"(max-width: 800px) 100vw, 800px\" \/><\/div><\/div><\/div><\/div><div class=\"flex_column av_one_full  flex_column_div av-zero-column-padding first  avia-builder-el-2  el_after_av_one_full  el_before_av_one_full  column-top-margin\" style='border-radius:0px; '><section class=\"av_textblock_section \"  itemscope=\"itemscope\" itemtype=\"https:\/\/schema.org\/BlogPosting\" itemprop=\"blogPost\" ><div class='avia_textblock  '   itemprop=\"text\" ><p style=\"text-align: center;\"><span style=\"font-size: 18pt;\"><strong>Con \u00e9xito se concret\u00f3 el cuadrangular internacional \u201cCopa Alfonso B\u00f3rquez\u201d en Puerto Ays\u00e9n: Instancia rindi\u00f3 homenaje al destacado dirigente deportivo y exjugador de b\u00e1squetbol local <\/strong><\/span><\/p>\n<div id=\"gtx-trans\" style=\"position: absolute; left: -50px; top: 4.31534px;\">\n<div class=\"gtx-trans-icon\"><\/div>\n<\/div>\n<\/div><\/section><\/div><div class=\"flex_column av_one_full  flex_column_div av-zero-column-padding first  avia-builder-el-4  el_after_av_one_full  el_before_av_hr  column-top-margin\" style='border-radius:0px; '><section class=\"av_textblock_section \"  itemscope=\"itemscope\" itemtype=\"https:\/\/schema.org\/BlogPosting\" itemprop=\"blogPost\" ><div class='avia_textblock  '   itemprop=\"text\" ><p style=\"text-align: justify;\">Con gran \u00e9xito se realiz\u00f3 el cuadrangular internacional de b\u00e1squetbol \u201cCopa Alfonso B\u00f3rquez\u201d en Puerto Ays\u00e9n, instancia que reuni\u00f3 a clubes como EMBA de Empresas Bahamonde, la filial de Colo Colo en Coyhaique, Chelenko y a TCD8, proveniente de Comodoro Rivadavia.<\/p>\n<p style=\"text-align: justify;\">La jornada deportiva comenz\u00f3 el s\u00e1bado 1 de noviembre con cuatro partidos, mientras que los encuentros finales para definir al ganador del cuadrangular se efectuaron el domingo 2 de noviembre. Tras disputarse los dos partidos definitorios, el podio qued\u00f3 de la siguiente manera: primer lugar para TCD8 (Comodoro Rivadavia), segundo lugar para club EMBA y el tercero para Colo Colo.<\/p>\n<p style=\"text-align: justify;\">Adem\u00e1s de ello, durante la instancia se premi\u00f3 al mejor jugador del torneo, que fue para Marcelo Sol\u00eds Soto, jugador de TCD8. Sobre la participaci\u00f3n de su equipo en el cuadrangular, manifest\u00f3 que se trat\u00f3 de su primera experiencia internacional.<\/p>\n<p style=\"text-align: justify;\">\u201cEstamos muy contentos de haber participado de este torneo. La verdad es nuestra primera experiencia con un equipo internacional como Chile. El torneo fue muy dif\u00edcil para nosotros\u201d, sostuvo.<\/p>\n<p style=\"text-align: justify;\">Agregando que se trat\u00f3 de equipos con \u201cmucha jerarqu\u00eda, los rivales muy potentes y nada, muy contento por la victoria y nos vamos contentos de ac\u00e1. Si nos vuelven a invitar, estaremos ac\u00e1 otra vez, encantados porque la pasamos muy bien, la verdad\u201d.<\/p>\n<p style=\"text-align: justify;\">Este evento deportivo, efectuado en el gimnasio IND de la ciudad, se concret\u00f3 con el fin de rendir homenaje a Alfonso B\u00f3rquez Mansilla, exbasquetbolista y dirigente deportivo. De hecho, en la actividad estuvo presente su esposa, Ana Verdugo, quien recibi\u00f3 un reconocimiento por parte de la organizaci\u00f3n.<\/p>\n<p style=\"text-align: justify;\">Referente al homenaje rendido con la \u201cCopa Alfonso B\u00f3rquez\u201d, expres\u00f3 sus agradecimientos. Afirm\u00f3 que fue \u201calgo s\u00faper especial, muy lindo. Los chicos siempre me dec\u00edan que estaba pendiente porque la partida de \u00e9l fue repentina. \u00c9l siempre estuvo de ni\u00f1o relacionado con el b\u00e1squetbol. Entonces, viene en un momento muy lindo\u201d, dijo.<\/p>\n<\/div><\/section><\/div><div  style='height:50px' class='hr hr-invisible   avia-builder-el-6  el_after_av_one_full  el_before_av_social_share '><span class='hr-inner ' ><span class='hr-inner-style'><\/span><\/span><\/div><\/p>\n<div  class='av-social-sharing-box  avia-builder-el-7  el_after_av_hr  el_before_av_hr  '><div class='av-share-box'><h5 class='av-share-link-description av-no-toc '>Compartir esta noticia<\/h5><ul class='av-share-box-list noLightbox'><li class='av-share-link av-social-link-facebook' ><a target=\"_blank\" aria-label=\"Compartir en Facebook\" href='https:\/\/www.facebook.com\/sharer.php?u=https:\/\/radiorevelacionfm.cl\/?p=61060&#038;t=Con%20%C3%A9xito%20se%20concret%C3%B3%20el%20cuadrangular%20internacional%20%E2%80%9CCopa%20Alfonso%20B%C3%B3rquez%E2%80%9D%20en%20Puerto%20Ays%C3%A9n%3A%20Instancia%20rindi%C3%B3%20homenaje%20al%20destacado%20dirigente%20deportivo%20y%20exjugador%20de%20b%C3%A1squetbol%20local' aria-hidden='false' data-av_icon='\ue8f3' data-av_iconfont='entypo-fontello' title='' data-avia-related-tooltip='Compartir en Facebook' rel=\"noopener\"><span class='avia_hidden_link_text'>Compartir en Facebook<\/span><\/a><\/li><li class='av-share-link av-social-link-twitter' ><a target=\"_blank\" aria-label=\"Compartir en Twitter\" href='https:\/\/twitter.com\/share?text=Con%20%C3%A9xito%20se%20concret%C3%B3%20el%20cuadrangular%20internacional%20%E2%80%9CCopa%20Alfonso%20B%C3%B3rquez%E2%80%9D%20en%20Puerto%20Ays%C3%A9n%3A%20Instancia%20rindi%C3%B3%20homenaje%20al%20destacado%20dirigente%20deportivo%20y%20exjugador%20de%20b%C3%A1squetbol%20local&#038;url=https:\/\/radiorevelacionfm.cl\/?p=61060' aria-hidden='false' data-av_icon='\ue8f1' data-av_iconfont='entypo-fontello' title='' data-avia-related-tooltip='Compartir en Twitter' rel=\"noopener\"><span class='avia_hidden_link_text'>Compartir en Twitter<\/span><\/a><\/li><li class='av-share-link av-social-link-whatsapp' ><a target=\"_blank\" aria-label=\"Compartir en Whatsapp\" href='https:\/\/api.whatsapp.com\/send?text=https:\/\/radiorevelacionfm.cl\/?p=61060' aria-hidden='false' data-av_icon='\uf232' data-av_iconfont='entypo-fontello' title='' data-avia-related-tooltip='Compartir en Whatsapp' rel=\"noopener\"><span class='avia_hidden_link_text'>Compartir en Whatsapp<\/span><\/a><\/li><li class='av-share-link av-social-link-linkedin' ><a target=\"_blank\" aria-label=\"Compartir en LinkedIn\" href='https:\/\/linkedin.com\/shareArticle?mini=true&#038;title=Con%20%C3%A9xito%20se%20concret%C3%B3%20el%20cuadrangular%20internacional%20%E2%80%9CCopa%20Alfonso%20B%C3%B3rquez%E2%80%9D%20en%20Puerto%20Ays%C3%A9n%3A%20Instancia%20rindi%C3%B3%20homenaje%20al%20destacado%20dirigente%20deportivo%20y%20exjugador%20de%20b%C3%A1squetbol%20local&#038;url=https:\/\/radiorevelacionfm.cl\/?p=61060' aria-hidden='false' data-av_icon='\ue8fc' data-av_iconfont='entypo-fontello' title='' data-avia-related-tooltip='Compartir en LinkedIn' rel=\"noopener\"><span class='avia_hidden_link_text'>Compartir en LinkedIn<\/span><\/a><\/li><li class='av-share-link av-social-link-mail' ><a  aria-label=\"Compartir por correo\" href='mailto:?subject=Con%20%C3%A9xito%20se%20concret%C3%B3%20el%20cuadrangular%20internacional%20%E2%80%9CCopa%20Alfonso%20B%C3%B3rquez%E2%80%9D%20en%20Puerto%20Ays%C3%A9n%3A%20Instancia%20rindi%C3%B3%20homenaje%20al%20destacado%20dirigente%20deportivo%20y%20exjugador%20de%20b%C3%A1squetbol%20local&#038;body=https:\/\/radiorevelacionfm.cl\/?p=61060' aria-hidden='false' data-av_icon='\ue805' data-av_iconfont='entypo-fontello' title='' data-avia-related-tooltip='Compartir por correo'><span class='avia_hidden_link_text'>Compartir por correo<\/span><\/a><\/li><\/ul><\/div><\/div>\n<div  style='height:50px' class='hr hr-invisible   avia-builder-el-8  el_after_av_social_share  el_before_av_comments_list '><span class='hr-inner ' ><span class='hr-inner-style'><\/span><\/span><\/div>\n<div  class='av-buildercomment  av-blog-meta-html-info-disabled av-blog-meta-tag-disabled  '><\/div>\n","protected":false},"excerpt":{"rendered":"","protected":false},"author":1,"featured_media":61061,"comment_status":"closed","ping_status":"closed","sticky":false,"template":"","format":"standard","meta":{"footnotes":""},"categories":[40],"tags":[],"class_list":["post-61060","post","type-post","status-publish","format-standard","has-post-thumbnail","hentry","category-deportes"],"jetpack_featured_media_url":"https:\/\/radiorevelacionfm.cl\/wp-content\/uploads\/2025\/11\/Cuadrangular-1-1-1.jpg","_links":{"self":[{"href":"https:\/\/radiorevelacionfm.cl\/index.php?rest_route=\/wp\/v2\/posts\/61060","targetHints":{"allow":["GET"]}}],"collection":[{"href":"https:\/\/radiorevelacionfm.cl\/index.php?rest_route=\/wp\/v2\/posts"}],"about":[{"href":"https:\/\/radiorevelacionfm.cl\/index.php?rest_route=\/wp\/v2\/types\/post"}],"author":[{"embeddable":true,"href":"https:\/\/radiorevelacionfm.cl\/index.php?rest_route=\/wp\/v2\/users\/1"}],"replies":[{"embeddable":true,"href":"https:\/\/radiorevelacionfm.cl\/index.php?rest_route=%2Fwp%2Fv2%2Fcomments&post=61060"}],"version-history":[{"count":2,"href":"https:\/\/radiorevelacionfm.cl\/index.php?rest_route=\/wp\/v2\/posts\/61060\/revisions"}],"predecessor-version":[{"id":61063,"href":"https:\/\/radiorevelacionfm.cl\/index.php?rest_route=\/wp\/v2\/posts\/61060\/revisions\/61063"}],"wp:featuredmedia":[{"embeddable":true,"href":"https:\/\/radiorevelacionfm.cl\/index.php?rest_route=\/wp\/v2\/media\/61061"}],"wp:attachment":[{"href":"https:\/\/radiorevelacionfm.cl\/index.php?rest_route=%2Fwp%2Fv2%2Fmedia&parent=61060"}],"wp:term":[{"taxonomy":"category","embeddable":true,"href":"https:\/\/radiorevelacionfm.cl\/index.php?rest_route=%2Fwp%2Fv2%2Fcategories&post=61060"},{"taxonomy":"post_tag","embeddable":true,"href":"https:\/\/radiorevelacionfm.cl\/index.php?rest_route=%2Fwp%2Fv2%2Ftags&post=61060"}],"curies":[{"name":"wp","href":"https:\/\/api.w.org\/{rel}","templated":true}]}}