{"id":61055,"date":"2025-11-03T17:58:43","date_gmt":"2025-11-03T20:58:43","guid":{"rendered":"https:\/\/radiorevelacionfm.cl\/?p=61055"},"modified":"2025-11-03T20:17:19","modified_gmt":"2025-11-03T23:17:19","slug":"lanzan-nuevo-llamado-para-postular-al-recambio-de-calefactores-y-anuncian-nueva-modalidad-continua","status":"publish","type":"post","link":"https:\/\/radiorevelacionfm.cl\/?p=61055","title":{"rendered":"Lanzan nuevo llamado para postular al Recambio de Calefactores y anuncian nueva modalidad continua."},"content":{"rendered":"<div class=\"flex_column av_one_full  flex_column_div av-zero-column-padding first  avia-builder-el-0  el_before_av_one_full  avia-builder-el-first  \" style='border-radius:0px; '><div  class='avia-image-container  av-styling-    avia-builder-el-1  avia-builder-el-no-sibling  avia-align-center '  itemprop=\"image\" itemscope=\"itemscope\" itemtype=\"https:\/\/schema.org\/ImageObject\"  ><div class='avia-image-container-inner'><div class='avia-image-overlay-wrap'><img decoding=\"async\" class='wp-image-61065 avia-img-lazy-loading-not-61065 avia_image' src=\"https:\/\/radiorevelacionfm.cl\/wp-content\/uploads\/2025\/11\/recambio-calefactores_optimized.jpeg\" alt='' title='recambio-calefactores_optimized' height=\"1000\" width=\"800\"  itemprop=\"thumbnailUrl\" srcset=\"https:\/\/radiorevelacionfm.cl\/wp-content\/uploads\/2025\/11\/recambio-calefactores_optimized.jpeg 800w, https:\/\/radiorevelacionfm.cl\/wp-content\/uploads\/2025\/11\/recambio-calefactores_optimized-240x300.jpeg 240w, https:\/\/radiorevelacionfm.cl\/wp-content\/uploads\/2025\/11\/recambio-calefactores_optimized-768x960.jpeg 768w, https:\/\/radiorevelacionfm.cl\/wp-content\/uploads\/2025\/11\/recambio-calefactores_optimized-564x705.jpeg 564w, https:\/\/radiorevelacionfm.cl\/wp-content\/uploads\/2025\/11\/recambio-calefactores_optimized-450x563.jpeg 450w, https:\/\/radiorevelacionfm.cl\/wp-content\/uploads\/2025\/11\/recambio-calefactores_optimized-600x750.jpeg 600w\" sizes=\"(max-width: 800px) 100vw, 800px\" \/><\/div><\/div><\/div><\/div><div class=\"flex_column av_one_full  flex_column_div av-zero-column-padding first  avia-builder-el-2  el_after_av_one_full  el_before_av_one_full  column-top-margin\" style='border-radius:0px; '><section class=\"av_textblock_section \"  itemscope=\"itemscope\" itemtype=\"https:\/\/schema.org\/BlogPosting\" itemprop=\"blogPost\" ><div class='avia_textblock  '   itemprop=\"text\" ><p style=\"text-align: center;\"><span style=\"font-size: 18pt;\"><strong>Lanzan nuevo llamado para postular al Recambio de Calefactores y anuncian nueva modalidad continua.<\/strong><\/span><\/p>\n<div id=\"gtx-trans\" style=\"position: absolute; left: -50px; top: 4.31534px;\">\n<div class=\"gtx-trans-icon\"><\/div>\n<\/div>\n<\/div><\/section><\/div><\/p>\n<div class=\"flex_column av_one_full  flex_column_div av-zero-column-padding first  avia-builder-el-4  el_after_av_one_full  el_before_av_hr  column-top-margin\" style='border-radius:0px; '><section class=\"av_textblock_section \"  itemscope=\"itemscope\" itemtype=\"https:\/\/schema.org\/BlogPosting\" itemprop=\"blogPost\" ><div class='avia_textblock  '   itemprop=\"text\" ><p style=\"text-align: justify;\">Desde la oficina del Programa de Recambio de Calefactores, las autoridades regionales anunciaron un nuevo llamado para postular en las l\u00edneas pellet y aire acondicionado, anunciando adem\u00e1s la nueva modalidad del programa para la zona saturada Coyhaique.<\/p>\n<p style=\"text-align: justify;\">El programa ejecutado por la Seremi del Medio Ambiente y financiado por el Gobierno Regional y Consejo, ya alcanza los 10.555 de la meta de 15.000 establecida para el a\u00f1o 2027 en el Plan de descontaminaci\u00f3n Atmosf\u00e9rica de Coyhaique<\/p>\n<p style=\"text-align: justify;\"><em>\u201cHoy, con mucho orgullo podemos decir que estamos cambiando la historia que ha tenido el programa de Recambio Calefactores, que lleva muchos a\u00f1os y es un programa consolidado en la comunidad, pero que hoy va a tener una mejora sustancial. A partir de hoy tenemos un llamado al que le llamamos el llamado continuo, <\/em>declar\u00f3 el Seremi del Medio Ambiente, Yoal D\u00edaz, explicando que, a diferencia de los experimentado estos \u00faltimos 10 a\u00f1os de ejecuci\u00f3n, donde los llamados se realizaban cada seis meses, ahora las postulaciones se mantendr\u00e1n abiertas por 30 d\u00edas y de quedar cupos disponibles, se abre una nueva postulaci\u00f3n autom\u00e1ticamente, lo que permitir\u00eda tener llamados abiertos todos los meses <em>\u201cesta es una muy buena noticia para las familias de Coyhaique\u201d enfatiz\u00f3.<\/em><\/p>\n<p style=\"text-align: justify;\">Por su parte, el Consejero Regional, Gustavo Villaroel, en representaci\u00f3n del Gobernador Regional y su Consejo, indic\u00f3<em> \u201clo importante ac\u00e1 es que estamos viendo resultados. Cuando hablamos del tema de la contaminaci\u00f3n, creo que este es un aporte importante y los resultados por el seguimiento que hemos venido haciendo desde el Gobierno regional, desde el Consejo Regional y particularmente de la Comisi\u00f3n de Medio Ambiente, nos da la tranquilidad y en ese sentido siempre va a estar la disposici\u00f3n de poder aportar con los fondos para una inversi\u00f3n en t\u00e9rminos de poder seguir ampliando este programa que hoy d\u00eda tiene otro beneficio que es la continuidad\u201d. <\/em><\/p>\n<p style=\"text-align: justify;\">El primer llamado en la nueva modalidad se inici\u00f3 el 30 de octubre y se encontrar\u00e1 disponible hasta el 28 de noviembre en la pagina web calefactores.mma.gob.cl. Las y los interesados podr\u00e1n reemplazar su calefacci\u00f3n a le\u00f1a por un modelo a pellet o aire acondicionado.<\/p>\n<p style=\"text-align: justify;\">Tambi\u00e9n presente en el anuncio se encontraba el Gerente de proyectos de Edelaysen, Leonardo Mor\u00e1n, quien asegur\u00f3 que<em> \u201cla tarifa EcoAyre sigue estando vigente, es una tarifa no regulada, que tiene el aporte de Edelays\u00e9n y tiene un precio que es de m\u00e1s de un 30% menor del precio normal de la tarifa residencial. De hecho, en rigor, es por lejos la tarifa m\u00e1s barata que hay en todo Chile para calefacci\u00f3n, para climatizaci\u00f3n el\u00e9ctrica, para agua caliente sanitaria y para electromovilidad\u201d, <\/em>recordando que quienes quieran acceder a la tarifa diferenciada deben realizar la solicitud de factibilidad en las oficinas de la empresa.<\/p>\n<p style=\"text-align: justify;\">As\u00ed tambi\u00e9n la Presidenta de la JJVV Barrio Seco, Cecilia Opazo aprovech\u00f3 el punto de prensa para recalcar la importancia de los revestimientos t\u00e9rmicos en la eficiencia de la calefacci\u00f3n sustentable y la necesidad de fortalecer los beneficios para que alcancen a m\u00e1s personas, mientras que desde su experiencia personal relat\u00f3<em> \u201cyo s\u00ed estoy contenta porque postul\u00e9 hace ocho, nueve a\u00f1os al tema de recambio, tengo una estufa parafina, la cual ha funcionado impecable con sus mantenciones. Si se me corta la luz, obvio que tengo algo a mano como una estufa a gas para salir del paso\u201d.<\/em><\/p>\n<p style=\"text-align: justify;\">Finalmente las autoridades puntualizaron que, para acceder al programa de recambio, las y los postulantes pueden ingresar su solicitud en el sitio web <a href=\"http:\/\/www.recambiodecalefactores.cl\/\">https:\/\/calefactores.mma.gob.cl<\/a> o de forma presencial en la oficina de Recambio de Calefactores ubicada en Err\u00e1zuriz 514. Las postulaciones tanto online como presenciales contar\u00e1n con el mismo plazo. En el caso de postulaci\u00f3n presencial el horario ser\u00e1 de lunes a viernes desde las 09.00 \u00a0y hasta las 13.00 horas.<\/p>\n<p style=\"text-align: justify;\">Los postulantes deber\u00e1n Indicar el modelo de calefacci\u00f3n al que postular\u00e1n, con el resguardo de que aquellos postulantes que vivan en departamento, s\u00f3lo podr\u00e1n optar a la l\u00ednea de Aire Acondicionado Inverter.<\/p>\n<p style=\"text-align: justify;\">Para acceder al recambio, quien postule deber\u00e1 ser mayor de edad, y due\u00f1o del artefacto a recambiar, sea del tipo salamandra, cocina, hechizo, c\u00e1mara simple y calefactores con templador (doble c\u00e1mara), el que deber\u00e1 estar instalado.<\/p>\n<p style=\"text-align: justify;\"><em>\u201cInvitamos a las familias a revisar las bases, a sumarse a este nuevo proceso y a mantenerse atentos a nuestras redes sociales donde estaremos compartiendo constantemente la calendarizaci\u00f3n de esta nueva modalidad\u201d<\/em><strong>,<\/strong> concluy\u00f3 el Seremi del Medio Ambiente.<\/p>\n<\/div><\/section><\/div>\n<div  style='height:50px' class='hr hr-invisible   avia-builder-el-6  el_after_av_one_full  el_before_av_social_share '><span class='hr-inner ' ><span class='hr-inner-style'><\/span><\/span><\/div>\n<div  class='av-social-sharing-box  avia-builder-el-7  el_after_av_hr  el_before_av_hr  '><div class='av-share-box'><h5 class='av-share-link-description av-no-toc '>Compartir esta noticia<\/h5><ul class='av-share-box-list noLightbox'><li class='av-share-link av-social-link-facebook' ><a target=\"_blank\" aria-label=\"Compartir en Facebook\" href='https:\/\/www.facebook.com\/sharer.php?u=https:\/\/radiorevelacionfm.cl\/?p=61055&#038;t=Lanzan%20nuevo%20llamado%20para%20postular%20al%20Recambio%20de%20Calefactores%20y%20anuncian%20nueva%20modalidad%20continua.' aria-hidden='false' data-av_icon='\ue8f3' data-av_iconfont='entypo-fontello' title='' data-avia-related-tooltip='Compartir en Facebook' rel=\"noopener\"><span class='avia_hidden_link_text'>Compartir en Facebook<\/span><\/a><\/li><li class='av-share-link av-social-link-twitter' ><a target=\"_blank\" aria-label=\"Compartir en Twitter\" href='https:\/\/twitter.com\/share?text=Lanzan%20nuevo%20llamado%20para%20postular%20al%20Recambio%20de%20Calefactores%20y%20anuncian%20nueva%20modalidad%20continua.&#038;url=https:\/\/radiorevelacionfm.cl\/?p=61055' aria-hidden='false' data-av_icon='\ue8f1' data-av_iconfont='entypo-fontello' title='' data-avia-related-tooltip='Compartir en Twitter' rel=\"noopener\"><span class='avia_hidden_link_text'>Compartir en Twitter<\/span><\/a><\/li><li class='av-share-link av-social-link-whatsapp' ><a target=\"_blank\" aria-label=\"Compartir en Whatsapp\" href='https:\/\/api.whatsapp.com\/send?text=https:\/\/radiorevelacionfm.cl\/?p=61055' aria-hidden='false' data-av_icon='\uf232' data-av_iconfont='entypo-fontello' title='' data-avia-related-tooltip='Compartir en Whatsapp' rel=\"noopener\"><span class='avia_hidden_link_text'>Compartir en Whatsapp<\/span><\/a><\/li><li class='av-share-link av-social-link-linkedin' ><a target=\"_blank\" aria-label=\"Compartir en LinkedIn\" href='https:\/\/linkedin.com\/shareArticle?mini=true&#038;title=Lanzan%20nuevo%20llamado%20para%20postular%20al%20Recambio%20de%20Calefactores%20y%20anuncian%20nueva%20modalidad%20continua.&#038;url=https:\/\/radiorevelacionfm.cl\/?p=61055' aria-hidden='false' data-av_icon='\ue8fc' data-av_iconfont='entypo-fontello' title='' data-avia-related-tooltip='Compartir en LinkedIn' rel=\"noopener\"><span class='avia_hidden_link_text'>Compartir en LinkedIn<\/span><\/a><\/li><li class='av-share-link av-social-link-mail' ><a  aria-label=\"Compartir por correo\" href='mailto:?subject=Lanzan%20nuevo%20llamado%20para%20postular%20al%20Recambio%20de%20Calefactores%20y%20anuncian%20nueva%20modalidad%20continua.&#038;body=https:\/\/radiorevelacionfm.cl\/?p=61055' aria-hidden='false' data-av_icon='\ue805' data-av_iconfont='entypo-fontello' title='' data-avia-related-tooltip='Compartir por correo'><span class='avia_hidden_link_text'>Compartir por correo<\/span><\/a><\/li><\/ul><\/div><\/div>\n<div  style='height:50px' class='hr hr-invisible   avia-builder-el-8  el_after_av_social_share  el_before_av_comments_list '><span class='hr-inner ' ><span class='hr-inner-style'><\/span><\/span><\/div>\n<div  class='av-buildercomment  av-blog-meta-html-info-disabled av-blog-meta-tag-disabled  '><\/div>\n","protected":false},"excerpt":{"rendered":"","protected":false},"author":1,"featured_media":61065,"comment_status":"closed","ping_status":"closed","sticky":false,"template":"","format":"standard","meta":{"footnotes":""},"categories":[39,38],"tags":[],"class_list":["post-61055","post","type-post","status-publish","format-standard","has-post-thumbnail","hentry","category-medio-ambiente","category-regional"],"jetpack_featured_media_url":"https:\/\/radiorevelacionfm.cl\/wp-content\/uploads\/2025\/11\/recambio-calefactores_optimized.jpeg","_links":{"self":[{"href":"https:\/\/radiorevelacionfm.cl\/index.php?rest_route=\/wp\/v2\/posts\/61055","targetHints":{"allow":["GET"]}}],"collection":[{"href":"https:\/\/radiorevelacionfm.cl\/index.php?rest_route=\/wp\/v2\/posts"}],"about":[{"href":"https:\/\/radiorevelacionfm.cl\/index.php?rest_route=\/wp\/v2\/types\/post"}],"author":[{"embeddable":true,"href":"https:\/\/radiorevelacionfm.cl\/index.php?rest_route=\/wp\/v2\/users\/1"}],"replies":[{"embeddable":true,"href":"https:\/\/radiorevelacionfm.cl\/index.php?rest_route=%2Fwp%2Fv2%2Fcomments&post=61055"}],"version-history":[{"count":3,"href":"https:\/\/radiorevelacionfm.cl\/index.php?rest_route=\/wp\/v2\/posts\/61055\/revisions"}],"predecessor-version":[{"id":61064,"href":"https:\/\/radiorevelacionfm.cl\/index.php?rest_route=\/wp\/v2\/posts\/61055\/revisions\/61064"}],"wp:featuredmedia":[{"embeddable":true,"href":"https:\/\/radiorevelacionfm.cl\/index.php?rest_route=\/wp\/v2\/media\/61065"}],"wp:attachment":[{"href":"https:\/\/radiorevelacionfm.cl\/index.php?rest_route=%2Fwp%2Fv2%2Fmedia&parent=61055"}],"wp:term":[{"taxonomy":"category","embeddable":true,"href":"https:\/\/radiorevelacionfm.cl\/index.php?rest_route=%2Fwp%2Fv2%2Fcategories&post=61055"},{"taxonomy":"post_tag","embeddable":true,"href":"https:\/\/radiorevelacionfm.cl\/index.php?rest_route=%2Fwp%2Fv2%2Ftags&post=61055"}],"curies":[{"name":"wp","href":"https:\/\/api.w.org\/{rel}","templated":true}]}}