{"id":61052,"date":"2025-11-03T18:59:04","date_gmt":"2025-11-03T21:59:04","guid":{"rendered":"https:\/\/radiorevelacionfm.cl\/?p=61052"},"modified":"2025-11-03T18:59:04","modified_gmt":"2025-11-03T21:59:04","slug":"cochrane-celebro-la-septima-version-de-la-copa-vicente-fernandez-2025","status":"publish","type":"post","link":"https:\/\/radiorevelacionfm.cl\/?p=61052","title":{"rendered":"Cochrane celebr\u00f3 la S\u00e9ptima versi\u00f3n de la Copa Vicente Fern\u00e1ndez 2025"},"content":{"rendered":"<div class=\"flex_column av_one_full  flex_column_div av-zero-column-padding first  avia-builder-el-0  el_before_av_one_full  avia-builder-el-first  \" style='border-radius:0px; '><div  class='avia-image-container  av-styling-    avia-builder-el-1  avia-builder-el-no-sibling  avia-align-center '  itemprop=\"image\" itemscope=\"itemscope\" itemtype=\"https:\/\/schema.org\/ImageObject\"  ><div class='avia-image-container-inner'><div class='avia-image-overlay-wrap'><img decoding=\"async\" class='wp-image-61053 avia-img-lazy-loading-not-61053 avia_image' src=\"https:\/\/radiorevelacionfm.cl\/wp-content\/uploads\/2025\/11\/7ma-copa-vicente-fernandez_cochrane-8-1_optimized.jpg\" alt='' title='7ma-copa-vicente-fernandez_cochrane-(8)-(1)_optimized' height=\"600\" width=\"900\"  itemprop=\"thumbnailUrl\" srcset=\"https:\/\/radiorevelacionfm.cl\/wp-content\/uploads\/2025\/11\/7ma-copa-vicente-fernandez_cochrane-8-1_optimized.jpg 900w, https:\/\/radiorevelacionfm.cl\/wp-content\/uploads\/2025\/11\/7ma-copa-vicente-fernandez_cochrane-8-1_optimized-300x200.jpg 300w, https:\/\/radiorevelacionfm.cl\/wp-content\/uploads\/2025\/11\/7ma-copa-vicente-fernandez_cochrane-8-1_optimized-768x512.jpg 768w, https:\/\/radiorevelacionfm.cl\/wp-content\/uploads\/2025\/11\/7ma-copa-vicente-fernandez_cochrane-8-1_optimized-705x470.jpg 705w, https:\/\/radiorevelacionfm.cl\/wp-content\/uploads\/2025\/11\/7ma-copa-vicente-fernandez_cochrane-8-1_optimized-450x300.jpg 450w, https:\/\/radiorevelacionfm.cl\/wp-content\/uploads\/2025\/11\/7ma-copa-vicente-fernandez_cochrane-8-1_optimized-600x400.jpg 600w\" sizes=\"(max-width: 900px) 100vw, 900px\" \/><\/div><\/div><\/div><\/div><div class=\"flex_column av_one_full  flex_column_div av-zero-column-padding first  avia-builder-el-2  el_after_av_one_full  el_before_av_one_full  column-top-margin\" style='border-radius:0px; '><section class=\"av_textblock_section \"  itemscope=\"itemscope\" itemtype=\"https:\/\/schema.org\/BlogPosting\" itemprop=\"blogPost\" ><div class='avia_textblock  '   itemprop=\"text\" ><p style=\"text-align: center;\"><strong><span style=\"font-size: 18pt;\">\u00a0Cochrane celebr\u00f3 la S\u00e9ptima versi\u00f3n de la Copa Vicente Fern\u00e1ndez 2025<\/span><\/strong><\/p>\n<div id=\"gtx-trans\" style=\"position: absolute; left: -50px; top: 4.31534px;\">\n<div class=\"gtx-trans-icon\"><\/div>\n<\/div>\n<\/div><\/section><\/div><div class=\"flex_column av_one_full  flex_column_div av-zero-column-padding first  avia-builder-el-4  el_after_av_one_full  el_before_av_hr  column-top-margin\" style='border-radius:0px; '><section class=\"av_textblock_section \"  itemscope=\"itemscope\" itemtype=\"https:\/\/schema.org\/BlogPosting\" itemprop=\"blogPost\" ><div class='avia_textblock  '   itemprop=\"text\" ><div style=\"text-align: justify;\">Con gran entusiasmo se vivi\u00f3 en el gimnasio municipal de Cochrane la s\u00e9ptima versi\u00f3n de la Copa Vicente Fern\u00e1ndez 2025, torneo organizado por la Escuela de B\u00e1squetbol EBADEC, con el apoyo de empresas privadas como Aguas Patagonia, Agrosuper, Soprole, comercio local, transportistas regionales y la Ilustre Municipalidad de Cochrane. El evento reuni\u00f3 a delegaciones provenientes de Antofagasta, Puerto Montt, Coyhaique, Chile Chico y Cochrane, consolid\u00e1ndose como una de las competencias formativas m\u00e1s importantes del sur de Chile.<\/div>\n<div style=\"text-align: justify;\">Durante tres jornadas, el campeonato rindi\u00f3 homenaje al recordado profesor Vicente Fern\u00e1ndez, formador del b\u00e1squetbol local y figura fundamental en el desarrollo de este deporte en la comuna.<br \/>\nLa cita deportiva destac\u00f3 no solo por su organizaci\u00f3n y esp\u00edritu competitivo, sino tambi\u00e9n por la presencia de la\u00a0<b>seleccionada nacional Isidora Cornejo Vecchiola,\u00a0<\/b>quien representa al Club Hrvatski Sokol de Antofagasta, sumando talento y jerarqu\u00eda a este campeonato.<\/div>\n<div style=\"text-align: justify;\">El\u00a0<b>alcalde de Cochrane, Patricio Ulloa Georgia<\/b>, destac\u00f3 la relevancia del evento para la comunidad cochranina, \u201cquiero felicitar sinceramente a la Escuela de B\u00e1squetbol de Cochrane, a EBADEC, un club que fue fundado por don Vicente Fern\u00e1ndez y que hoy honra su legado con esta copa que lleva su nombre. Fue un maestro del b\u00e1squetbol cochranino que dej\u00f3 sembrada la semilla, y hoy vemos c\u00f3mo esa semilla ha germinado con fuerza. Como municipio y junto a nuestro Concejo Municipal, siempre estaremos disponibles para apoyar instancias que fortalezcan el deporte y la vida comunitaria\u201d, expres\u00f3 la autoridad comunal.<\/div>\n<div style=\"text-align: justify;\">Desde la organizaci\u00f3n, la\u00a0<b>presidenta de EBADEC, Romina Sandoval Gallardo<\/b>, valor\u00f3 el compromiso de todos quienes hicieron posible el campeonato, \u201cestamos muy orgullosos como organizaci\u00f3n de haber podido realizar esta nueva versi\u00f3n de la Copa Vicente Fern\u00e1ndez. Nos acompa\u00f1aron equipos de distintos puntos del pa\u00eds y vivimos un fin de semana lleno de compa\u00f1erismo, alegr\u00eda y buen b\u00e1squetbol. Nos sentimos muy felices y agradecidas por todo el apoyo recibido\u201d, se\u00f1al\u00f3.<\/div>\n<div style=\"text-align: justify;\">El entrenador\u00a0<b>Cristian \u201cCoach\u201d Leal, del Club Hrvatski Sokol de Antofagasta,<\/b>\u00a0destac\u00f3 la experiencia vivida en la comuna, \u201cesta es mi segunda vez en Cochrane y ha sido una experiencia fant\u00e1stica. El entorno, la naturaleza y el cari\u00f1o de la gente hacen que uno se sienta en casa. Estoy seguro de que mis jugadoras se llevan un gran aprendizaje deportivo y humano\u201d, coment\u00f3.<\/div>\n<div style=\"text-align: justify;\">\u00a0Por su parte,\u00a0<b>Kurt Kr\u00fcger, DT del Club CEB Puerto Montt<\/b>, valor\u00f3 la calidez de la comunidad y la oportunidad de participar por primera vez en el torneo, \u201cha sido una experiencia muy linda para los ni\u00f1os. Nos sentimos muy a gusto, muy bien tratados y felices de haber compartido en este entorno tan especial. Cochrane tiene algo que te atrapa: su tranquilidad y la calidad humana de su gente\u201d, destac\u00f3.<\/div>\n<div style=\"text-align: justify;\">En la jornada final se premi\u00f3 a los equipos m\u00e1s destacados del campeonato: en la categor\u00eda U12 Mixto, el primer lugar fue para el Club Chile Chico, seguido por Confluencia y EBADEC de Cochrane. En U16 Damas, el triunfo correspondi\u00f3 al Club Hrvatski Sokol de Antofagasta, seguido por Confluencia de Cochrane y CBC Coyhaique. Finalmente, en U17 Varones, el Club Deportivo CEB de Puerto Montt se qued\u00f3 con el primer lugar, seguido por CBC Coyhaique y EBADEC de Cochrane.<\/div>\n<div style=\"text-align: justify;\">Durante la ceremonia tambi\u00e9n se reconoci\u00f3 al quinteto ideal de cada categor\u00eda, seleccionado por los \u00e1rbitros del campeonato, y se realiz\u00f3 la tradicional fotograf\u00eda oficial con todas las delegaciones participantes, autoridades, entrenadores y auspiciadores.<\/div>\n<\/div><\/section><\/div><div  style='height:50px' class='hr hr-invisible   avia-builder-el-6  el_after_av_one_full  el_before_av_social_share '><span class='hr-inner ' ><span class='hr-inner-style'><\/span><\/span><\/div><\/p>\n<div  class='av-social-sharing-box  avia-builder-el-7  el_after_av_hr  el_before_av_hr  '><div class='av-share-box'><h5 class='av-share-link-description av-no-toc '>Compartir esta noticia<\/h5><ul class='av-share-box-list noLightbox'><li class='av-share-link av-social-link-facebook' ><a target=\"_blank\" aria-label=\"Compartir en Facebook\" href='https:\/\/www.facebook.com\/sharer.php?u=https:\/\/radiorevelacionfm.cl\/?p=61052&#038;t=Cochrane%20celebr%C3%B3%20la%20S%C3%A9ptima%20versi%C3%B3n%20de%20la%20Copa%20Vicente%20Fern%C3%A1ndez%202025' aria-hidden='false' data-av_icon='\ue8f3' data-av_iconfont='entypo-fontello' title='' data-avia-related-tooltip='Compartir en Facebook' rel=\"noopener\"><span class='avia_hidden_link_text'>Compartir en Facebook<\/span><\/a><\/li><li class='av-share-link av-social-link-twitter' ><a target=\"_blank\" aria-label=\"Compartir en Twitter\" href='https:\/\/twitter.com\/share?text=Cochrane%20celebr%C3%B3%20la%20S%C3%A9ptima%20versi%C3%B3n%20de%20la%20Copa%20Vicente%20Fern%C3%A1ndez%202025&#038;url=https:\/\/radiorevelacionfm.cl\/?p=61052' aria-hidden='false' data-av_icon='\ue8f1' data-av_iconfont='entypo-fontello' title='' data-avia-related-tooltip='Compartir en Twitter' rel=\"noopener\"><span class='avia_hidden_link_text'>Compartir en Twitter<\/span><\/a><\/li><li class='av-share-link av-social-link-whatsapp' ><a target=\"_blank\" aria-label=\"Compartir en Whatsapp\" href='https:\/\/api.whatsapp.com\/send?text=https:\/\/radiorevelacionfm.cl\/?p=61052' aria-hidden='false' data-av_icon='\uf232' data-av_iconfont='entypo-fontello' title='' data-avia-related-tooltip='Compartir en Whatsapp' rel=\"noopener\"><span class='avia_hidden_link_text'>Compartir en Whatsapp<\/span><\/a><\/li><li class='av-share-link av-social-link-linkedin' ><a target=\"_blank\" aria-label=\"Compartir en LinkedIn\" href='https:\/\/linkedin.com\/shareArticle?mini=true&#038;title=Cochrane%20celebr%C3%B3%20la%20S%C3%A9ptima%20versi%C3%B3n%20de%20la%20Copa%20Vicente%20Fern%C3%A1ndez%202025&#038;url=https:\/\/radiorevelacionfm.cl\/?p=61052' aria-hidden='false' data-av_icon='\ue8fc' data-av_iconfont='entypo-fontello' title='' data-avia-related-tooltip='Compartir en LinkedIn' rel=\"noopener\"><span class='avia_hidden_link_text'>Compartir en LinkedIn<\/span><\/a><\/li><li class='av-share-link av-social-link-mail' ><a  aria-label=\"Compartir por correo\" href='mailto:?subject=Cochrane%20celebr%C3%B3%20la%20S%C3%A9ptima%20versi%C3%B3n%20de%20la%20Copa%20Vicente%20Fern%C3%A1ndez%202025&#038;body=https:\/\/radiorevelacionfm.cl\/?p=61052' aria-hidden='false' data-av_icon='\ue805' data-av_iconfont='entypo-fontello' title='' data-avia-related-tooltip='Compartir por correo'><span class='avia_hidden_link_text'>Compartir por correo<\/span><\/a><\/li><\/ul><\/div><\/div>\n<div  style='height:50px' class='hr hr-invisible   avia-builder-el-8  el_after_av_social_share  el_before_av_comments_list '><span class='hr-inner ' ><span class='hr-inner-style'><\/span><\/span><\/div>\n<div  class='av-buildercomment  av-blog-meta-html-info-disabled av-blog-meta-tag-disabled  '><\/div>\n","protected":false},"excerpt":{"rendered":"","protected":false},"author":1,"featured_media":61053,"comment_status":"closed","ping_status":"closed","sticky":false,"template":"","format":"standard","meta":{"footnotes":""},"categories":[40],"tags":[],"class_list":["post-61052","post","type-post","status-publish","format-standard","has-post-thumbnail","hentry","category-deportes"],"jetpack_featured_media_url":"https:\/\/radiorevelacionfm.cl\/wp-content\/uploads\/2025\/11\/7ma-copa-vicente-fernandez_cochrane-8-1_optimized.jpg","_links":{"self":[{"href":"https:\/\/radiorevelacionfm.cl\/index.php?rest_route=\/wp\/v2\/posts\/61052","targetHints":{"allow":["GET"]}}],"collection":[{"href":"https:\/\/radiorevelacionfm.cl\/index.php?rest_route=\/wp\/v2\/posts"}],"about":[{"href":"https:\/\/radiorevelacionfm.cl\/index.php?rest_route=\/wp\/v2\/types\/post"}],"author":[{"embeddable":true,"href":"https:\/\/radiorevelacionfm.cl\/index.php?rest_route=\/wp\/v2\/users\/1"}],"replies":[{"embeddable":true,"href":"https:\/\/radiorevelacionfm.cl\/index.php?rest_route=%2Fwp%2Fv2%2Fcomments&post=61052"}],"version-history":[{"count":2,"href":"https:\/\/radiorevelacionfm.cl\/index.php?rest_route=\/wp\/v2\/posts\/61052\/revisions"}],"predecessor-version":[{"id":61059,"href":"https:\/\/radiorevelacionfm.cl\/index.php?rest_route=\/wp\/v2\/posts\/61052\/revisions\/61059"}],"wp:featuredmedia":[{"embeddable":true,"href":"https:\/\/radiorevelacionfm.cl\/index.php?rest_route=\/wp\/v2\/media\/61053"}],"wp:attachment":[{"href":"https:\/\/radiorevelacionfm.cl\/index.php?rest_route=%2Fwp%2Fv2%2Fmedia&parent=61052"}],"wp:term":[{"taxonomy":"category","embeddable":true,"href":"https:\/\/radiorevelacionfm.cl\/index.php?rest_route=%2Fwp%2Fv2%2Fcategories&post=61052"},{"taxonomy":"post_tag","embeddable":true,"href":"https:\/\/radiorevelacionfm.cl\/index.php?rest_route=%2Fwp%2Fv2%2Ftags&post=61052"}],"curies":[{"name":"wp","href":"https:\/\/api.w.org\/{rel}","templated":true}]}}