{"id":61045,"date":"2025-11-04T09:55:08","date_gmt":"2025-11-04T12:55:08","guid":{"rendered":"https:\/\/radiorevelacionfm.cl\/?p=61045"},"modified":"2025-11-04T09:55:08","modified_gmt":"2025-11-04T12:55:08","slug":"estudiantes-de-inacap-coyhaique-inician-su-practica-profesional-con-emotiva-ceremonia-de-investidura","status":"publish","type":"post","link":"https:\/\/radiorevelacionfm.cl\/?p=61045","title":{"rendered":"Estudiantes de INACAP Coyhaique inician su pr\u00e1ctica profesional con emotiva ceremonia de investidura"},"content":{"rendered":"<div class=\"flex_column av_one_full  flex_column_div av-zero-column-padding first  avia-builder-el-0  el_before_av_one_full  avia-builder-el-first  \" style='border-radius:0px; '><div  class='avia-image-container  av-styling-    avia-builder-el-1  avia-builder-el-no-sibling  avia-align-center '  itemprop=\"image\" itemscope=\"itemscope\" itemtype=\"https:\/\/schema.org\/ImageObject\"  ><div class='avia-image-container-inner'><div class='avia-image-overlay-wrap'><img decoding=\"async\" class='wp-image-61046 avia-img-lazy-loading-not-61046 avia_image' src=\"https:\/\/radiorevelacionfm.cl\/wp-content\/uploads\/2025\/11\/inacap-2_optimized.jpg\" alt='' title='inacap-(2)_optimized' height=\"600\" width=\"1767\"  itemprop=\"thumbnailUrl\" srcset=\"https:\/\/radiorevelacionfm.cl\/wp-content\/uploads\/2025\/11\/inacap-2_optimized.jpg 1767w, https:\/\/radiorevelacionfm.cl\/wp-content\/uploads\/2025\/11\/inacap-2_optimized-300x102.jpg 300w, https:\/\/radiorevelacionfm.cl\/wp-content\/uploads\/2025\/11\/inacap-2_optimized-1030x350.jpg 1030w, https:\/\/radiorevelacionfm.cl\/wp-content\/uploads\/2025\/11\/inacap-2_optimized-768x261.jpg 768w, https:\/\/radiorevelacionfm.cl\/wp-content\/uploads\/2025\/11\/inacap-2_optimized-1536x522.jpg 1536w, https:\/\/radiorevelacionfm.cl\/wp-content\/uploads\/2025\/11\/inacap-2_optimized-1500x509.jpg 1500w, https:\/\/radiorevelacionfm.cl\/wp-content\/uploads\/2025\/11\/inacap-2_optimized-705x239.jpg 705w, https:\/\/radiorevelacionfm.cl\/wp-content\/uploads\/2025\/11\/inacap-2_optimized-450x153.jpg 450w, https:\/\/radiorevelacionfm.cl\/wp-content\/uploads\/2025\/11\/inacap-2_optimized-600x204.jpg 600w\" sizes=\"(max-width: 1767px) 100vw, 1767px\" \/><\/div><\/div><\/div><\/div><div class=\"flex_column av_one_full  flex_column_div av-zero-column-padding first  avia-builder-el-2  el_after_av_one_full  el_before_av_one_full  column-top-margin\" style='border-radius:0px; '><section class=\"av_textblock_section \"  itemscope=\"itemscope\" itemtype=\"https:\/\/schema.org\/BlogPosting\" itemprop=\"blogPost\" ><div class='avia_textblock  '   itemprop=\"text\" ><p style=\"text-align: center;\"><span style=\"font-size: 18pt;\"><strong>Estudiantes de INACAP Coyhaique inician su pr\u00e1ctica profesional con emotiva ceremonia de investidura<\/strong><\/span><\/p>\n<div id=\"gtx-trans\" style=\"position: absolute; left: -50px; top: 4.31534px;\">\n<div class=\"gtx-trans-icon\"><\/div>\n<\/div>\n<\/div><\/section><\/div><div class=\"flex_column av_one_full  flex_column_div av-zero-column-padding first  avia-builder-el-4  el_after_av_one_full  el_before_av_hr  column-top-margin\" style='border-radius:0px; '><section class=\"av_textblock_section \"  itemscope=\"itemscope\" itemtype=\"https:\/\/schema.org\/BlogPosting\" itemprop=\"blogPost\" ><div class='avia_textblock  '   itemprop=\"text\" ><p style=\"text-align: justify;\">Con una emotiva ceremonia realizada en la sede Coyhaique de INACAP, se llev\u00f3 a cabo la investidura de las y los estudiantes de segundo a\u00f1o de las carreras T\u00e9cnico en Odontolog\u00eda y T\u00e9cnico en Enfermer\u00eda, quienes comienzan oficialmente su pr\u00e1ctica curricular en el \u00e1rea de la salud.<\/p>\n<p style=\"text-align: justify;\">Este significativo hito marca el inicio de una etapa clave en la formaci\u00f3n de los futuros t\u00e9cnicos, quienes desde ahora se integran a distintos espacios cl\u00ednicos y comunitarios para aplicar sus conocimientos y fortalecer su vocaci\u00f3n de servicio.<\/p>\n<p style=\"text-align: justify;\">Durante la ceremonia, las y los estudiantes recibieron simb\u00f3licamente sus uniformes, gesto que representa el compromiso con el cuidado, el respeto y la responsabilidad que implica trabajar en el \u00e1mbito de la salud.<\/p>\n<p style=\"text-align: justify;\">Gabriel Aguayo, director del \u00c1rea de Salud de INACAP sede Coyhaique, destac\u00f3 la relevancia de este momento \u201cLa investidura no solo simboliza el paso a la pr\u00e1ctica profesional, sino tambi\u00e9n el reconocimiento del esfuerzo y la preparaci\u00f3n que han demostrado nuestras y nuestros estudiantes. Es un acto que refuerza el compromiso \u00e9tico y humano que requiere el trabajo en salud.\u201d<\/p>\n<p style=\"text-align: justify;\">Por su parte, la estudiante de T\u00e9cnico en Enfermer\u00eda, Yoselin Pinilla, comparti\u00f3 sus impresiones tras la ceremonia \u201cFue muy emocionante. Este momento nos recuerda por qu\u00e9 elegimos esta carrera: para cuidar, acompa\u00f1ar y aportar al bienestar de las personas. Estoy muy agradecida por el apoyo de nuestros docentes y compa\u00f1eros.\u201d<\/p>\n<p style=\"text-align: justify;\">La comunidad educativa de INACAP Coyhaique felicita a todas y todos los estudiantes investidos, reconociendo su dedicaci\u00f3n y el importante paso que dan hacia su desarrollo profesional.<\/p>\n<\/div><\/section><\/div><div  style='height:50px' class='hr hr-invisible   avia-builder-el-6  el_after_av_one_full  el_before_av_social_share '><span class='hr-inner ' ><span class='hr-inner-style'><\/span><\/span><\/div><\/p>\n<div  class='av-social-sharing-box  avia-builder-el-7  el_after_av_hr  el_before_av_hr  '><div class='av-share-box'><h5 class='av-share-link-description av-no-toc '>Compartir esta noticia<\/h5><ul class='av-share-box-list noLightbox'><li class='av-share-link av-social-link-facebook' ><a target=\"_blank\" aria-label=\"Compartir en Facebook\" href='https:\/\/www.facebook.com\/sharer.php?u=https:\/\/radiorevelacionfm.cl\/?p=61045&#038;t=Estudiantes%20de%20INACAP%20Coyhaique%20inician%20su%20pr%C3%A1ctica%20profesional%20con%20emotiva%20ceremonia%20de%20investidura' aria-hidden='false' data-av_icon='\ue8f3' data-av_iconfont='entypo-fontello' title='' data-avia-related-tooltip='Compartir en Facebook' rel=\"noopener\"><span class='avia_hidden_link_text'>Compartir en Facebook<\/span><\/a><\/li><li class='av-share-link av-social-link-twitter' ><a target=\"_blank\" aria-label=\"Compartir en Twitter\" href='https:\/\/twitter.com\/share?text=Estudiantes%20de%20INACAP%20Coyhaique%20inician%20su%20pr%C3%A1ctica%20profesional%20con%20emotiva%20ceremonia%20de%20investidura&#038;url=https:\/\/radiorevelacionfm.cl\/?p=61045' aria-hidden='false' data-av_icon='\ue8f1' data-av_iconfont='entypo-fontello' title='' data-avia-related-tooltip='Compartir en Twitter' rel=\"noopener\"><span class='avia_hidden_link_text'>Compartir en Twitter<\/span><\/a><\/li><li class='av-share-link av-social-link-whatsapp' ><a target=\"_blank\" aria-label=\"Compartir en Whatsapp\" href='https:\/\/api.whatsapp.com\/send?text=https:\/\/radiorevelacionfm.cl\/?p=61045' aria-hidden='false' data-av_icon='\uf232' data-av_iconfont='entypo-fontello' title='' data-avia-related-tooltip='Compartir en Whatsapp' rel=\"noopener\"><span class='avia_hidden_link_text'>Compartir en Whatsapp<\/span><\/a><\/li><li class='av-share-link av-social-link-linkedin' ><a target=\"_blank\" aria-label=\"Compartir en LinkedIn\" href='https:\/\/linkedin.com\/shareArticle?mini=true&#038;title=Estudiantes%20de%20INACAP%20Coyhaique%20inician%20su%20pr%C3%A1ctica%20profesional%20con%20emotiva%20ceremonia%20de%20investidura&#038;url=https:\/\/radiorevelacionfm.cl\/?p=61045' aria-hidden='false' data-av_icon='\ue8fc' data-av_iconfont='entypo-fontello' title='' data-avia-related-tooltip='Compartir en LinkedIn' rel=\"noopener\"><span class='avia_hidden_link_text'>Compartir en LinkedIn<\/span><\/a><\/li><li class='av-share-link av-social-link-mail' ><a  aria-label=\"Compartir por correo\" href='mailto:?subject=Estudiantes%20de%20INACAP%20Coyhaique%20inician%20su%20pr%C3%A1ctica%20profesional%20con%20emotiva%20ceremonia%20de%20investidura&#038;body=https:\/\/radiorevelacionfm.cl\/?p=61045' aria-hidden='false' data-av_icon='\ue805' data-av_iconfont='entypo-fontello' title='' data-avia-related-tooltip='Compartir por correo'><span class='avia_hidden_link_text'>Compartir por correo<\/span><\/a><\/li><\/ul><\/div><\/div>\n<div  style='height:50px' class='hr hr-invisible   avia-builder-el-8  el_after_av_social_share  el_before_av_comments_list '><span class='hr-inner ' ><span class='hr-inner-style'><\/span><\/span><\/div>\n<div  class='av-buildercomment  av-blog-meta-html-info-disabled av-blog-meta-tag-disabled  '><\/div>\n","protected":false},"excerpt":{"rendered":"","protected":false},"author":1,"featured_media":61046,"comment_status":"closed","ping_status":"closed","sticky":false,"template":"","format":"standard","meta":{"footnotes":""},"categories":[49],"tags":[],"class_list":["post-61045","post","type-post","status-publish","format-standard","has-post-thumbnail","hentry","category-educacion"],"jetpack_featured_media_url":"https:\/\/radiorevelacionfm.cl\/wp-content\/uploads\/2025\/11\/inacap-2_optimized.jpg","_links":{"self":[{"href":"https:\/\/radiorevelacionfm.cl\/index.php?rest_route=\/wp\/v2\/posts\/61045","targetHints":{"allow":["GET"]}}],"collection":[{"href":"https:\/\/radiorevelacionfm.cl\/index.php?rest_route=\/wp\/v2\/posts"}],"about":[{"href":"https:\/\/radiorevelacionfm.cl\/index.php?rest_route=\/wp\/v2\/types\/post"}],"author":[{"embeddable":true,"href":"https:\/\/radiorevelacionfm.cl\/index.php?rest_route=\/wp\/v2\/users\/1"}],"replies":[{"embeddable":true,"href":"https:\/\/radiorevelacionfm.cl\/index.php?rest_route=%2Fwp%2Fv2%2Fcomments&post=61045"}],"version-history":[{"count":2,"href":"https:\/\/radiorevelacionfm.cl\/index.php?rest_route=\/wp\/v2\/posts\/61045\/revisions"}],"predecessor-version":[{"id":61067,"href":"https:\/\/radiorevelacionfm.cl\/index.php?rest_route=\/wp\/v2\/posts\/61045\/revisions\/61067"}],"wp:featuredmedia":[{"embeddable":true,"href":"https:\/\/radiorevelacionfm.cl\/index.php?rest_route=\/wp\/v2\/media\/61046"}],"wp:attachment":[{"href":"https:\/\/radiorevelacionfm.cl\/index.php?rest_route=%2Fwp%2Fv2%2Fmedia&parent=61045"}],"wp:term":[{"taxonomy":"category","embeddable":true,"href":"https:\/\/radiorevelacionfm.cl\/index.php?rest_route=%2Fwp%2Fv2%2Fcategories&post=61045"},{"taxonomy":"post_tag","embeddable":true,"href":"https:\/\/radiorevelacionfm.cl\/index.php?rest_route=%2Fwp%2Fv2%2Ftags&post=61045"}],"curies":[{"name":"wp","href":"https:\/\/api.w.org\/{rel}","templated":true}]}}