{"id":61042,"date":"2025-11-03T17:16:53","date_gmt":"2025-11-03T20:16:53","guid":{"rendered":"https:\/\/radiorevelacionfm.cl\/?p=61042"},"modified":"2025-11-03T17:16:53","modified_gmt":"2025-11-03T20:16:53","slug":"la-mayor-cruzada-de-reciclaje-en-chile-cumple-una-decada-apoyando-a-teleton-y-este-ano-busca-recaudar-175-toneladas-de-botellas-plasticas","status":"publish","type":"post","link":"https:\/\/radiorevelacionfm.cl\/?p=61042","title":{"rendered":"La mayor cruzada de Reciclaje en Chile cumple una d\u00e9cada apoyando a Telet\u00f3n y este a\u00f1o busca recaudar 175 toneladas de botellas pl\u00e1sticas"},"content":{"rendered":"<div class=\"flex_column av_one_full  flex_column_div av-zero-column-padding first  avia-builder-el-0  el_before_av_one_full  avia-builder-el-first  \" style='border-radius:0px; '><div  class='avia-image-container  av-styling-    avia-builder-el-1  avia-builder-el-no-sibling  avia-align-center '  itemprop=\"image\" itemscope=\"itemscope\" itemtype=\"https:\/\/schema.org\/ImageObject\"  ><div class='avia-image-container-inner'><div class='avia-image-overlay-wrap'><img decoding=\"async\" class='wp-image-61043 avia-img-lazy-loading-not-61043 avia_image' src=\"https:\/\/radiorevelacionfm.cl\/wp-content\/uploads\/2025\/11\/IMG_8135-1-1.jpg\" alt='' title='IMG_8135 (1) (1)' height=\"600\" width=\"1067\"  itemprop=\"thumbnailUrl\" srcset=\"https:\/\/radiorevelacionfm.cl\/wp-content\/uploads\/2025\/11\/IMG_8135-1-1.jpg 1067w, https:\/\/radiorevelacionfm.cl\/wp-content\/uploads\/2025\/11\/IMG_8135-1-1-300x169.jpg 300w, https:\/\/radiorevelacionfm.cl\/wp-content\/uploads\/2025\/11\/IMG_8135-1-1-1030x579.jpg 1030w, https:\/\/radiorevelacionfm.cl\/wp-content\/uploads\/2025\/11\/IMG_8135-1-1-768x432.jpg 768w, https:\/\/radiorevelacionfm.cl\/wp-content\/uploads\/2025\/11\/IMG_8135-1-1-705x396.jpg 705w, https:\/\/radiorevelacionfm.cl\/wp-content\/uploads\/2025\/11\/IMG_8135-1-1-450x253.jpg 450w, https:\/\/radiorevelacionfm.cl\/wp-content\/uploads\/2025\/11\/IMG_8135-1-1-600x337.jpg 600w\" sizes=\"(max-width: 1067px) 100vw, 1067px\" \/><\/div><\/div><\/div><\/div><div class=\"flex_column av_one_full  flex_column_div av-zero-column-padding first  avia-builder-el-2  el_after_av_one_full  el_before_av_one_full  column-top-margin\" style='border-radius:0px; '><section class=\"av_textblock_section \"  itemscope=\"itemscope\" itemtype=\"https:\/\/schema.org\/BlogPosting\" itemprop=\"blogPost\" ><div class='avia_textblock  '   itemprop=\"text\" ><p style=\"text-align: center;\"><span style=\"font-size: 18pt;\"><strong>La mayor cruzada de Reciclaje en Chile cumple una d\u00e9cada apoyando a Telet\u00f3n y este a\u00f1o busca recaudar 175 toneladas de botellas pl\u00e1sticas<\/strong><\/span><\/p>\n<div id=\"gtx-trans\" style=\"position: absolute; left: -50px; top: 4.31534px;\">\n<div class=\"gtx-trans-icon\"><\/div>\n<\/div>\n<\/div><\/section><\/div><div class=\"flex_column av_one_full  flex_column_div av-zero-column-padding first  avia-builder-el-4  el_after_av_one_full  el_before_av_hr  column-top-margin\" style='border-radius:0px; '><section class=\"av_textblock_section \"  itemscope=\"itemscope\" itemtype=\"https:\/\/schema.org\/BlogPosting\" itemprop=\"blogPost\" ><div class='avia_textblock  '   itemprop=\"text\" ><p style=\"text-align: justify;\"><em>La iniciativa liderada por Telet\u00f3n, CCU, Bilz y Pap y el Ministerio de Medio Ambiente estar\u00e1 activa hasta el 29 de noviembre y cuenta con cerca de 500 puntos de acopio de Arica a Magallanes, 12 de ellos se encuentran en la Regi\u00f3n de Ays\u00e9n .<\/em><\/p>\n<p style=\"text-align: justify;\"><em>\u00a0<\/em>\u201cFamilias reciclando en #ModoBilzyPap\u201d cumple una d\u00e9cada y CCU, Bilz y Pap y el Ministerio del Medio Ambiente renovaron su llamado para que las familias y los ni\u00f1os de todo Chile lleven sus botellas pl\u00e1sticas a los puntos de acopio, con el fin de reciclarlas y convertirlas en materia primas para elaborar otras botellas y apoyar a la Telet\u00f3n.<\/p>\n<p style=\"text-align: justify;\">En sus 10 a\u00f1os de existencia se ha transformado en la mayor cruzada de reciclaje del pa\u00eds, recolectando cerca de 650 toneladas de pl\u00e1stico PET. Para este a\u00f1o la meta es llegar a 175 toneladas, en homenaje al aniversario de CCU.<\/p>\n<p style=\"text-align: justify;\">La participaci\u00f3n de los chilenos y chilenas es clave para poder cumplir dicha meta, ya que se espera que cada familia aporte al menos dos botellas.<\/p>\n<p style=\"text-align: justify;\">Para la tarea, que estar\u00e1 activa hasta el 29 de noviembre, se habilitar\u00e1n cerca de 500 puntos de acopio de Arica a Magallanes y contar\u00e1 con el apoyo de m\u00e1s de 100 municipalidades en todo Chile, junto con los Sistemas de Gesti\u00f3n de Residuos de Envases y Embalajes, ReSimple y GiroRecicla. Los envases reunidos ser\u00e1n trasladados a la planta de reciclaje botella a botella CirCCUlar, para as\u00ed generar nuevas botellas y aportar a una econom\u00eda m\u00e1s circular.<\/p>\n<p style=\"text-align: justify;\">Hans Zimmermann, Seremi (s) de Medio Ambiente de la Regi\u00f3n de Ays\u00e9n del General Carlos Ib\u00e1\u00f1ez del Campo, expres\u00f3 que \u201cestamos acompa\u00f1ando a Telet\u00f3n en la d\u00e9cima versi\u00f3n de esta campa\u00f1a solidaria y sustentable, y queremos invitar a las familias de nuestra regi\u00f3n a que se sumen a la tarea Familias Reciclando en #ModoBilzyPap trayendo sus botellas PET a los puntos de reciclaje. Como ministerio apoyamos esta iniciativa que nos ayuda a promover buenas pr\u00e1cticas ambientales, recircular nuestros residuos, fomentar el reciclaje y adem\u00e1s apoyar la magna tarea que realiza Telet\u00f3n en nuestra regi\u00f3n\u201d, agregando que en la regi\u00f3n de Ays\u00e9n contaremos con 12 puntos de recolecci\u00f3n municipales, divididos en las ciudades de Coyhaique, Puerto Ingeniero Ib\u00e1\u00f1ez, Puerto Ays\u00e9n y Caleta Tortel.<\/p>\n<p style=\"text-align: justify;\">El lanzamiento se realiz\u00f3 de manera simult\u00e1nea en 15 regiones de todo el pa\u00eds, se efectu\u00f3 en el Instituto Telet\u00f3n y cont\u00f3 con la participaci\u00f3n de Hans Zimmermann, Seremi (s) de Medio Ambiente de la Regi\u00f3n de Ays\u00e9n del General Carlos Ib\u00e1\u00f1ez del Campo; Daniela Jim\u00e9nez, Jefa Administrativa del Instituto Telet\u00f3n Ays\u00e9n, y Alex Mancilla, jefe de Ventas CCU Regi\u00f3n de Ays\u00e9n.<\/p>\n<p style=\"text-align: justify;\">\u201cEstamos encantados de participar nuevamente en esta campa\u00f1a. Como bien dec\u00edan, es la mayor campa\u00f1a de reciclaje que se hace en el pa\u00eds, gracias a nuestros ni\u00f1os que son los principales embajadores del reciclaje para alcanzar esta meta de 175 toneladas en honor a los 175 a\u00f1os que CCU cumple en Chile\u201d, coment\u00f3 Alex Mancilla, de CCU Ays\u00e9n.<\/p>\n<p style=\"text-align: justify;\">La representante de Fundaci\u00f3n Telet\u00f3n, Daniela Jim\u00e9nez sostuvo que \u201cEste a\u00f1o estamos una vez m\u00e1s a trav\u00e9s de la alianza con CCU y el Ministerio de Medio Ambiente y ms de 50 municipalidades a lo largo de Chile para esta nueva campa\u00f1a. La idea este a\u00f1o es reunir 175 toneladas a trav\u00e9s de una campa\u00f1a muy linda que involucra a la familia y a los ni\u00f1os como principales promotores, as\u00ed que esperamos que puedan participar este a\u00f1o de esta forma, cuidando el medio ambiente.\u201d<\/p>\n<p style=\"text-align: justify;\">La informaci\u00f3n de los puntos de reciclaje est\u00e1 disponible en la p\u00e1gina web de Bilz y Pap <a href=\"http:\/\/www.bilzypap.cl\">www.bilzypap.cl<\/a> y en Facebook e Instagram @BilzyPapcl. La tarea considera la recolecci\u00f3n de envases pl\u00e1sticos PET, tanto de bebidas, jugos y aguas de todas las marcas y formatos, sin distinci\u00f3n, el \u00fanico requisito es que sean botellas pl\u00e1sticas PET (C\u00f3digo de Reciclaje N\u00b01).<\/p>\n<p style=\"text-align: justify;\"><em>Telet\u00f3n, 28 y 29 de noviembre, Tu coraz\u00f3n es el coraz\u00f3n de la Telet\u00f3n <\/em><\/p>\n<\/div><\/section><\/div><div  style='height:50px' class='hr hr-invisible   avia-builder-el-6  el_after_av_one_full  el_before_av_social_share '><span class='hr-inner ' ><span class='hr-inner-style'><\/span><\/span><\/div><\/p>\n<div  class='av-social-sharing-box  avia-builder-el-7  el_after_av_hr  el_before_av_hr  '><div class='av-share-box'><h5 class='av-share-link-description av-no-toc '>Compartir esta noticia<\/h5><ul class='av-share-box-list noLightbox'><li class='av-share-link av-social-link-facebook' ><a target=\"_blank\" aria-label=\"Compartir en Facebook\" href='https:\/\/www.facebook.com\/sharer.php?u=https:\/\/radiorevelacionfm.cl\/?p=61042&#038;t=La%20mayor%20cruzada%20de%20Reciclaje%20en%20Chile%20cumple%20una%20d%C3%A9cada%20apoyando%20a%20Telet%C3%B3n%20y%20este%20a%C3%B1o%20busca%20recaudar%20175%20toneladas%20de%20botellas%20pl%C3%A1sticas' aria-hidden='false' data-av_icon='\ue8f3' data-av_iconfont='entypo-fontello' title='' data-avia-related-tooltip='Compartir en Facebook' rel=\"noopener\"><span class='avia_hidden_link_text'>Compartir en Facebook<\/span><\/a><\/li><li class='av-share-link av-social-link-twitter' ><a target=\"_blank\" aria-label=\"Compartir en Twitter\" href='https:\/\/twitter.com\/share?text=La%20mayor%20cruzada%20de%20Reciclaje%20en%20Chile%20cumple%20una%20d%C3%A9cada%20apoyando%20a%20Telet%C3%B3n%20y%20este%20a%C3%B1o%20busca%20recaudar%20175%20toneladas%20de%20botellas%20pl%C3%A1sticas&#038;url=https:\/\/radiorevelacionfm.cl\/?p=61042' aria-hidden='false' data-av_icon='\ue8f1' data-av_iconfont='entypo-fontello' title='' data-avia-related-tooltip='Compartir en Twitter' rel=\"noopener\"><span class='avia_hidden_link_text'>Compartir en Twitter<\/span><\/a><\/li><li class='av-share-link av-social-link-whatsapp' ><a target=\"_blank\" aria-label=\"Compartir en Whatsapp\" href='https:\/\/api.whatsapp.com\/send?text=https:\/\/radiorevelacionfm.cl\/?p=61042' aria-hidden='false' data-av_icon='\uf232' data-av_iconfont='entypo-fontello' title='' data-avia-related-tooltip='Compartir en Whatsapp' rel=\"noopener\"><span class='avia_hidden_link_text'>Compartir en Whatsapp<\/span><\/a><\/li><li class='av-share-link av-social-link-linkedin' ><a target=\"_blank\" aria-label=\"Compartir en LinkedIn\" href='https:\/\/linkedin.com\/shareArticle?mini=true&#038;title=La%20mayor%20cruzada%20de%20Reciclaje%20en%20Chile%20cumple%20una%20d%C3%A9cada%20apoyando%20a%20Telet%C3%B3n%20y%20este%20a%C3%B1o%20busca%20recaudar%20175%20toneladas%20de%20botellas%20pl%C3%A1sticas&#038;url=https:\/\/radiorevelacionfm.cl\/?p=61042' aria-hidden='false' data-av_icon='\ue8fc' data-av_iconfont='entypo-fontello' title='' data-avia-related-tooltip='Compartir en LinkedIn' rel=\"noopener\"><span class='avia_hidden_link_text'>Compartir en LinkedIn<\/span><\/a><\/li><li class='av-share-link av-social-link-mail' ><a  aria-label=\"Compartir por correo\" href='mailto:?subject=La%20mayor%20cruzada%20de%20Reciclaje%20en%20Chile%20cumple%20una%20d%C3%A9cada%20apoyando%20a%20Telet%C3%B3n%20y%20este%20a%C3%B1o%20busca%20recaudar%20175%20toneladas%20de%20botellas%20pl%C3%A1sticas&#038;body=https:\/\/radiorevelacionfm.cl\/?p=61042' aria-hidden='false' data-av_icon='\ue805' data-av_iconfont='entypo-fontello' title='' data-avia-related-tooltip='Compartir por correo'><span class='avia_hidden_link_text'>Compartir por correo<\/span><\/a><\/li><\/ul><\/div><\/div>\n<div  style='height:50px' class='hr hr-invisible   avia-builder-el-8  el_after_av_social_share  el_before_av_comments_list '><span class='hr-inner ' ><span class='hr-inner-style'><\/span><\/span><\/div>\n<div  class='av-buildercomment  av-blog-meta-html-info-disabled av-blog-meta-tag-disabled  '><\/div>\n","protected":false},"excerpt":{"rendered":"","protected":false},"author":1,"featured_media":61043,"comment_status":"closed","ping_status":"closed","sticky":false,"template":"","format":"standard","meta":{"footnotes":""},"categories":[38],"tags":[],"class_list":["post-61042","post","type-post","status-publish","format-standard","has-post-thumbnail","hentry","category-regional"],"jetpack_featured_media_url":"https:\/\/radiorevelacionfm.cl\/wp-content\/uploads\/2025\/11\/IMG_8135-1-1.jpg","_links":{"self":[{"href":"https:\/\/radiorevelacionfm.cl\/index.php?rest_route=\/wp\/v2\/posts\/61042","targetHints":{"allow":["GET"]}}],"collection":[{"href":"https:\/\/radiorevelacionfm.cl\/index.php?rest_route=\/wp\/v2\/posts"}],"about":[{"href":"https:\/\/radiorevelacionfm.cl\/index.php?rest_route=\/wp\/v2\/types\/post"}],"author":[{"embeddable":true,"href":"https:\/\/radiorevelacionfm.cl\/index.php?rest_route=\/wp\/v2\/users\/1"}],"replies":[{"embeddable":true,"href":"https:\/\/radiorevelacionfm.cl\/index.php?rest_route=%2Fwp%2Fv2%2Fcomments&post=61042"}],"version-history":[{"count":2,"href":"https:\/\/radiorevelacionfm.cl\/index.php?rest_route=\/wp\/v2\/posts\/61042\/revisions"}],"predecessor-version":[{"id":61051,"href":"https:\/\/radiorevelacionfm.cl\/index.php?rest_route=\/wp\/v2\/posts\/61042\/revisions\/61051"}],"wp:featuredmedia":[{"embeddable":true,"href":"https:\/\/radiorevelacionfm.cl\/index.php?rest_route=\/wp\/v2\/media\/61043"}],"wp:attachment":[{"href":"https:\/\/radiorevelacionfm.cl\/index.php?rest_route=%2Fwp%2Fv2%2Fmedia&parent=61042"}],"wp:term":[{"taxonomy":"category","embeddable":true,"href":"https:\/\/radiorevelacionfm.cl\/index.php?rest_route=%2Fwp%2Fv2%2Fcategories&post=61042"},{"taxonomy":"post_tag","embeddable":true,"href":"https:\/\/radiorevelacionfm.cl\/index.php?rest_route=%2Fwp%2Fv2%2Ftags&post=61042"}],"curies":[{"name":"wp","href":"https:\/\/api.w.org\/{rel}","templated":true}]}}