{"id":61037,"date":"2025-11-03T16:36:48","date_gmt":"2025-11-03T19:36:48","guid":{"rendered":"https:\/\/radiorevelacionfm.cl\/?p=61037"},"modified":"2025-11-03T16:36:48","modified_gmt":"2025-11-03T19:36:48","slug":"trabajadores-funcionarios-municipales-y-estudiantes-participaron-en-plaza-de-justicia-y-derechos-humanos-realizada-en-la-junta","status":"publish","type":"post","link":"https:\/\/radiorevelacionfm.cl\/?p=61037","title":{"rendered":"Trabajadores, funcionarios municipales y estudiantes participaron en Plaza de Justicia y Derechos Humanos realizada en La Junta"},"content":{"rendered":"<div class=\"flex_column av_one_full  flex_column_div av-zero-column-padding first  avia-builder-el-0  el_before_av_one_full  avia-builder-el-first  \" style='border-radius:0px; '><div  class='avia-image-container  av-styling-    avia-builder-el-1  avia-builder-el-no-sibling  avia-align-center '  itemprop=\"image\" itemscope=\"itemscope\" itemtype=\"https:\/\/schema.org\/ImageObject\"  ><div class='avia-image-container-inner'><div class='avia-image-overlay-wrap'><img decoding=\"async\" class='wp-image-61038 avia-img-lazy-loading-not-61038 avia_image' src=\"https:\/\/radiorevelacionfm.cl\/wp-content\/uploads\/2025\/11\/2-2025-11-03T163524.111-1-1.jpg\" alt='' title='2 - 2025-11-03T163524.111 (1) (1)' height=\"600\" width=\"800\"  itemprop=\"thumbnailUrl\" srcset=\"https:\/\/radiorevelacionfm.cl\/wp-content\/uploads\/2025\/11\/2-2025-11-03T163524.111-1-1.jpg 800w, https:\/\/radiorevelacionfm.cl\/wp-content\/uploads\/2025\/11\/2-2025-11-03T163524.111-1-1-300x225.jpg 300w, https:\/\/radiorevelacionfm.cl\/wp-content\/uploads\/2025\/11\/2-2025-11-03T163524.111-1-1-768x576.jpg 768w, https:\/\/radiorevelacionfm.cl\/wp-content\/uploads\/2025\/11\/2-2025-11-03T163524.111-1-1-705x529.jpg 705w, https:\/\/radiorevelacionfm.cl\/wp-content\/uploads\/2025\/11\/2-2025-11-03T163524.111-1-1-450x338.jpg 450w, https:\/\/radiorevelacionfm.cl\/wp-content\/uploads\/2025\/11\/2-2025-11-03T163524.111-1-1-600x450.jpg 600w\" sizes=\"(max-width: 800px) 100vw, 800px\" \/><\/div><\/div><\/div><\/div><div class=\"flex_column av_one_full  flex_column_div av-zero-column-padding first  avia-builder-el-2  el_after_av_one_full  el_before_av_one_full  column-top-margin\" style='border-radius:0px; '><section class=\"av_textblock_section \"  itemscope=\"itemscope\" itemtype=\"https:\/\/schema.org\/BlogPosting\" itemprop=\"blogPost\" ><div class='avia_textblock  '   itemprop=\"text\" ><p style=\"text-align: center;\"><span style=\"font-size: 18pt;\"><strong>Trabajadores, funcionarios municipales y estudiantes participaron en Plaza de Justicia y Derechos Humanos realizada en La Junta \u00a0<\/strong><\/span><\/p>\n<div id=\"gtx-trans\" style=\"position: absolute; left: -50px; top: 4.31534px;\">\n<div class=\"gtx-trans-icon\"><\/div>\n<\/div>\n<\/div><\/section><\/div><div class=\"flex_column av_one_full  flex_column_div av-zero-column-padding first  avia-builder-el-4  el_after_av_one_full  el_before_av_hr  column-top-margin\" style='border-radius:0px; '><section class=\"av_textblock_section \"  itemscope=\"itemscope\" itemtype=\"https:\/\/schema.org\/BlogPosting\" itemprop=\"blogPost\" ><div class='avia_textblock  '   itemprop=\"text\" ><p style=\"text-align: justify;\"><em>A trav\u00e9s de una modalidad distinta que permiti\u00f3 atender a distintos p\u00fablicos de manera simult\u00e1nea, los servicios del sector Justicia abordaron diversas tem\u00e1ticas de inter\u00e9s para la comunidad.<\/em><\/p>\n<p style=\"text-align: justify;\">Cerca de 200 personas entre estudiantes, trabajadores municipales y pobladores de la localidad de La Junta participaron recientemente de una nueva jornada de Plaza de Justicia y DDHH, instancia encabezada por el Seremi de la cartera Samuel Navarro Castro y que en esta oportunidad abord\u00f3 tem\u00e1ticas tales como Ley Karin, Ley de Responsabilidad Parental y Pago Efectivo de Pensiones de Alimentos, uso de canales remotos del Registro Civil, tr\u00e1mites y obtenci\u00f3n de certificados en l\u00ednea, Posesiones Efectivas, Ley de responsabilidad penal adolescente y ejecuci\u00f3n de medidas y sanciones, entre otras.<\/p>\n<p style=\"text-align: justify;\">Dicha jornada realizada en la zona norte de nuestra regi\u00f3n permiti\u00f3 el despliegue de funcionarios de la Defensor\u00eda Penal P\u00fablica, Servicio de Registro Civil e Identificaci\u00f3n, Servicio de Reinserci\u00f3n Social Juvenil, Corporaci\u00f3n de Asistencia Judicial y Gendarmer\u00eda de Chile, quienes desarrollaron diversas charlas a distintos p\u00fablicos objetivos, esto previa coordinaci\u00f3n realizada con actores locales.<\/p>\n<p style=\"text-align: justify;\">La jefa de Unidad T\u00e9cnica Pedag\u00f3gica la escuela y liceo Eusebio Ibar Schepeller de La Junta, Deisy M\u00e9ndez se refiri\u00f3 a las actividades desarrolladas por parte de los equipos de la Defensor\u00eda Penal P\u00fablica y del Servicio de Reinserci\u00f3n Social Juvenil se\u00f1al\u00f3 que \u201cprimero que todo agradecerles por habernos venido a visitar, sabemos que vivimos en una zona extrema y que estamos bastante alejados de las grandes ciudades, y aun as\u00ed, vinieron a entregarnos informaci\u00f3n relevante para nuestra comunidad educativa, para nuestros estudiantes, estuvieron realizando diversas actividades con enfoque en lo preventivo que es lo que se busca, as\u00ed que para nosotros ha sido un honor contar con su presencia\u201d.<\/p>\n<p style=\"text-align: justify;\">Ahora, respecto a la importancia de realizar estas acciones en localidades alejadas, el Seremi de Justicia y Derechos Humanos, Samuel Navarro Castro explic\u00f3 que \u201cestamos concluyendo las actividades en la localidad de la Junta, de esta plaza de Justicia y Derechos Humanos a la cual han concurrido diversos servicios p\u00fablicos dependientes y relacionados de la cartera de Justicia, hemos tenido actividades en la sede de la junta de vecinos gracias a la delegaci\u00f3n municipal, en el liceo Eusebio Ibar Schepeller y en el jard\u00edn infantil Rayito de Sol, en todas aquellas han estado los servicios dependientes y relacionados del sector Justicia, hemos contado con una gran aceptaci\u00f3n, felicitaciones y con una masiva concurrencia, seguiremos acercando los servicios de justicia a la gente para desarrollar las actividades que nos ha encomendado nuestro Gobierno\u201d.<\/p>\n<p style=\"text-align: justify;\">A su vez, la delegada municipal de La Junta, Sabina Z\u00e1rate destac\u00f3 la importancia de poder capacitar a los funcionarios y trabajadores municipales en tem\u00e1ticas importantes como la Ley Papito Coraz\u00f3n y la Ley Karin se\u00f1alando que \u201cme parece muy importante que los equipos se puedan descentralizar un poco desde la capital regional hacia las localidades, siempre es bueno recalcar estas nuevas leyes que van saliendo que nos protegen a nosotros como trabajadores y que tenemos hoy d\u00eda tan vigentes dentro de la comuna, del trabajo que realizamos cada d\u00eda, y como funcionarios tambi\u00e9n nos sentimos respaldados con esto, ya que tenemos un conocimiento previo, adonde acudir, como hacerlo en cuanto a estos temas, participaron alrededor de 40 personas entre funcionarios de la delegaci\u00f3n municipal y trabajadores de los parque y jardines que tambi\u00e9n son parte de nuestro equipo\u201d.<\/p>\n<p style=\"text-align: justify;\">Mientras que la directora del Jard\u00edn Infantil Rayito de Sol, Danitza Jorquera se refiri\u00f3 a la visita y a las actividades realizadas por los funcionarios del Registro Civil acompa\u00f1ados del corp\u00f3reo Celia Run con los ni\u00f1os y ni\u00f1as se\u00f1alando que \u201ces maravilloso que vengan a hacer este tipo de visitas y actividades dentro de estos jardines, sobre todo porque somos rurales y tenemos muy poco acceso a las instituciones que est\u00e1n en la capital regional, as\u00ed que el poder ofrecerles esta oportunidad a los ni\u00f1os y ni\u00f1as es maravilloso, adem\u00e1s que va muy de la mano con los objetivos de aprendizaje que trabajamos dentro de los jardines infantiles sobre todo los que est\u00e1n anclados en la identidad y la autonom\u00eda para poder relevar los derechos de los ni\u00f1os y ni\u00f1as sobre todo aquel de poder tener un nombre\u201d.<\/p>\n<p style=\"text-align: justify;\">Finalmente, cabe mencionar que estas Plazas de Justicia y Derechos Humanos permiten a trav\u00e9s de una modalidad distinta atender a la comunidad de manera simult\u00e1nea, en donde los servicios p\u00fablicos abordan tem\u00e1ticas desde sus distintos \u00e1mbitos de competencia, llegando con informaci\u00f3n de manera m\u00e1s eficiente y efectiva.<\/p>\n<\/div><\/section><\/div><div  style='height:50px' class='hr hr-invisible   avia-builder-el-6  el_after_av_one_full  el_before_av_social_share '><span class='hr-inner ' ><span class='hr-inner-style'><\/span><\/span><\/div><\/p>\n<div  class='av-social-sharing-box  avia-builder-el-7  el_after_av_hr  el_before_av_hr  '><div class='av-share-box'><h5 class='av-share-link-description av-no-toc '>Compartir esta noticia<\/h5><ul class='av-share-box-list noLightbox'><li class='av-share-link av-social-link-facebook' ><a target=\"_blank\" aria-label=\"Compartir en Facebook\" href='https:\/\/www.facebook.com\/sharer.php?u=https:\/\/radiorevelacionfm.cl\/?p=61037&#038;t=Trabajadores%2C%20funcionarios%20municipales%20y%20estudiantes%20participaron%20en%20Plaza%20de%20Justicia%20y%20Derechos%20Humanos%20realizada%20en%20La%20Junta' aria-hidden='false' data-av_icon='\ue8f3' data-av_iconfont='entypo-fontello' title='' data-avia-related-tooltip='Compartir en Facebook' rel=\"noopener\"><span class='avia_hidden_link_text'>Compartir en Facebook<\/span><\/a><\/li><li class='av-share-link av-social-link-twitter' ><a target=\"_blank\" aria-label=\"Compartir en Twitter\" href='https:\/\/twitter.com\/share?text=Trabajadores%2C%20funcionarios%20municipales%20y%20estudiantes%20participaron%20en%20Plaza%20de%20Justicia%20y%20Derechos%20Humanos%20realizada%20en%20La%20Junta&#038;url=https:\/\/radiorevelacionfm.cl\/?p=61037' aria-hidden='false' data-av_icon='\ue8f1' data-av_iconfont='entypo-fontello' title='' data-avia-related-tooltip='Compartir en Twitter' rel=\"noopener\"><span class='avia_hidden_link_text'>Compartir en Twitter<\/span><\/a><\/li><li class='av-share-link av-social-link-whatsapp' ><a target=\"_blank\" aria-label=\"Compartir en Whatsapp\" href='https:\/\/api.whatsapp.com\/send?text=https:\/\/radiorevelacionfm.cl\/?p=61037' aria-hidden='false' data-av_icon='\uf232' data-av_iconfont='entypo-fontello' title='' data-avia-related-tooltip='Compartir en Whatsapp' rel=\"noopener\"><span class='avia_hidden_link_text'>Compartir en Whatsapp<\/span><\/a><\/li><li class='av-share-link av-social-link-linkedin' ><a target=\"_blank\" aria-label=\"Compartir en LinkedIn\" href='https:\/\/linkedin.com\/shareArticle?mini=true&#038;title=Trabajadores%2C%20funcionarios%20municipales%20y%20estudiantes%20participaron%20en%20Plaza%20de%20Justicia%20y%20Derechos%20Humanos%20realizada%20en%20La%20Junta&#038;url=https:\/\/radiorevelacionfm.cl\/?p=61037' aria-hidden='false' data-av_icon='\ue8fc' data-av_iconfont='entypo-fontello' title='' data-avia-related-tooltip='Compartir en LinkedIn' rel=\"noopener\"><span class='avia_hidden_link_text'>Compartir en LinkedIn<\/span><\/a><\/li><li class='av-share-link av-social-link-mail' ><a  aria-label=\"Compartir por correo\" href='mailto:?subject=Trabajadores%2C%20funcionarios%20municipales%20y%20estudiantes%20participaron%20en%20Plaza%20de%20Justicia%20y%20Derechos%20Humanos%20realizada%20en%20La%20Junta&#038;body=https:\/\/radiorevelacionfm.cl\/?p=61037' aria-hidden='false' data-av_icon='\ue805' data-av_iconfont='entypo-fontello' title='' data-avia-related-tooltip='Compartir por correo'><span class='avia_hidden_link_text'>Compartir por correo<\/span><\/a><\/li><\/ul><\/div><\/div>\n<div  style='height:50px' class='hr hr-invisible   avia-builder-el-8  el_after_av_social_share  el_before_av_comments_list '><span class='hr-inner ' ><span class='hr-inner-style'><\/span><\/span><\/div>\n<div  class='av-buildercomment  av-blog-meta-html-info-disabled av-blog-meta-tag-disabled  '><\/div>\n","protected":false},"excerpt":{"rendered":"","protected":false},"author":1,"featured_media":61038,"comment_status":"closed","ping_status":"closed","sticky":false,"template":"","format":"standard","meta":{"footnotes":""},"categories":[55],"tags":[],"class_list":["post-61037","post","type-post","status-publish","format-standard","has-post-thumbnail","hentry","category-justicia"],"jetpack_featured_media_url":"https:\/\/radiorevelacionfm.cl\/wp-content\/uploads\/2025\/11\/2-2025-11-03T163524.111-1-1.jpg","_links":{"self":[{"href":"https:\/\/radiorevelacionfm.cl\/index.php?rest_route=\/wp\/v2\/posts\/61037","targetHints":{"allow":["GET"]}}],"collection":[{"href":"https:\/\/radiorevelacionfm.cl\/index.php?rest_route=\/wp\/v2\/posts"}],"about":[{"href":"https:\/\/radiorevelacionfm.cl\/index.php?rest_route=\/wp\/v2\/types\/post"}],"author":[{"embeddable":true,"href":"https:\/\/radiorevelacionfm.cl\/index.php?rest_route=\/wp\/v2\/users\/1"}],"replies":[{"embeddable":true,"href":"https:\/\/radiorevelacionfm.cl\/index.php?rest_route=%2Fwp%2Fv2%2Fcomments&post=61037"}],"version-history":[{"count":2,"href":"https:\/\/radiorevelacionfm.cl\/index.php?rest_route=\/wp\/v2\/posts\/61037\/revisions"}],"predecessor-version":[{"id":61041,"href":"https:\/\/radiorevelacionfm.cl\/index.php?rest_route=\/wp\/v2\/posts\/61037\/revisions\/61041"}],"wp:featuredmedia":[{"embeddable":true,"href":"https:\/\/radiorevelacionfm.cl\/index.php?rest_route=\/wp\/v2\/media\/61038"}],"wp:attachment":[{"href":"https:\/\/radiorevelacionfm.cl\/index.php?rest_route=%2Fwp%2Fv2%2Fmedia&parent=61037"}],"wp:term":[{"taxonomy":"category","embeddable":true,"href":"https:\/\/radiorevelacionfm.cl\/index.php?rest_route=%2Fwp%2Fv2%2Fcategories&post=61037"},{"taxonomy":"post_tag","embeddable":true,"href":"https:\/\/radiorevelacionfm.cl\/index.php?rest_route=%2Fwp%2Fv2%2Ftags&post=61037"}],"curies":[{"name":"wp","href":"https:\/\/api.w.org\/{rel}","templated":true}]}}