{"id":61033,"date":"2025-11-03T12:17:25","date_gmt":"2025-11-03T15:17:25","guid":{"rendered":"https:\/\/radiorevelacionfm.cl\/?p=61033"},"modified":"2025-11-03T12:17:25","modified_gmt":"2025-11-03T15:17:25","slug":"senda-presenta-resultados-del-tercer-estudio-de-consumo-de-drogas-en-educacion-superior","status":"publish","type":"post","link":"https:\/\/radiorevelacionfm.cl\/?p=61033","title":{"rendered":"SENDA presenta resultados del Tercer  Estudio de Consumo de Drogas en Educaci\u00f3n Superior"},"content":{"rendered":"<div class=\"flex_column av_one_full  flex_column_div av-zero-column-padding first  avia-builder-el-0  el_before_av_one_full  avia-builder-el-first  \" style='border-radius:0px; '><div  class='avia-image-container  av-styling-    avia-builder-el-1  avia-builder-el-no-sibling  avia-align-center '  itemprop=\"image\" itemscope=\"itemscope\" itemtype=\"https:\/\/schema.org\/ImageObject\"  ><div class='avia-image-container-inner'><div class='avia-image-overlay-wrap'><img decoding=\"async\" class='wp-image-61034 avia-img-lazy-loading-not-61034 avia_image' src=\"https:\/\/radiorevelacionfm.cl\/wp-content\/uploads\/2025\/11\/DROGAS-e1515020659675-1.jpg\" alt='' title='DROGAS-e1515020659675 (1)' height=\"600\" width=\"1238\"  itemprop=\"thumbnailUrl\" srcset=\"https:\/\/radiorevelacionfm.cl\/wp-content\/uploads\/2025\/11\/DROGAS-e1515020659675-1.jpg 1238w, https:\/\/radiorevelacionfm.cl\/wp-content\/uploads\/2025\/11\/DROGAS-e1515020659675-1-300x145.jpg 300w, https:\/\/radiorevelacionfm.cl\/wp-content\/uploads\/2025\/11\/DROGAS-e1515020659675-1-1030x499.jpg 1030w, https:\/\/radiorevelacionfm.cl\/wp-content\/uploads\/2025\/11\/DROGAS-e1515020659675-1-768x372.jpg 768w, https:\/\/radiorevelacionfm.cl\/wp-content\/uploads\/2025\/11\/DROGAS-e1515020659675-1-705x342.jpg 705w, https:\/\/radiorevelacionfm.cl\/wp-content\/uploads\/2025\/11\/DROGAS-e1515020659675-1-450x218.jpg 450w, https:\/\/radiorevelacionfm.cl\/wp-content\/uploads\/2025\/11\/DROGAS-e1515020659675-1-600x291.jpg 600w\" sizes=\"(max-width: 1238px) 100vw, 1238px\" \/><\/div><\/div><\/div><\/div><div class=\"flex_column av_one_full  flex_column_div av-zero-column-padding first  avia-builder-el-2  el_after_av_one_full  el_before_av_one_full  column-top-margin\" style='border-radius:0px; '><section class=\"av_textblock_section \"  itemscope=\"itemscope\" itemtype=\"https:\/\/schema.org\/BlogPosting\" itemprop=\"blogPost\" ><div class='avia_textblock  '   itemprop=\"text\" ><p style=\"text-align: center;\"><span style=\"font-size: 18pt;\"><strong>SENDA presenta resultados del Tercer Estudio de Consumo de Drogas en Educaci\u00f3n Superior<\/strong><\/span><\/p>\n<div id=\"gtx-trans\" style=\"position: absolute; left: -50px; top: 4.31534px;\">\n<div class=\"gtx-trans-icon\"><\/div>\n<\/div>\n<\/div><\/section><\/div><div class=\"flex_column av_one_full  flex_column_div av-zero-column-padding first  avia-builder-el-4  el_after_av_one_full  el_before_av_hr  column-top-margin\" style='border-radius:0px; '><section class=\"av_textblock_section \"  itemscope=\"itemscope\" itemtype=\"https:\/\/schema.org\/BlogPosting\" itemprop=\"blogPost\" ><div class='avia_textblock  '   itemprop=\"text\" ><p style=\"text-align: justify;\"><em>Menos estudiantes consumen alcohol y marihuana, pero quienes lo hacen tienden a un uso m\u00e1s intenso.<\/em><\/p>\n<p style=\"text-align: justify;\">El Servicio Nacional para la Prevenci\u00f3n y Rehabilitaci\u00f3n del Consumo de Drogas y Alcohol (SENDA) dio a conocer los resultados del <em>Tercer Estudio de Consumo de Drogas en Educaci\u00f3n Superior<\/em>, que muestra un menor consumo de alcohol y marihuana entre los estudiantes, aunque con patrones de mayor intensidad de uso.<\/p>\n<p style=\"text-align: justify;\">El estudio \u2014realizado entre el 15 de mayo y el 27 de julio de 2025\u2014 se aplic\u00f3 a 28.362 estudiantes de 66 instituciones de educaci\u00f3n superior en las 16 regiones del pa\u00eds, mediante una encuesta online an\u00f3nima gestionada por el Observatorio Chileno de Drogas de SENDA.<\/p>\n<p style=\"text-align: justify;\">La prevalencia de consumo de alcohol durante el \u00faltimo mes fue de 42,3%. Sin embargo, el 60,9% de quienes bebieron en ese per\u00edodo declara haberse embriagado al menos una vez, lo que refleja patrones de consumo intenso y potencialmente riesgosos.<\/p>\n<p style=\"text-align: justify;\">En el caso de la marihuana, el 23,0% de los estudiantes declara haberla consumido durante el \u00faltimo a\u00f1o (31,6% en 2021), y el 14,0% durante el \u00faltimo mes. Dentro de este \u00faltimo grupo, 6,6% del total de estudiantes la utiliz\u00f3 diez o m\u00e1s d\u00edas durante ese per\u00edodo, lo que tambi\u00e9n apunta a consumos m\u00e1s intensos.<\/p>\n<p style=\"text-align: justify;\">\u201cMenos estudiantes est\u00e1n consumiendo, pero quienes lo hacen tienden a hacerlo con mayor intensidad. Estos patrones no necesariamente implican un consumo problem\u00e1tico, pero s\u00ed son se\u00f1ales de riesgo que deben abordarse desde la prevenci\u00f3n\u201d, destac\u00f3 la directora nacional de SENDA, Natalia Riffo.<\/p>\n<p style=\"text-align: justify;\"><strong>Medicamentos sin receta y drogas sint\u00e9ticas<\/strong><\/p>\n<p style=\"text-align: justify;\">El estudio tambi\u00e9n identifica consumo de medicamentos sin receta m\u00e9dica en el \u00faltimo a\u00f1o, principalmente tranquilizantes (5,7%), analg\u00e9sicos (3,3%) y estimulantes (1,7%). \u00a0En el caso de tranquilizantes, el resultado es mayor al observado en 2021 (4,5%).<\/p>\n<p style=\"text-align: justify;\">Al respecto, SENDA advirti\u00f3 que este tipo de pr\u00e1cticas podr\u00eda estar relacionado con mecanismos para enfrentar el estr\u00e9s o las demandas acad\u00e9micas, por lo que plante\u00f3 la importancia de integrar la salud mental en las estrategias preventivas.<\/p>\n<p style=\"text-align: justify;\">En cuanto a las drogas sint\u00e9ticas, el estudio muestra prevalencias en el \u00faltimo a\u00f1o que se ubican en torno al 2%, entre ellas, \u00e9xtasis o MDMA (1,7%), tusi o ketamina (2,2%) y otras drogas sint\u00e9ticas (0,8%).<\/p>\n<p style=\"text-align: justify;\">La directora de SENDA destac\u00f3 que \u201cnuestra tarea es acompa\u00f1ar a las instituciones para generar entornos protectores, capacitar equipos y promover una cultura de cuidado. La prevenci\u00f3n debe estar integrada en la vida universitaria\u201d.<\/p>\n<p style=\"text-align: justify;\">En ese sentido, detall\u00f3 que SENDA ha impulsado una serie de medidas para fortalecer la prevenci\u00f3n en el \u00e1mbito universitario, entre ellas:<\/p>\n<ul style=\"text-align: justify;\">\n<li>Orientaciones T\u00e9cnicas para la Implementaci\u00f3n de un Modelo Preventivo, elaboradas junto al Consorcio de Universidades del Estado de Chile (CUECH).<\/li>\n<li>Protocolo para la Prevenci\u00f3n del Consumo de Sustancias y Detecci\u00f3n Temprana, que entrega un marco de acci\u00f3n para instituciones de educaci\u00f3n superior.<\/li>\n<li>Academia SENDA, con cursos gratuitos en Detecci\u00f3n Temprana, Educaci\u00f3n Superior y Detecci\u00f3n, Intervenci\u00f3n Breve y Referencia Asistida (DIR).<\/li>\n<li>Estrategias de gesti\u00f3n de riesgos orientadas a la poblaci\u00f3n joven, con lenguaje y tono adaptado a sus contextos de socializaci\u00f3n y ocio.<\/li>\n<\/ul>\n<p style=\"text-align: justify;\"><strong>Ficha T\u00e9cnica:<\/strong><\/p>\n<ul style=\"text-align: justify;\">\n<li>Encuesta online a 28.362 estudiantes de 66 establecimientos de Educaci\u00f3n Superior en las 16 regiones del pa\u00eds.<\/li>\n<li>Fecha aplicaci\u00f3n: 15 de mayo a 27 de julio de 2025.<\/li>\n<li>Aplicaci\u00f3n de cuestionario online a trav\u00e9s de un link facilitado por SENDA a cada casa de estudio participante.<\/li>\n<li>An\u00e1lisis de datos: Observatorio Chileno de Drogas, SENDA.<\/li>\n<li>Distribuci\u00f3n de la muestra seg\u00fan sexo: 60,5% mujeres, 37,2% hombres y 2,3% prefiere no responder.<\/li>\n<li>Distribuci\u00f3n de la muestra seg\u00fan edad: 17 y 20 a\u00f1os (36,8%); 21 y 22 a\u00f1os (19,9%); 23 y 24 a\u00f1os (11,8%); y 25 a\u00f1os o m\u00e1s (31,5%).<\/li>\n<\/ul>\n<\/div><\/section><\/div><div  style='height:50px' class='hr hr-invisible   avia-builder-el-6  el_after_av_one_full  el_before_av_social_share '><span class='hr-inner ' ><span class='hr-inner-style'><\/span><\/span><\/div><\/p>\n<div  class='av-social-sharing-box  avia-builder-el-7  el_after_av_hr  el_before_av_hr  '><div class='av-share-box'><h5 class='av-share-link-description av-no-toc '>Compartir esta noticia<\/h5><ul class='av-share-box-list noLightbox'><li class='av-share-link av-social-link-facebook' ><a target=\"_blank\" aria-label=\"Compartir en Facebook\" href='https:\/\/www.facebook.com\/sharer.php?u=https:\/\/radiorevelacionfm.cl\/?p=61033&#038;t=SENDA%20presenta%20resultados%20del%20Tercer%20%20Estudio%20de%20Consumo%20de%20Drogas%20en%20Educaci%C3%B3n%20Superior' aria-hidden='false' data-av_icon='\ue8f3' data-av_iconfont='entypo-fontello' title='' data-avia-related-tooltip='Compartir en Facebook' rel=\"noopener\"><span class='avia_hidden_link_text'>Compartir en Facebook<\/span><\/a><\/li><li class='av-share-link av-social-link-twitter' ><a target=\"_blank\" aria-label=\"Compartir en Twitter\" href='https:\/\/twitter.com\/share?text=SENDA%20presenta%20resultados%20del%20Tercer%20%20Estudio%20de%20Consumo%20de%20Drogas%20en%20Educaci%C3%B3n%20Superior&#038;url=https:\/\/radiorevelacionfm.cl\/?p=61033' aria-hidden='false' data-av_icon='\ue8f1' data-av_iconfont='entypo-fontello' title='' data-avia-related-tooltip='Compartir en Twitter' rel=\"noopener\"><span class='avia_hidden_link_text'>Compartir en Twitter<\/span><\/a><\/li><li class='av-share-link av-social-link-whatsapp' ><a target=\"_blank\" aria-label=\"Compartir en Whatsapp\" href='https:\/\/api.whatsapp.com\/send?text=https:\/\/radiorevelacionfm.cl\/?p=61033' aria-hidden='false' data-av_icon='\uf232' data-av_iconfont='entypo-fontello' title='' data-avia-related-tooltip='Compartir en Whatsapp' rel=\"noopener\"><span class='avia_hidden_link_text'>Compartir en Whatsapp<\/span><\/a><\/li><li class='av-share-link av-social-link-linkedin' ><a target=\"_blank\" aria-label=\"Compartir en LinkedIn\" href='https:\/\/linkedin.com\/shareArticle?mini=true&#038;title=SENDA%20presenta%20resultados%20del%20Tercer%20%20Estudio%20de%20Consumo%20de%20Drogas%20en%20Educaci%C3%B3n%20Superior&#038;url=https:\/\/radiorevelacionfm.cl\/?p=61033' aria-hidden='false' data-av_icon='\ue8fc' data-av_iconfont='entypo-fontello' title='' data-avia-related-tooltip='Compartir en LinkedIn' rel=\"noopener\"><span class='avia_hidden_link_text'>Compartir en LinkedIn<\/span><\/a><\/li><li class='av-share-link av-social-link-mail' ><a  aria-label=\"Compartir por correo\" href='mailto:?subject=SENDA%20presenta%20resultados%20del%20Tercer%20%20Estudio%20de%20Consumo%20de%20Drogas%20en%20Educaci%C3%B3n%20Superior&#038;body=https:\/\/radiorevelacionfm.cl\/?p=61033' aria-hidden='false' data-av_icon='\ue805' data-av_iconfont='entypo-fontello' title='' data-avia-related-tooltip='Compartir por correo'><span class='avia_hidden_link_text'>Compartir por correo<\/span><\/a><\/li><\/ul><\/div><\/div>\n<div  style='height:50px' class='hr hr-invisible   avia-builder-el-8  el_after_av_social_share  el_before_av_comments_list '><span class='hr-inner ' ><span class='hr-inner-style'><\/span><\/span><\/div>\n<div  class='av-buildercomment  av-blog-meta-html-info-disabled av-blog-meta-tag-disabled  '><\/div>\n","protected":false},"excerpt":{"rendered":"","protected":false},"author":1,"featured_media":61034,"comment_status":"closed","ping_status":"closed","sticky":false,"template":"","format":"standard","meta":{"footnotes":""},"categories":[49],"tags":[],"class_list":["post-61033","post","type-post","status-publish","format-standard","has-post-thumbnail","hentry","category-educacion"],"jetpack_featured_media_url":"https:\/\/radiorevelacionfm.cl\/wp-content\/uploads\/2025\/11\/DROGAS-e1515020659675-1.jpg","_links":{"self":[{"href":"https:\/\/radiorevelacionfm.cl\/index.php?rest_route=\/wp\/v2\/posts\/61033","targetHints":{"allow":["GET"]}}],"collection":[{"href":"https:\/\/radiorevelacionfm.cl\/index.php?rest_route=\/wp\/v2\/posts"}],"about":[{"href":"https:\/\/radiorevelacionfm.cl\/index.php?rest_route=\/wp\/v2\/types\/post"}],"author":[{"embeddable":true,"href":"https:\/\/radiorevelacionfm.cl\/index.php?rest_route=\/wp\/v2\/users\/1"}],"replies":[{"embeddable":true,"href":"https:\/\/radiorevelacionfm.cl\/index.php?rest_route=%2Fwp%2Fv2%2Fcomments&post=61033"}],"version-history":[{"count":2,"href":"https:\/\/radiorevelacionfm.cl\/index.php?rest_route=\/wp\/v2\/posts\/61033\/revisions"}],"predecessor-version":[{"id":61036,"href":"https:\/\/radiorevelacionfm.cl\/index.php?rest_route=\/wp\/v2\/posts\/61033\/revisions\/61036"}],"wp:featuredmedia":[{"embeddable":true,"href":"https:\/\/radiorevelacionfm.cl\/index.php?rest_route=\/wp\/v2\/media\/61034"}],"wp:attachment":[{"href":"https:\/\/radiorevelacionfm.cl\/index.php?rest_route=%2Fwp%2Fv2%2Fmedia&parent=61033"}],"wp:term":[{"taxonomy":"category","embeddable":true,"href":"https:\/\/radiorevelacionfm.cl\/index.php?rest_route=%2Fwp%2Fv2%2Fcategories&post=61033"},{"taxonomy":"post_tag","embeddable":true,"href":"https:\/\/radiorevelacionfm.cl\/index.php?rest_route=%2Fwp%2Fv2%2Ftags&post=61033"}],"curies":[{"name":"wp","href":"https:\/\/api.w.org\/{rel}","templated":true}]}}