{"id":61025,"date":"2025-11-02T19:36:43","date_gmt":"2025-11-02T22:36:43","guid":{"rendered":"https:\/\/radiorevelacionfm.cl\/?p=61025"},"modified":"2025-11-02T19:36:43","modified_gmt":"2025-11-02T22:36:43","slug":"senador-sandoval-la-definicion-de-sitios-prioritarios-sin-duda-se-estaba-transformando-en-un-simil-de-lo-que-es-la-ley-lafkenche","status":"publish","type":"post","link":"https:\/\/radiorevelacionfm.cl\/?p=61025","title":{"rendered":"Senador Sandoval:  \u201cLa definici\u00f3n de sitios prioritarios sin duda se estaba transformando en un s\u00edmil de lo que es la ley Lafkenche\u201d"},"content":{"rendered":"<div class=\"flex_column av_one_full  flex_column_div av-zero-column-padding first  avia-builder-el-0  el_before_av_one_full  avia-builder-el-first  \" style='border-radius:0px; '><div  class='avia-image-container  av-styling-    avia-builder-el-1  avia-builder-el-no-sibling  avia-align-center '  itemprop=\"image\" itemscope=\"itemscope\" itemtype=\"https:\/\/schema.org\/ImageObject\"  ><div class='avia-image-container-inner'><div class='avia-image-overlay-wrap'><img decoding=\"async\" class='wp-image-52781 avia-img-lazy-loading-not-52781 avia_image' src=\"https:\/\/radiorevelacionfm.cl\/wp-content\/uploads\/2025\/04\/SENADOR-SANDOVAL-16.04.2025-1-1.jpg\" alt='' title='SENADOR SANDOVAL 16.04.2025 (1) (1)' height=\"600\" width=\"900\"  itemprop=\"thumbnailUrl\" srcset=\"https:\/\/radiorevelacionfm.cl\/wp-content\/uploads\/2025\/04\/SENADOR-SANDOVAL-16.04.2025-1-1.jpg 900w, https:\/\/radiorevelacionfm.cl\/wp-content\/uploads\/2025\/04\/SENADOR-SANDOVAL-16.04.2025-1-1-300x200.jpg 300w, https:\/\/radiorevelacionfm.cl\/wp-content\/uploads\/2025\/04\/SENADOR-SANDOVAL-16.04.2025-1-1-768x512.jpg 768w, https:\/\/radiorevelacionfm.cl\/wp-content\/uploads\/2025\/04\/SENADOR-SANDOVAL-16.04.2025-1-1-705x470.jpg 705w, https:\/\/radiorevelacionfm.cl\/wp-content\/uploads\/2025\/04\/SENADOR-SANDOVAL-16.04.2025-1-1-450x300.jpg 450w, https:\/\/radiorevelacionfm.cl\/wp-content\/uploads\/2025\/04\/SENADOR-SANDOVAL-16.04.2025-1-1-600x400.jpg 600w\" sizes=\"(max-width: 900px) 100vw, 900px\" \/><\/div><\/div><\/div><\/div><div class=\"flex_column av_one_full  flex_column_div av-zero-column-padding first  avia-builder-el-2  el_after_av_one_full  el_before_av_one_full  column-top-margin\" style='border-radius:0px; '><section class=\"av_textblock_section \"  itemscope=\"itemscope\" itemtype=\"https:\/\/schema.org\/BlogPosting\" itemprop=\"blogPost\" ><div class='avia_textblock  '   itemprop=\"text\" ><p style=\"text-align: center;\"><span style=\"font-size: 18pt;\"><strong>Senador Sandoval:\u00a0<\/strong><strong>\u201cLa definici\u00f3n de sitios prioritarios sin duda se estaba transformando en un s\u00edmil de lo que es la ley Lafkenche\u201d<\/strong><\/span><\/p>\n<div id=\"gtx-trans\" style=\"position: absolute; left: -50px; top: 4.31534px;\">\n<div class=\"gtx-trans-icon\"><\/div>\n<\/div>\n<\/div><\/section><\/div><div class=\"flex_column av_one_full  flex_column_div av-zero-column-padding first  avia-builder-el-4  el_after_av_one_full  el_before_av_hr  column-top-margin\" style='border-radius:0px; '><section class=\"av_textblock_section \"  itemscope=\"itemscope\" itemtype=\"https:\/\/schema.org\/BlogPosting\" itemprop=\"blogPost\" ><div class='avia_textblock  '   itemprop=\"text\" ><p style=\"text-align: justify;\"><em>Parlamentario se refiri\u00f3 a la decisi\u00f3n del Ministerio de Medioambiente de extender el plazo de consulta p\u00fablica para estas definiciones, recalcando que los actores regionales y locales deben estar alertas al impacto de este tipo de decisiones administrativas <\/em><\/p>\n<p style=\"text-align: justify;\"><strong>\u00a0<\/strong>El senador se refiri\u00f3 a la decisi\u00f3n del Ministerio de Medioambiente de extender el plazo de la consulta p\u00fablica de los sitios prioritarios, en el marco de la implementaci\u00f3n de la ley que cre\u00f3 el Servicio de Biodiversidad y \u00c1reas Protegidas (SBAP).<\/p>\n<p style=\"text-align: justify;\">Al respecto, el parlamentario afirm\u00f3 que la instancia \u201csin duda se estaba transformando en un s\u00edmil de lo que es la ley Lafkenche\u201d, recordando el rechazo de distintas solicitudes de Espacio Costero Mar\u00edtimo de Pueblos Originarios (ECMPO) en Ays\u00e9n y Los Lagos durante los \u00faltimos meses. \u201cDe alguna manera existe el s\u00edmil en relaci\u00f3n a las definiciones de sitios prioritarios\u201d que est\u00e1 realizando el ministerio de Medio Ambiente en el marco de la ley SBAP.<\/p>\n<p style=\"text-align: justify;\">Por lo mismo, Sandoval considera que las quejas que se han planteado desde el mundo empresarial hay que entenderlo, pues recalc\u00f3 que \u201cno se puede, a trav\u00e9s del marco de una ley, utilizar \u00e9sta para un fin que a veces est\u00e1 muy alejado de esta situaci\u00f3n\u201d, especialmente cuando estas decisiones terminan afectando a las comunidades, en el \u00e1mbito de la empleabilidad y desarrollo de actividades productivas. \u201cEn Ays\u00e9n tenemos urgencia de generar actividades de car\u00e1cter productivo, que generen los empleos y que terminen por activar el objetivo de la regi\u00f3n, y por cierto tambi\u00e9n el anhelo absolutamente de las comunidades\u201d, subray\u00f3.<\/p>\n<p style=\"text-align: justify;\">Con todo, para el legislador la decisi\u00f3n de aplazar estas definiciones de Sitios Prioritarios \u201cdebe llamar profundamente a la reflexi\u00f3n a todos los actores locales regionales, alcaldes, concejales, cores el Gobierno Regional, para estar muy atentos a este tipo de decisiones administrativas, que a veces se ven muy de lejos, pero que pueden impactar directamente en el desarrollo local y en el desarrollo regional\u201d.<\/p>\n<p style=\"text-align: justify;\">\u201cHay que hacer un llamado de alerta y valorar las disposiciones y las acciones que realizaron desde los \u00e1mbitos locales, el \u00e1mbito regional y por cierto el \u00e1mbito del sector privado\u201d, concluy\u00f3.<\/p>\n<\/div><\/section><\/div><div  style='height:50px' class='hr hr-invisible   avia-builder-el-6  el_after_av_one_full  el_before_av_social_share '><span class='hr-inner ' ><span class='hr-inner-style'><\/span><\/span><\/div><\/p>\n<div  class='av-social-sharing-box  avia-builder-el-7  el_after_av_hr  el_before_av_hr  '><div class='av-share-box'><h5 class='av-share-link-description av-no-toc '>Compartir esta noticia<\/h5><ul class='av-share-box-list noLightbox'><li class='av-share-link av-social-link-facebook' ><a target=\"_blank\" aria-label=\"Compartir en Facebook\" href='https:\/\/www.facebook.com\/sharer.php?u=https:\/\/radiorevelacionfm.cl\/?p=61025&#038;t=Senador%20Sandoval%3A%20%20%E2%80%9CLa%20definici%C3%B3n%20de%20sitios%20prioritarios%20sin%20duda%20se%20estaba%20transformando%20en%20un%20s%C3%ADmil%20de%20lo%20que%20es%20la%20ley%20Lafkenche%E2%80%9D' aria-hidden='false' data-av_icon='\ue8f3' data-av_iconfont='entypo-fontello' title='' data-avia-related-tooltip='Compartir en Facebook' rel=\"noopener\"><span class='avia_hidden_link_text'>Compartir en Facebook<\/span><\/a><\/li><li class='av-share-link av-social-link-twitter' ><a target=\"_blank\" aria-label=\"Compartir en Twitter\" href='https:\/\/twitter.com\/share?text=Senador%20Sandoval%3A%20%20%E2%80%9CLa%20definici%C3%B3n%20de%20sitios%20prioritarios%20sin%20duda%20se%20estaba%20transformando%20en%20un%20s%C3%ADmil%20de%20lo%20que%20es%20la%20ley%20Lafkenche%E2%80%9D&#038;url=https:\/\/radiorevelacionfm.cl\/?p=61025' aria-hidden='false' data-av_icon='\ue8f1' data-av_iconfont='entypo-fontello' title='' data-avia-related-tooltip='Compartir en Twitter' rel=\"noopener\"><span class='avia_hidden_link_text'>Compartir en Twitter<\/span><\/a><\/li><li class='av-share-link av-social-link-whatsapp' ><a target=\"_blank\" aria-label=\"Compartir en Whatsapp\" href='https:\/\/api.whatsapp.com\/send?text=https:\/\/radiorevelacionfm.cl\/?p=61025' aria-hidden='false' data-av_icon='\uf232' data-av_iconfont='entypo-fontello' title='' data-avia-related-tooltip='Compartir en Whatsapp' rel=\"noopener\"><span class='avia_hidden_link_text'>Compartir en Whatsapp<\/span><\/a><\/li><li class='av-share-link av-social-link-linkedin' ><a target=\"_blank\" aria-label=\"Compartir en LinkedIn\" href='https:\/\/linkedin.com\/shareArticle?mini=true&#038;title=Senador%20Sandoval%3A%20%20%E2%80%9CLa%20definici%C3%B3n%20de%20sitios%20prioritarios%20sin%20duda%20se%20estaba%20transformando%20en%20un%20s%C3%ADmil%20de%20lo%20que%20es%20la%20ley%20Lafkenche%E2%80%9D&#038;url=https:\/\/radiorevelacionfm.cl\/?p=61025' aria-hidden='false' data-av_icon='\ue8fc' data-av_iconfont='entypo-fontello' title='' data-avia-related-tooltip='Compartir en LinkedIn' rel=\"noopener\"><span class='avia_hidden_link_text'>Compartir en LinkedIn<\/span><\/a><\/li><li class='av-share-link av-social-link-mail' ><a  aria-label=\"Compartir por correo\" href='mailto:?subject=Senador%20Sandoval%3A%20%20%E2%80%9CLa%20definici%C3%B3n%20de%20sitios%20prioritarios%20sin%20duda%20se%20estaba%20transformando%20en%20un%20s%C3%ADmil%20de%20lo%20que%20es%20la%20ley%20Lafkenche%E2%80%9D&#038;body=https:\/\/radiorevelacionfm.cl\/?p=61025' aria-hidden='false' data-av_icon='\ue805' data-av_iconfont='entypo-fontello' title='' data-avia-related-tooltip='Compartir por correo'><span class='avia_hidden_link_text'>Compartir por correo<\/span><\/a><\/li><\/ul><\/div><\/div>\n<div  style='height:50px' class='hr hr-invisible   avia-builder-el-8  el_after_av_social_share  el_before_av_comments_list '><span class='hr-inner ' ><span class='hr-inner-style'><\/span><\/span><\/div>\n<div  class='av-buildercomment  av-blog-meta-html-info-disabled av-blog-meta-tag-disabled  '><\/div>\n","protected":false},"excerpt":{"rendered":"","protected":false},"author":1,"featured_media":52781,"comment_status":"closed","ping_status":"closed","sticky":false,"template":"","format":"standard","meta":{"footnotes":""},"categories":[35],"tags":[],"class_list":["post-61025","post","type-post","status-publish","format-standard","has-post-thumbnail","hentry","category-politica"],"jetpack_featured_media_url":"https:\/\/radiorevelacionfm.cl\/wp-content\/uploads\/2025\/04\/SENADOR-SANDOVAL-16.04.2025-1-1.jpg","_links":{"self":[{"href":"https:\/\/radiorevelacionfm.cl\/index.php?rest_route=\/wp\/v2\/posts\/61025","targetHints":{"allow":["GET"]}}],"collection":[{"href":"https:\/\/radiorevelacionfm.cl\/index.php?rest_route=\/wp\/v2\/posts"}],"about":[{"href":"https:\/\/radiorevelacionfm.cl\/index.php?rest_route=\/wp\/v2\/types\/post"}],"author":[{"embeddable":true,"href":"https:\/\/radiorevelacionfm.cl\/index.php?rest_route=\/wp\/v2\/users\/1"}],"replies":[{"embeddable":true,"href":"https:\/\/radiorevelacionfm.cl\/index.php?rest_route=%2Fwp%2Fv2%2Fcomments&post=61025"}],"version-history":[{"count":2,"href":"https:\/\/radiorevelacionfm.cl\/index.php?rest_route=\/wp\/v2\/posts\/61025\/revisions"}],"predecessor-version":[{"id":61027,"href":"https:\/\/radiorevelacionfm.cl\/index.php?rest_route=\/wp\/v2\/posts\/61025\/revisions\/61027"}],"wp:featuredmedia":[{"embeddable":true,"href":"https:\/\/radiorevelacionfm.cl\/index.php?rest_route=\/wp\/v2\/media\/52781"}],"wp:attachment":[{"href":"https:\/\/radiorevelacionfm.cl\/index.php?rest_route=%2Fwp%2Fv2%2Fmedia&parent=61025"}],"wp:term":[{"taxonomy":"category","embeddable":true,"href":"https:\/\/radiorevelacionfm.cl\/index.php?rest_route=%2Fwp%2Fv2%2Fcategories&post=61025"},{"taxonomy":"post_tag","embeddable":true,"href":"https:\/\/radiorevelacionfm.cl\/index.php?rest_route=%2Fwp%2Fv2%2Ftags&post=61025"}],"curies":[{"name":"wp","href":"https:\/\/api.w.org\/{rel}","templated":true}]}}