{"id":61021,"date":"2025-11-02T16:36:53","date_gmt":"2025-11-02T19:36:53","guid":{"rendered":"https:\/\/radiorevelacionfm.cl\/?p=61021"},"modified":"2025-11-02T23:39:40","modified_gmt":"2025-11-03T02:39:40","slug":"amplio-operativo-de-control-y-fiscalizacion-desplego-el-ministerio-de-seguridad-publica-en-la-junta-y-cisnes","status":"publish","type":"post","link":"https:\/\/radiorevelacionfm.cl\/?p=61021","title":{"rendered":"Amplio operativo de control y fiscalizaci\u00f3n despleg\u00f3 el Ministerio de Seguridad P\u00fablica en La Junta y Cisnes"},"content":{"rendered":"<div class=\"flex_column av_one_full  flex_column_div av-zero-column-padding first  avia-builder-el-0  el_before_av_one_full  avia-builder-el-first  \" style='border-radius:0px; '><div  class='avia-image-container  av-styling-    avia-builder-el-1  avia-builder-el-no-sibling  avia-align-center '  itemprop=\"image\" itemscope=\"itemscope\" itemtype=\"https:\/\/schema.org\/ImageObject\"  ><div class='avia-image-container-inner'><div class='avia-image-overlay-wrap'><img decoding=\"async\" class='wp-image-61022 avia-img-lazy-loading-not-61022 avia_image' src=\"https:\/\/radiorevelacionfm.cl\/wp-content\/uploads\/2025\/11\/WhatsApp-Image-2025-11-02-at-14.10.53-1-1.jpeg\" alt='' title='WhatsApp Image 2025-11-02 at 14.10.53 (1) (1)' height=\"600\" width=\"800\"  itemprop=\"thumbnailUrl\" srcset=\"https:\/\/radiorevelacionfm.cl\/wp-content\/uploads\/2025\/11\/WhatsApp-Image-2025-11-02-at-14.10.53-1-1.jpeg 800w, https:\/\/radiorevelacionfm.cl\/wp-content\/uploads\/2025\/11\/WhatsApp-Image-2025-11-02-at-14.10.53-1-1-300x225.jpeg 300w, https:\/\/radiorevelacionfm.cl\/wp-content\/uploads\/2025\/11\/WhatsApp-Image-2025-11-02-at-14.10.53-1-1-768x576.jpeg 768w, https:\/\/radiorevelacionfm.cl\/wp-content\/uploads\/2025\/11\/WhatsApp-Image-2025-11-02-at-14.10.53-1-1-705x529.jpeg 705w, https:\/\/radiorevelacionfm.cl\/wp-content\/uploads\/2025\/11\/WhatsApp-Image-2025-11-02-at-14.10.53-1-1-450x338.jpeg 450w, https:\/\/radiorevelacionfm.cl\/wp-content\/uploads\/2025\/11\/WhatsApp-Image-2025-11-02-at-14.10.53-1-1-600x450.jpeg 600w\" sizes=\"(max-width: 800px) 100vw, 800px\" \/><\/div><\/div><\/div><\/div><div class=\"flex_column av_one_full  flex_column_div av-zero-column-padding first  avia-builder-el-2  el_after_av_one_full  el_before_av_one_full  column-top-margin\" style='border-radius:0px; '><section class=\"av_textblock_section \"  itemscope=\"itemscope\" itemtype=\"https:\/\/schema.org\/BlogPosting\" itemprop=\"blogPost\" ><div class='avia_textblock  '   itemprop=\"text\" ><p style=\"font-weight: 400; text-align: center;\"><span style=\"font-size: 18pt;\"><strong>Amplio operativo de control y fiscalizaci\u00f3n despleg\u00f3 el Ministerio de Seguridad P\u00fablica en La Junta y Cisnes<\/strong><\/span><\/p>\n<div id=\"gtx-trans\" style=\"position: absolute; left: -50px; top: 4.31534px;\">\n<div class=\"gtx-trans-icon\"><\/div>\n<\/div>\n<\/div><\/section><\/div><div class=\"flex_column av_one_full  flex_column_div av-zero-column-padding first  avia-builder-el-4  el_after_av_one_full  el_before_av_hr  column-top-margin\" style='border-radius:0px; '><section class=\"av_textblock_section \"  itemscope=\"itemscope\" itemtype=\"https:\/\/schema.org\/BlogPosting\" itemprop=\"blogPost\" ><div class='avia_textblock  '   itemprop=\"text\" ><p style=\"font-weight: 400; text-align: justify;\">Un operativo interinstitucional en el \u00e1rea norte de la Regi\u00f3n de Ays\u00e9n, desarroll\u00f3 el Ministerio de Seguridad P\u00fablica, en el marco de las acciones coordinadas de fiscalizaci\u00f3n y control en todo el territorio.<\/p>\n<p style=\"font-weight: 400; text-align: justify;\">El despliegue se concentr\u00f3 en La Junta y Puerto Cisnes, con participaci\u00f3n del Delegado Presidencial Regional, Jorge D\u00edaz Guzm\u00e1n, la seremi de Seguridad P\u00fablica, Ruth Vallejos Cuiti\u00f1o, el seremi de Transportes y Telecomunicaciones, Hans Zimmermann, equipos de Aduanas, Servicio de Impuestos Internos, Carabineros, Polic\u00eda de Investigaciones (PDI) y Armada.<\/p>\n<p style=\"font-weight: 400; text-align: justify;\">\u201cHan estado presentes todas las instituciones del Estado que tienen que ver con la seguridad en la Regi\u00f3n de Ays\u00e9n, para fiscalizar el ingreso a nuestra regi\u00f3n y con ello proteger a nuestra ciudadan\u00eda de mercanc\u00edas no deseadas. De este modo damos una se\u00f1al al narcotr\u00e1fico, de que en la regi\u00f3n estamos preparados para detectar cualquier delito y no estamos dispuestos a permitirlo. Por eso se ha desplegado a toda la institucionalidad p\u00fablica para proteger a la gente de Ays\u00e9n\u201d, recalc\u00f3 el Delegado Jorge D\u00edaz Guzm\u00e1n.<\/p>\n<p style=\"font-weight: 400; text-align: justify;\">La seremi Ruth Vallejos detall\u00f3 que \u201cestamos desplegando ambas polic\u00edas y a los organismos fiscalizadores -Servicio de Impuestos Internos, Aduanas y Ministerio de Transportes- para dar seguridad a toda la regi\u00f3n y, en especial a la comuna de Cisnes, de que estamos trabajando para evitar que tr\u00e1ficos ilegales ingresen a nuestra regi\u00f3n\u201d.<\/p>\n<p style=\"font-weight: 400; text-align: justify;\">El seremi Hans Zimmermann indic\u00f3 que \u201chubo m\u00e1s de 50 controles vehiculares, que nos permitieron cursar diferentes infracciones a la Ley de Tr\u00e1nsito. Hemos supervisado la operaci\u00f3n del transporte de carga, veh\u00edculos particulares, promoviendo el mensaje de que la gente planifique sus viajes, revise las condiciones mec\u00e1nicas de sus veh\u00edculos antes de recorrer largos trayectos y conduzca dentro de los l\u00edmites de velocidad establecidos en la Ley de Tr\u00e1nsito\u201d.<\/p>\n<p style=\"font-weight: 400; text-align: justify;\">El subcomisario de Puerto Cisnes, Teniente Ricardo Mendoza Valenzuela, expres\u00f3 que \u201cpara nosotros es muy importante buscar \u00f3rdenes vigentes o pr\u00f3fugos de la justicia que podamos encontrar, como tambi\u00e9n reforzar la prevenci\u00f3n con fiscalizaciones a la Ley de Tr\u00e1nsito, Ley de Alcoholes y Ley 20.000\u201d.<\/p>\n<p style=\"font-weight: 400; text-align: justify;\">Sobre el trabajo realizado por la PDI, el subprefecto Ren\u00e9 Retamal Quintanilla, jefe del Departamento de Migraciones y Polic\u00eda Internacional Coyhaique, se\u00f1al\u00f3 que \u201ccomo Polic\u00eda de Investigaciones nos hemos sumado el trabajo colaborativo, desarrollando trabajo investigativo y de control de migratorio. Es un trabajo que venimos desarrollando desde hace un tiempo en la Regi\u00f3n de Ays\u00e9n, comenzamos en el sur de la regi\u00f3n y ahora nos trasladamos hasta el norte, espec\u00edficamente, a La Junta y Puerto Cisnes, donde tuvimos resultados bastante favorables\u201d.<\/p>\n<p style=\"font-weight: 400; text-align: justify;\">El subprefecto Retamal detall\u00f3 que se controlaron a cinco extranjeros, siendo denunciados dos de ellos por ingresar al pa\u00eds por un paso no habilitado y uno por abandono de firma y cometer delito en el pa\u00eds, ambas infracciones de la Ley de Migraci\u00f3n y Extranjer\u00eda. Adem\u00e1s, se detuvo a dos personas, una en situaci\u00f3n de flagrancia por infringir la Ley de Drogas, quedando apercibido al art\u00edculo 26 del C\u00f3digo Procesal Penal por instrucci\u00f3n de Fiscal\u00eda, y una por registrar una orden de detenci\u00f3n vigente por el delito de amenazas, quedando en libertad, previo pago de una multa de 2 UTM, seg\u00fan orden del Tribunal de Puerto Cisnes.<\/p>\n<p style=\"font-weight: 400; text-align: justify;\">Por \u00faltimo, el capit\u00e1n de Puerto de Puerto Cisnes, suboficial Jos\u00e9 Medina Contreras, inform\u00f3 que la polic\u00eda mar\u00edtima desarrolla operativos peri\u00f3dicos en el litoral y que en esta oportunidad \u201csacamos a una persona con orden de detenci\u00f3n pendiente que ven\u00eda como pasajero en la barcaza. Queremos dar tranquilidad a la ciudadan\u00eda con este tipo de fiscalizaciones y estamos comprometidos en estar siempre presentes con ellos\u201d.<\/p>\n<p style=\"font-weight: 400; text-align: justify;\">Todas las instituciones reafirmaron su compromiso con la seguridad p\u00fablica de la Regi\u00f3n de Ays\u00e9n y con la continuidad de este tipo de operativos interinstitucionales.<\/p>\n<\/div><\/section><\/div><div  style='height:50px' class='hr hr-invisible   avia-builder-el-6  el_after_av_one_full  el_before_av_social_share '><span class='hr-inner ' ><span class='hr-inner-style'><\/span><\/span><\/div><\/p>\n<div  class='av-social-sharing-box  avia-builder-el-7  el_after_av_hr  el_before_av_hr  '><div class='av-share-box'><h5 class='av-share-link-description av-no-toc '>Compartir esta noticia<\/h5><ul class='av-share-box-list noLightbox'><li class='av-share-link av-social-link-facebook' ><a target=\"_blank\" aria-label=\"Compartir en Facebook\" href='https:\/\/www.facebook.com\/sharer.php?u=https:\/\/radiorevelacionfm.cl\/?p=61021&#038;t=Amplio%20operativo%20de%20control%20y%20fiscalizaci%C3%B3n%20despleg%C3%B3%20el%20Ministerio%20de%20Seguridad%20P%C3%BAblica%20en%20La%20Junta%20y%20Cisnes' aria-hidden='false' data-av_icon='\ue8f3' data-av_iconfont='entypo-fontello' title='' data-avia-related-tooltip='Compartir en Facebook' rel=\"noopener\"><span class='avia_hidden_link_text'>Compartir en Facebook<\/span><\/a><\/li><li class='av-share-link av-social-link-twitter' ><a target=\"_blank\" aria-label=\"Compartir en Twitter\" href='https:\/\/twitter.com\/share?text=Amplio%20operativo%20de%20control%20y%20fiscalizaci%C3%B3n%20despleg%C3%B3%20el%20Ministerio%20de%20Seguridad%20P%C3%BAblica%20en%20La%20Junta%20y%20Cisnes&#038;url=https:\/\/radiorevelacionfm.cl\/?p=61021' aria-hidden='false' data-av_icon='\ue8f1' data-av_iconfont='entypo-fontello' title='' data-avia-related-tooltip='Compartir en Twitter' rel=\"noopener\"><span class='avia_hidden_link_text'>Compartir en Twitter<\/span><\/a><\/li><li class='av-share-link av-social-link-whatsapp' ><a target=\"_blank\" aria-label=\"Compartir en Whatsapp\" href='https:\/\/api.whatsapp.com\/send?text=https:\/\/radiorevelacionfm.cl\/?p=61021' aria-hidden='false' data-av_icon='\uf232' data-av_iconfont='entypo-fontello' title='' data-avia-related-tooltip='Compartir en Whatsapp' rel=\"noopener\"><span class='avia_hidden_link_text'>Compartir en Whatsapp<\/span><\/a><\/li><li class='av-share-link av-social-link-linkedin' ><a target=\"_blank\" aria-label=\"Compartir en LinkedIn\" href='https:\/\/linkedin.com\/shareArticle?mini=true&#038;title=Amplio%20operativo%20de%20control%20y%20fiscalizaci%C3%B3n%20despleg%C3%B3%20el%20Ministerio%20de%20Seguridad%20P%C3%BAblica%20en%20La%20Junta%20y%20Cisnes&#038;url=https:\/\/radiorevelacionfm.cl\/?p=61021' aria-hidden='false' data-av_icon='\ue8fc' data-av_iconfont='entypo-fontello' title='' data-avia-related-tooltip='Compartir en LinkedIn' rel=\"noopener\"><span class='avia_hidden_link_text'>Compartir en LinkedIn<\/span><\/a><\/li><li class='av-share-link av-social-link-mail' ><a  aria-label=\"Compartir por correo\" href='mailto:?subject=Amplio%20operativo%20de%20control%20y%20fiscalizaci%C3%B3n%20despleg%C3%B3%20el%20Ministerio%20de%20Seguridad%20P%C3%BAblica%20en%20La%20Junta%20y%20Cisnes&#038;body=https:\/\/radiorevelacionfm.cl\/?p=61021' aria-hidden='false' data-av_icon='\ue805' data-av_iconfont='entypo-fontello' title='' data-avia-related-tooltip='Compartir por correo'><span class='avia_hidden_link_text'>Compartir por correo<\/span><\/a><\/li><\/ul><\/div><\/div>\n<div  style='height:50px' class='hr hr-invisible   avia-builder-el-8  el_after_av_social_share  el_before_av_comments_list '><span class='hr-inner ' ><span class='hr-inner-style'><\/span><\/span><\/div>\n<div  class='av-buildercomment  av-blog-meta-html-info-disabled av-blog-meta-tag-disabled  '><\/div>\n","protected":false},"excerpt":{"rendered":"","protected":false},"author":1,"featured_media":61022,"comment_status":"closed","ping_status":"closed","sticky":false,"template":"","format":"standard","meta":{"footnotes":""},"categories":[36],"tags":[],"class_list":["post-61021","post","type-post","status-publish","format-standard","has-post-thumbnail","hentry","category-policial"],"jetpack_featured_media_url":"https:\/\/radiorevelacionfm.cl\/wp-content\/uploads\/2025\/11\/WhatsApp-Image-2025-11-02-at-14.10.53-1-1.jpeg","_links":{"self":[{"href":"https:\/\/radiorevelacionfm.cl\/index.php?rest_route=\/wp\/v2\/posts\/61021","targetHints":{"allow":["GET"]}}],"collection":[{"href":"https:\/\/radiorevelacionfm.cl\/index.php?rest_route=\/wp\/v2\/posts"}],"about":[{"href":"https:\/\/radiorevelacionfm.cl\/index.php?rest_route=\/wp\/v2\/types\/post"}],"author":[{"embeddable":true,"href":"https:\/\/radiorevelacionfm.cl\/index.php?rest_route=\/wp\/v2\/users\/1"}],"replies":[{"embeddable":true,"href":"https:\/\/radiorevelacionfm.cl\/index.php?rest_route=%2Fwp%2Fv2%2Fcomments&post=61021"}],"version-history":[{"count":2,"href":"https:\/\/radiorevelacionfm.cl\/index.php?rest_route=\/wp\/v2\/posts\/61021\/revisions"}],"predecessor-version":[{"id":61028,"href":"https:\/\/radiorevelacionfm.cl\/index.php?rest_route=\/wp\/v2\/posts\/61021\/revisions\/61028"}],"wp:featuredmedia":[{"embeddable":true,"href":"https:\/\/radiorevelacionfm.cl\/index.php?rest_route=\/wp\/v2\/media\/61022"}],"wp:attachment":[{"href":"https:\/\/radiorevelacionfm.cl\/index.php?rest_route=%2Fwp%2Fv2%2Fmedia&parent=61021"}],"wp:term":[{"taxonomy":"category","embeddable":true,"href":"https:\/\/radiorevelacionfm.cl\/index.php?rest_route=%2Fwp%2Fv2%2Fcategories&post=61021"},{"taxonomy":"post_tag","embeddable":true,"href":"https:\/\/radiorevelacionfm.cl\/index.php?rest_route=%2Fwp%2Fv2%2Ftags&post=61021"}],"curies":[{"name":"wp","href":"https:\/\/api.w.org\/{rel}","templated":true}]}}