{"id":61017,"date":"2025-11-02T12:04:40","date_gmt":"2025-11-02T15:04:40","guid":{"rendered":"https:\/\/radiorevelacionfm.cl\/?p=61017"},"modified":"2025-11-02T12:04:40","modified_gmt":"2025-11-02T15:04:40","slug":"programa-impulsa-la-crianza-caprina-para-fortalecer-la-agricultura-familiar-en-la-region","status":"publish","type":"post","link":"https:\/\/radiorevelacionfm.cl\/?p=61017","title":{"rendered":"Programa impulsa la crianza caprina para fortalecer la agricultura familiar en la regi\u00f3n"},"content":{"rendered":"<div class=\"flex_column av_one_full  flex_column_div av-zero-column-padding first  avia-builder-el-0  el_before_av_one_full  avia-builder-el-first  \" style='border-radius:0px; '><div  class='avia-image-container  av-styling-    avia-builder-el-1  avia-builder-el-no-sibling  avia-align-center '  itemprop=\"image\" itemscope=\"itemscope\" itemtype=\"https:\/\/schema.org\/ImageObject\"  ><div class='avia-image-container-inner'><div class='avia-image-overlay-wrap'><img decoding=\"async\" class='wp-image-61018 avia-img-lazy-loading-not-61018 avia_image' src=\"https:\/\/radiorevelacionfm.cl\/wp-content\/uploads\/2025\/11\/foto_7-1-1.jpg\" alt='' title='foto_7 (1) (1)' height=\"600\" width=\"1067\"  itemprop=\"thumbnailUrl\" srcset=\"https:\/\/radiorevelacionfm.cl\/wp-content\/uploads\/2025\/11\/foto_7-1-1.jpg 1067w, https:\/\/radiorevelacionfm.cl\/wp-content\/uploads\/2025\/11\/foto_7-1-1-300x169.jpg 300w, https:\/\/radiorevelacionfm.cl\/wp-content\/uploads\/2025\/11\/foto_7-1-1-1030x579.jpg 1030w, https:\/\/radiorevelacionfm.cl\/wp-content\/uploads\/2025\/11\/foto_7-1-1-768x432.jpg 768w, https:\/\/radiorevelacionfm.cl\/wp-content\/uploads\/2025\/11\/foto_7-1-1-705x396.jpg 705w, https:\/\/radiorevelacionfm.cl\/wp-content\/uploads\/2025\/11\/foto_7-1-1-450x253.jpg 450w, https:\/\/radiorevelacionfm.cl\/wp-content\/uploads\/2025\/11\/foto_7-1-1-600x337.jpg 600w\" sizes=\"(max-width: 1067px) 100vw, 1067px\" \/><\/div><\/div><\/div><\/div><div class=\"flex_column av_one_full  flex_column_div av-zero-column-padding first  avia-builder-el-2  el_after_av_one_full  el_before_av_one_full  column-top-margin\" style='border-radius:0px; '><section class=\"av_textblock_section \"  itemscope=\"itemscope\" itemtype=\"https:\/\/schema.org\/BlogPosting\" itemprop=\"blogPost\" ><div class='avia_textblock  '   itemprop=\"text\" ><p style=\"text-align: center;\"><strong><span style=\"font-size: 18pt;\">Programa impulsa la crianza caprina para fortalecer la agricultura familiar en la regi\u00f3n<\/span><\/strong><\/p>\n<div id=\"gtx-trans\" style=\"position: absolute; left: -50px; top: 4.31534px;\">\n<div class=\"gtx-trans-icon\"><\/div>\n<\/div>\n<\/div><\/section><\/div><div class=\"flex_column av_one_full  flex_column_div av-zero-column-padding first  avia-builder-el-4  el_after_av_one_full  el_before_av_hr  column-top-margin\" style='border-radius:0px; '><section class=\"av_textblock_section \"  itemscope=\"itemscope\" itemtype=\"https:\/\/schema.org\/BlogPosting\" itemprop=\"blogPost\" ><div class='avia_textblock  '   itemprop=\"text\" ><p style=\"text-align: justify;\"><em>La iniciativa de la Seremi de Agricultura, financiada por el Gobierno Regional y su Consejo, beneficia a 60 productores con asesor\u00eda sanitaria, gen\u00e9tica y comercial.<\/em><\/p>\n<p style=\"text-align: justify;\">Con una jornada de desparasitaci\u00f3n y areteo en el predio Fundo Cerro Los Huemules, en el sector de R\u00edo Norte en \u00d1irehuao, se dio continuidad al Programa de Transferencia y Fortalecimiento al Rubro Caprino, una iniciativa p\u00fablica que responde a las demandas del mundo campesino y que busca mejorar una actividad clave para la diversificaci\u00f3n.<\/p>\n<p style=\"text-align: justify;\">Alexis Vega, uno de los beneficiarios del programa, quien trabaja junto a su padre en el fundo familiar, relata los desaf\u00edos y las satisfacciones de la crianza de caprinos. \u00abEl caprino no es nada muy novedoso, m\u00e1s la rabia que hace pasar, porque son tan caminadores ac\u00e1, es un \u2018leseo\u2019 para criarlos. Pero a m\u00ed s\u00ed me gusta eso, me gusta \u2018lesear\u2019 con los chivos\u00bb, confiesa. Con 150 animales grandes y unas 100 cr\u00edas, Alexis y su familia representan el esp\u00edritu de la agricultura familiar campesina.<\/p>\n<p style=\"text-align: justify;\">Hasta su predio llegaron equipos t\u00e9cnicos para realizar un manejo sanitario integral. \u00abLo importante es que el gobierno est\u00e9 presente con estos programas para colaborar con los campesinos\u00bb, se\u00f1al\u00f3 Alexis, valorando la intervenci\u00f3n. \u00abS\u00ed, lo dosificaron, aretearon, y en 21 d\u00edas creo que lo van a repetir. Que ac\u00e1 a los chivos no le hab\u00edamos dado nada\u00bb. Este apoyo es vital para prevenir muertes y mejorar la salud del reba\u00f1o. Entre sus proyecciones, el productor ve la necesidad de infraestructura, \u00abojal\u00e1 se puedan postular a proyectos aqu\u00ed&#8230; falta un galp\u00f3n, una mediagua, ser\u00eda m\u00e1s f\u00e1cil el trabajo\u00bb.<\/p>\n<p style=\"text-align: justify;\">Para el seremi de Agricultura, Eugenio Ruiz, este programa cumple un rol fundamental. \u00abEs un programa que ayuda bastante a los campesinos y campesinas, desde el punto de vista de mantener este nuevo rubro, que est\u00e1 cumpliendo un rol bastante importante a nivel regional\u00bb, afirm\u00f3 la autoridad. Ruiz destac\u00f3 que el caprino es un elemento clave para variar la matriz productiva. \u00abHoy d\u00eda con las condiciones de cambio clim\u00e1tico, el mundo campesino ha diversificado su matriz productiva, y el caprino forma parte de esto\u00bb.<\/p>\n<p style=\"text-align: justify;\">El programa, que cuenta con una inversi\u00f3n de $1.293 millones, es ejecutado a trav\u00e9s de un trabajo intersectorial que involucra a los servicios asociados a la Seremi de Agricultura, tales como, el SAG, INIA Tamel Aike e INDAP. Este se extiende desde Lago Verde a Villa O&#8217;Higgins, con una proyecci\u00f3n a largo plazo, e incluye la entrega de un botiqu\u00edn veterinario para brindar atenci\u00f3n primaria al reba\u00f1o.<\/p>\n<p style=\"text-align: justify;\">Estas acciones de apoyo al rubro caprino se financian gracias al compromiso y los recursos del Gobierno Regional de Ays\u00e9n y su Consejo, demostrando una apuesta clara por el desarrollo territorial sustentable y el fortalecimiento de los campesinos y campesinas de la Patagonia.<\/p>\n<\/div><\/section><\/div><div  style='height:50px' class='hr hr-invisible   avia-builder-el-6  el_after_av_one_full  el_before_av_social_share '><span class='hr-inner ' ><span class='hr-inner-style'><\/span><\/span><\/div><\/p>\n<div  class='av-social-sharing-box  avia-builder-el-7  el_after_av_hr  el_before_av_hr  '><div class='av-share-box'><h5 class='av-share-link-description av-no-toc '>Compartir esta noticia<\/h5><ul class='av-share-box-list noLightbox'><li class='av-share-link av-social-link-facebook' ><a target=\"_blank\" aria-label=\"Compartir en Facebook\" href='https:\/\/www.facebook.com\/sharer.php?u=https:\/\/radiorevelacionfm.cl\/?p=61017&#038;t=Programa%20impulsa%20la%20crianza%20caprina%20para%20fortalecer%20la%20agricultura%20familiar%20en%20la%20regi%C3%B3n' aria-hidden='false' data-av_icon='\ue8f3' data-av_iconfont='entypo-fontello' title='' data-avia-related-tooltip='Compartir en Facebook' rel=\"noopener\"><span class='avia_hidden_link_text'>Compartir en Facebook<\/span><\/a><\/li><li class='av-share-link av-social-link-twitter' ><a target=\"_blank\" aria-label=\"Compartir en Twitter\" href='https:\/\/twitter.com\/share?text=Programa%20impulsa%20la%20crianza%20caprina%20para%20fortalecer%20la%20agricultura%20familiar%20en%20la%20regi%C3%B3n&#038;url=https:\/\/radiorevelacionfm.cl\/?p=61017' aria-hidden='false' data-av_icon='\ue8f1' data-av_iconfont='entypo-fontello' title='' data-avia-related-tooltip='Compartir en Twitter' rel=\"noopener\"><span class='avia_hidden_link_text'>Compartir en Twitter<\/span><\/a><\/li><li class='av-share-link av-social-link-whatsapp' ><a target=\"_blank\" aria-label=\"Compartir en Whatsapp\" href='https:\/\/api.whatsapp.com\/send?text=https:\/\/radiorevelacionfm.cl\/?p=61017' aria-hidden='false' data-av_icon='\uf232' data-av_iconfont='entypo-fontello' title='' data-avia-related-tooltip='Compartir en Whatsapp' rel=\"noopener\"><span class='avia_hidden_link_text'>Compartir en Whatsapp<\/span><\/a><\/li><li class='av-share-link av-social-link-linkedin' ><a target=\"_blank\" aria-label=\"Compartir en LinkedIn\" href='https:\/\/linkedin.com\/shareArticle?mini=true&#038;title=Programa%20impulsa%20la%20crianza%20caprina%20para%20fortalecer%20la%20agricultura%20familiar%20en%20la%20regi%C3%B3n&#038;url=https:\/\/radiorevelacionfm.cl\/?p=61017' aria-hidden='false' data-av_icon='\ue8fc' data-av_iconfont='entypo-fontello' title='' data-avia-related-tooltip='Compartir en LinkedIn' rel=\"noopener\"><span class='avia_hidden_link_text'>Compartir en LinkedIn<\/span><\/a><\/li><li class='av-share-link av-social-link-mail' ><a  aria-label=\"Compartir por correo\" href='mailto:?subject=Programa%20impulsa%20la%20crianza%20caprina%20para%20fortalecer%20la%20agricultura%20familiar%20en%20la%20regi%C3%B3n&#038;body=https:\/\/radiorevelacionfm.cl\/?p=61017' aria-hidden='false' data-av_icon='\ue805' data-av_iconfont='entypo-fontello' title='' data-avia-related-tooltip='Compartir por correo'><span class='avia_hidden_link_text'>Compartir por correo<\/span><\/a><\/li><\/ul><\/div><\/div>\n<div  style='height:50px' class='hr hr-invisible   avia-builder-el-8  el_after_av_social_share  el_before_av_comments_list '><span class='hr-inner ' ><span class='hr-inner-style'><\/span><\/span><\/div>\n<div  class='av-buildercomment  av-blog-meta-html-info-disabled av-blog-meta-tag-disabled  '><\/div>\n","protected":false},"excerpt":{"rendered":"","protected":false},"author":1,"featured_media":61018,"comment_status":"closed","ping_status":"closed","sticky":false,"template":"","format":"standard","meta":{"footnotes":""},"categories":[58],"tags":[],"class_list":["post-61017","post","type-post","status-publish","format-standard","has-post-thumbnail","hentry","category-agricultura"],"jetpack_featured_media_url":"https:\/\/radiorevelacionfm.cl\/wp-content\/uploads\/2025\/11\/foto_7-1-1.jpg","_links":{"self":[{"href":"https:\/\/radiorevelacionfm.cl\/index.php?rest_route=\/wp\/v2\/posts\/61017","targetHints":{"allow":["GET"]}}],"collection":[{"href":"https:\/\/radiorevelacionfm.cl\/index.php?rest_route=\/wp\/v2\/posts"}],"about":[{"href":"https:\/\/radiorevelacionfm.cl\/index.php?rest_route=\/wp\/v2\/types\/post"}],"author":[{"embeddable":true,"href":"https:\/\/radiorevelacionfm.cl\/index.php?rest_route=\/wp\/v2\/users\/1"}],"replies":[{"embeddable":true,"href":"https:\/\/radiorevelacionfm.cl\/index.php?rest_route=%2Fwp%2Fv2%2Fcomments&post=61017"}],"version-history":[{"count":2,"href":"https:\/\/radiorevelacionfm.cl\/index.php?rest_route=\/wp\/v2\/posts\/61017\/revisions"}],"predecessor-version":[{"id":61020,"href":"https:\/\/radiorevelacionfm.cl\/index.php?rest_route=\/wp\/v2\/posts\/61017\/revisions\/61020"}],"wp:featuredmedia":[{"embeddable":true,"href":"https:\/\/radiorevelacionfm.cl\/index.php?rest_route=\/wp\/v2\/media\/61018"}],"wp:attachment":[{"href":"https:\/\/radiorevelacionfm.cl\/index.php?rest_route=%2Fwp%2Fv2%2Fmedia&parent=61017"}],"wp:term":[{"taxonomy":"category","embeddable":true,"href":"https:\/\/radiorevelacionfm.cl\/index.php?rest_route=%2Fwp%2Fv2%2Fcategories&post=61017"},{"taxonomy":"post_tag","embeddable":true,"href":"https:\/\/radiorevelacionfm.cl\/index.php?rest_route=%2Fwp%2Fv2%2Ftags&post=61017"}],"curies":[{"name":"wp","href":"https:\/\/api.w.org\/{rel}","templated":true}]}}