{"id":61008,"date":"2025-11-01T17:25:04","date_gmt":"2025-11-01T20:25:04","guid":{"rendered":"https:\/\/radiorevelacionfm.cl\/?p=61008"},"modified":"2025-11-01T17:31:41","modified_gmt":"2025-11-01T20:31:41","slug":"oficializan-cambio-de-regimen-de-sistema-aislado-a-sistema-mediano-en-puerto-cisnes-tras-publicacion-del-decreto-en-el-diario-oficial","status":"publish","type":"post","link":"https:\/\/radiorevelacionfm.cl\/?p=61008","title":{"rendered":"Oficializan cambio de r\u00e9gimen de Sistema Aislado a Sistema Mediano de energ\u00eda en Puerto Cisnes, tras publicaci\u00f3n del decreto en el Diario Oficial"},"content":{"rendered":"<div class=\"flex_column av_one_full  flex_column_div av-zero-column-padding first  avia-builder-el-0  el_before_av_one_full  avia-builder-el-first  \" style='border-radius:0px; '><div  class='avia-image-container  av-styling-    avia-builder-el-1  avia-builder-el-no-sibling  avia-align-center '  itemprop=\"image\" itemscope=\"itemscope\" itemtype=\"https:\/\/schema.org\/ImageObject\"  ><div class='avia-image-container-inner'><div class='avia-image-overlay-wrap'><img decoding=\"async\" class='wp-image-31190 avia-img-lazy-loading-not-31190 avia_image' src=\"https:\/\/radiorevelacionfm.cl\/wp-content\/uploads\/2023\/05\/2_puerto_cisnes-1_optimized-1.jpg\" alt='' title='2_puerto_cisnes-(1)_optimized (1)' height=\"600\" width=\"800\"  itemprop=\"thumbnailUrl\" srcset=\"https:\/\/radiorevelacionfm.cl\/wp-content\/uploads\/2023\/05\/2_puerto_cisnes-1_optimized-1.jpg 800w, https:\/\/radiorevelacionfm.cl\/wp-content\/uploads\/2023\/05\/2_puerto_cisnes-1_optimized-1-300x225.jpg 300w, https:\/\/radiorevelacionfm.cl\/wp-content\/uploads\/2023\/05\/2_puerto_cisnes-1_optimized-1-768x576.jpg 768w, https:\/\/radiorevelacionfm.cl\/wp-content\/uploads\/2023\/05\/2_puerto_cisnes-1_optimized-1-705x529.jpg 705w, https:\/\/radiorevelacionfm.cl\/wp-content\/uploads\/2023\/05\/2_puerto_cisnes-1_optimized-1-450x338.jpg 450w, https:\/\/radiorevelacionfm.cl\/wp-content\/uploads\/2023\/05\/2_puerto_cisnes-1_optimized-1-600x450.jpg 600w\" sizes=\"(max-width: 800px) 100vw, 800px\" \/><\/div><\/div><\/div><\/div>\n<div class=\"flex_column av_one_full  flex_column_div av-zero-column-padding first  avia-builder-el-2  el_after_av_one_full  el_before_av_one_full  column-top-margin\" style='border-radius:0px; '><section class=\"av_textblock_section \"  itemscope=\"itemscope\" itemtype=\"https:\/\/schema.org\/BlogPosting\" itemprop=\"blogPost\" ><div class='avia_textblock  '   itemprop=\"text\" ><p style=\"text-align: center;\"><strong><span style=\"font-size: 18pt;\">Oficializan cambio de r\u00e9gimen de Sistema Aislado a Sistema Mediano de energ\u00eda en Puerto Cisnes, tras publicaci\u00f3n del decreto en el Diario Oficial<\/span><\/strong><\/p>\n<div id=\"gtx-trans\" style=\"position: absolute; left: -50px; top: 4.31534px;\">\n<div class=\"gtx-trans-icon\"><\/div>\n<\/div>\n<\/div><\/section><\/div><div class=\"flex_column av_one_full  flex_column_div av-zero-column-padding first  avia-builder-el-4  el_after_av_one_full  el_before_av_hr  column-top-margin\" style='border-radius:0px; '><section class=\"av_textblock_section \"  itemscope=\"itemscope\" itemtype=\"https:\/\/schema.org\/BlogPosting\" itemprop=\"blogPost\" ><div class='avia_textblock  '   itemprop=\"text\" ><p style=\"font-weight: 400; text-align: justify;\">Este jueves 30 de octubre fue publicado en el Diario Oficial el decreto que fija precios de la energ\u00eda a nivel de generaci\u00f3n y transmisi\u00f3n en sistemas medianos, incluyendo adem\u00e1s el cambio de r\u00e9gimen de Sistema Aislado a Sistema Mediano en la localidad de Puerto Cisnes, en la comuna de Cisnes.<\/p>\n<p style=\"font-weight: 400; text-align: justify;\">Dicha localidad hab\u00eda estado operando bajo la categor\u00eda de Sistema Aislado, pero se encontraba en proceso de transici\u00f3n al haber superado la potencia m\u00ednima exigida para calificar como Sistema Mediano. Seg\u00fan la definici\u00f3n aplicada en el \u00e1mbito de los sistemas, uno de categor\u00eda Mediano corresponde a una capacidad instalada superior a 1 500 kW.<\/p>\n<p style=\"font-weight: 400; text-align: justify;\">El biministro de Energ\u00eda y de Econom\u00eda, Fomento y Turismo, \u00c1lvaro Garc\u00eda destac\u00f3 este avance \u201ccomo un hito en la pol\u00edtica energ\u00e9tica regional, que refuerza el compromiso de equiparar oportunidades entre comunas y garantizar un sistema el\u00e9ctrico m\u00e1s integrado y eficiente para la Regi\u00f3n de Ays\u00e9n\u201d.<\/p>\n<p style=\"font-weight: 400; text-align: justify;\">El cambio de r\u00e9gimen permitir\u00e1 a la localidad de Puerto Cisnes alinearse con criterios t\u00e9cnicos y de desarrollo propios de los sistemas de mayor escala, lo que contribuye al fortalecimiento de la infraestructura, mejora de la cobertura y mayor estabilidad t\u00e9cnica y tarifaria para la localidad.<\/p>\n<\/div><\/section><\/div><\/p>\n<div  style='height:50px' class='hr hr-invisible   avia-builder-el-6  el_after_av_one_full  el_before_av_social_share '><span class='hr-inner ' ><span class='hr-inner-style'><\/span><\/span><\/div>\n<div  class='av-social-sharing-box  avia-builder-el-7  el_after_av_hr  el_before_av_hr  '><div class='av-share-box'><h5 class='av-share-link-description av-no-toc '>Compartir esta noticia<\/h5><ul class='av-share-box-list noLightbox'><li class='av-share-link av-social-link-facebook' ><a target=\"_blank\" aria-label=\"Compartir en Facebook\" href='https:\/\/www.facebook.com\/sharer.php?u=https:\/\/radiorevelacionfm.cl\/?p=61008&#038;t=Oficializan%20cambio%20de%20r%C3%A9gimen%20de%20Sistema%20Aislado%20a%20Sistema%20Mediano%20de%20energ%C3%ADa%20en%20Puerto%20Cisnes%2C%20tras%20publicaci%C3%B3n%20del%20decreto%20en%20el%20Diario%20Oficial' aria-hidden='false' data-av_icon='\ue8f3' data-av_iconfont='entypo-fontello' title='' data-avia-related-tooltip='Compartir en Facebook' rel=\"noopener\"><span class='avia_hidden_link_text'>Compartir en Facebook<\/span><\/a><\/li><li class='av-share-link av-social-link-twitter' ><a target=\"_blank\" aria-label=\"Compartir en Twitter\" href='https:\/\/twitter.com\/share?text=Oficializan%20cambio%20de%20r%C3%A9gimen%20de%20Sistema%20Aislado%20a%20Sistema%20Mediano%20de%20energ%C3%ADa%20en%20Puerto%20Cisnes%2C%20tras%20publicaci%C3%B3n%20del%20decreto%20en%20el%20Diario%20Oficial&#038;url=https:\/\/radiorevelacionfm.cl\/?p=61008' aria-hidden='false' data-av_icon='\ue8f1' data-av_iconfont='entypo-fontello' title='' data-avia-related-tooltip='Compartir en Twitter' rel=\"noopener\"><span class='avia_hidden_link_text'>Compartir en Twitter<\/span><\/a><\/li><li class='av-share-link av-social-link-whatsapp' ><a target=\"_blank\" aria-label=\"Compartir en Whatsapp\" href='https:\/\/api.whatsapp.com\/send?text=https:\/\/radiorevelacionfm.cl\/?p=61008' aria-hidden='false' data-av_icon='\uf232' data-av_iconfont='entypo-fontello' title='' data-avia-related-tooltip='Compartir en Whatsapp' rel=\"noopener\"><span class='avia_hidden_link_text'>Compartir en Whatsapp<\/span><\/a><\/li><li class='av-share-link av-social-link-linkedin' ><a target=\"_blank\" aria-label=\"Compartir en LinkedIn\" href='https:\/\/linkedin.com\/shareArticle?mini=true&#038;title=Oficializan%20cambio%20de%20r%C3%A9gimen%20de%20Sistema%20Aislado%20a%20Sistema%20Mediano%20de%20energ%C3%ADa%20en%20Puerto%20Cisnes%2C%20tras%20publicaci%C3%B3n%20del%20decreto%20en%20el%20Diario%20Oficial&#038;url=https:\/\/radiorevelacionfm.cl\/?p=61008' aria-hidden='false' data-av_icon='\ue8fc' data-av_iconfont='entypo-fontello' title='' data-avia-related-tooltip='Compartir en LinkedIn' rel=\"noopener\"><span class='avia_hidden_link_text'>Compartir en LinkedIn<\/span><\/a><\/li><li class='av-share-link av-social-link-mail' ><a  aria-label=\"Compartir por correo\" href='mailto:?subject=Oficializan%20cambio%20de%20r%C3%A9gimen%20de%20Sistema%20Aislado%20a%20Sistema%20Mediano%20de%20energ%C3%ADa%20en%20Puerto%20Cisnes%2C%20tras%20publicaci%C3%B3n%20del%20decreto%20en%20el%20Diario%20Oficial&#038;body=https:\/\/radiorevelacionfm.cl\/?p=61008' aria-hidden='false' data-av_icon='\ue805' data-av_iconfont='entypo-fontello' title='' data-avia-related-tooltip='Compartir por correo'><span class='avia_hidden_link_text'>Compartir por correo<\/span><\/a><\/li><\/ul><\/div><\/div>\n<div  style='height:50px' class='hr hr-invisible   avia-builder-el-8  el_after_av_social_share  el_before_av_comments_list '><span class='hr-inner ' ><span class='hr-inner-style'><\/span><\/span><\/div>\n<div  class='av-buildercomment  av-blog-meta-html-info-disabled av-blog-meta-tag-disabled  '><\/div>\n","protected":false},"excerpt":{"rendered":"","protected":false},"author":1,"featured_media":31190,"comment_status":"closed","ping_status":"closed","sticky":false,"template":"","format":"standard","meta":{"footnotes":""},"categories":[38],"tags":[],"class_list":["post-61008","post","type-post","status-publish","format-standard","has-post-thumbnail","hentry","category-regional"],"jetpack_featured_media_url":"https:\/\/radiorevelacionfm.cl\/wp-content\/uploads\/2023\/05\/2_puerto_cisnes-1_optimized-1.jpg","_links":{"self":[{"href":"https:\/\/radiorevelacionfm.cl\/index.php?rest_route=\/wp\/v2\/posts\/61008","targetHints":{"allow":["GET"]}}],"collection":[{"href":"https:\/\/radiorevelacionfm.cl\/index.php?rest_route=\/wp\/v2\/posts"}],"about":[{"href":"https:\/\/radiorevelacionfm.cl\/index.php?rest_route=\/wp\/v2\/types\/post"}],"author":[{"embeddable":true,"href":"https:\/\/radiorevelacionfm.cl\/index.php?rest_route=\/wp\/v2\/users\/1"}],"replies":[{"embeddable":true,"href":"https:\/\/radiorevelacionfm.cl\/index.php?rest_route=%2Fwp%2Fv2%2Fcomments&post=61008"}],"version-history":[{"count":4,"href":"https:\/\/radiorevelacionfm.cl\/index.php?rest_route=\/wp\/v2\/posts\/61008\/revisions"}],"predecessor-version":[{"id":61010,"href":"https:\/\/radiorevelacionfm.cl\/index.php?rest_route=\/wp\/v2\/posts\/61008\/revisions\/61010"}],"wp:featuredmedia":[{"embeddable":true,"href":"https:\/\/radiorevelacionfm.cl\/index.php?rest_route=\/wp\/v2\/media\/31190"}],"wp:attachment":[{"href":"https:\/\/radiorevelacionfm.cl\/index.php?rest_route=%2Fwp%2Fv2%2Fmedia&parent=61008"}],"wp:term":[{"taxonomy":"category","embeddable":true,"href":"https:\/\/radiorevelacionfm.cl\/index.php?rest_route=%2Fwp%2Fv2%2Fcategories&post=61008"},{"taxonomy":"post_tag","embeddable":true,"href":"https:\/\/radiorevelacionfm.cl\/index.php?rest_route=%2Fwp%2Fv2%2Ftags&post=61008"}],"curies":[{"name":"wp","href":"https:\/\/api.w.org\/{rel}","templated":true}]}}