{"id":61003,"date":"2025-10-31T11:09:40","date_gmt":"2025-10-31T14:09:40","guid":{"rendered":"https:\/\/radiorevelacionfm.cl\/?p=61003"},"modified":"2025-10-31T11:09:40","modified_gmt":"2025-10-31T14:09:40","slug":"proyecto-ambiental-busca-crear-conciencia-en-los-jovenes-basquetbolistas-de-la-region","status":"publish","type":"post","link":"https:\/\/radiorevelacionfm.cl\/?p=61003","title":{"rendered":"Proyecto ambiental busca crear conciencia en los j\u00f3venes basquetbolistas de la regi\u00f3n"},"content":{"rendered":"<div class=\"flex_column av_one_full  flex_column_div av-zero-column-padding first  avia-builder-el-0  el_before_av_one_full  avia-builder-el-first  \" style='border-radius:0px; '><div  class='avia-image-container  av-styling-    avia-builder-el-1  avia-builder-el-no-sibling  avia-align-center '  itemprop=\"image\" itemscope=\"itemscope\" itemtype=\"https:\/\/schema.org\/ImageObject\"  ><div class='avia-image-container-inner'><div class='avia-image-overlay-wrap'><img decoding=\"async\" class='wp-image-61004 avia-img-lazy-loading-not-61004 avia_image' src=\"https:\/\/radiorevelacionfm.cl\/wp-content\/uploads\/2025\/10\/m-2-1-1.jpg\" alt='' title='m 2 (1) (1)' height=\"600\" width=\"1067\"  itemprop=\"thumbnailUrl\" srcset=\"https:\/\/radiorevelacionfm.cl\/wp-content\/uploads\/2025\/10\/m-2-1-1.jpg 1067w, https:\/\/radiorevelacionfm.cl\/wp-content\/uploads\/2025\/10\/m-2-1-1-300x169.jpg 300w, https:\/\/radiorevelacionfm.cl\/wp-content\/uploads\/2025\/10\/m-2-1-1-1030x579.jpg 1030w, https:\/\/radiorevelacionfm.cl\/wp-content\/uploads\/2025\/10\/m-2-1-1-768x432.jpg 768w, https:\/\/radiorevelacionfm.cl\/wp-content\/uploads\/2025\/10\/m-2-1-1-705x396.jpg 705w, https:\/\/radiorevelacionfm.cl\/wp-content\/uploads\/2025\/10\/m-2-1-1-450x253.jpg 450w, https:\/\/radiorevelacionfm.cl\/wp-content\/uploads\/2025\/10\/m-2-1-1-600x337.jpg 600w\" sizes=\"(max-width: 1067px) 100vw, 1067px\" \/><\/div><\/div><\/div><\/div><div class=\"flex_column av_one_full  flex_column_div av-zero-column-padding first  avia-builder-el-2  el_after_av_one_full  el_before_av_one_full  column-top-margin\" style='border-radius:0px; '><section class=\"av_textblock_section \"  itemscope=\"itemscope\" itemtype=\"https:\/\/schema.org\/BlogPosting\" itemprop=\"blogPost\" ><div class='avia_textblock  '   itemprop=\"text\" ><p style=\"text-align: center;\"><strong><span style=\"font-size: 18pt;\">Proyecto ambiental busca crear conciencia en los j\u00f3venes basquetbolistas de la regi\u00f3n<\/span><\/strong><\/p>\n<div id=\"gtx-trans\" style=\"position: absolute; left: -50px; top: 4.31534px;\">\n<div class=\"gtx-trans-icon\"><\/div>\n<\/div>\n<\/div><\/section><\/div><div class=\"flex_column av_one_full  flex_column_div av-zero-column-padding first  avia-builder-el-4  el_after_av_one_full  el_before_av_hr  column-top-margin\" style='border-radius:0px; '><section class=\"av_textblock_section \"  itemscope=\"itemscope\" itemtype=\"https:\/\/schema.org\/BlogPosting\" itemprop=\"blogPost\" ><div class='avia_textblock  '   itemprop=\"text\" ><p style=\"font-weight: 400; text-align: justify;\">\u201cConciencia Ambiental y Econom\u00eda Circular\u201d lleva por nombre el proyecto en que el deporte se uni\u00f3 con el reciclaje a trav\u00e9s del b\u00e1squetbol, para proyectar un mensaje de conciencia ambiental, \u00a0en la ciudad de Coyhaique.<\/p>\n<p style=\"font-weight: 400; text-align: justify;\">La instalaci\u00f3n de puntos limpios en los recintos deportivos, charlas y talleres educativos, intercambio de ropa deportiva, stand informativos \u00a0y un campeonato inter regional de baloncesto, marcaron la pauta\u00a0 de la\u00a0\u00a0 iniciativa ambiental a cargo del Club Deportivo Astros de la Patagonia, en la que fue invitada a participar la Empresa aisenina\u00a0 Reciclajes Martino.<\/p>\n<p style=\"font-weight: 400; text-align: justify;\">La Presidenta del club\u00a0 deportivo, Pilar Retamal, destac\u00f3 el hito postulado al Fondo de Protecci\u00f3n Ambiental del Ministerio del Medio Ambiente, debido al nivel de participaci\u00f3n y el positivo impacto que generaron las actividades en el p\u00fablico asistente y los propios\u00a0 jugadores de diversas instituciones deportivas pertenecientes a \u00a0la regi\u00f3n y el pa\u00eds. \u201cNuestro sello como instituci\u00f3n es desarrollar actividades e innovar desde el \u00e1mbito ambiental en beneficio de nuestros deportistas y del entorno en el que se desenvuelven. Por eso, estamos muy conformes con el resultado y queremos destacar, en este sentido, \u00a0la participaci\u00f3n de Christian Martino, cuyo rol fue esencial, \u00a0como educador ambiental\u00a0 a cargo de los talleres que se impartieron. Establecer alianza con su empresa de reciclaje\u00a0 es de suma importancia para el reciclaje y la econom\u00eda circular en los ni\u00f1os\u00bb, \u00a0destac\u00f3 la dirigente.<\/p>\n<p style=\"font-weight: 400; text-align: justify;\">La Empresa de Reciclajes Martino relev\u00f3 la importancia de la sustentabilidad y la gesti\u00f3n responsable de los residuos s\u00f3lidos inorg\u00e1nicos domiciliarios e industriales, \u00a0enfatizando la importancia de extender este estilo de vida en los deportistas,\u00a0 manteniendo \u00a0limpios y bien cuidados los recintos deportivos y la pr\u00e1ctica deportiva en s\u00ed. \u201cAgradecemos mucho la invitaci\u00f3n a participar\u00a0 de este proyecto, pues creemos que la pr\u00e1ctica\u00a0 deportiva y la vida sana tambi\u00e9n es posible combinarla\u00a0 con el cuidado del planeta. Es as\u00ed como nos hicimos cargo\u00a0 de\u00a0 impartir talleres de reutilizaci\u00f3n, reducci\u00f3n\u00a0 y\u00a0 reciclaje\u00a0 de residuos, de armar un corp\u00f3reo y de instalar un punto limpio en el gimnasio donde se desarroll\u00f3 el campeonato de b\u00e1squetbol\u201d, precis\u00f3.<\/p>\n<\/div><\/section><\/div><div  style='height:50px' class='hr hr-invisible   avia-builder-el-6  el_after_av_one_full  el_before_av_social_share '><span class='hr-inner ' ><span class='hr-inner-style'><\/span><\/span><\/div><\/p>\n<div  class='av-social-sharing-box  avia-builder-el-7  el_after_av_hr  el_before_av_hr  '><div class='av-share-box'><h5 class='av-share-link-description av-no-toc '>Compartir esta noticia<\/h5><ul class='av-share-box-list noLightbox'><li class='av-share-link av-social-link-facebook' ><a target=\"_blank\" aria-label=\"Compartir en Facebook\" href='https:\/\/www.facebook.com\/sharer.php?u=https:\/\/radiorevelacionfm.cl\/?p=61003&#038;t=Proyecto%20ambiental%20busca%20crear%20conciencia%20en%20los%20j%C3%B3venes%20basquetbolistas%20de%20la%20regi%C3%B3n' aria-hidden='false' data-av_icon='\ue8f3' data-av_iconfont='entypo-fontello' title='' data-avia-related-tooltip='Compartir en Facebook' rel=\"noopener\"><span class='avia_hidden_link_text'>Compartir en Facebook<\/span><\/a><\/li><li class='av-share-link av-social-link-twitter' ><a target=\"_blank\" aria-label=\"Compartir en Twitter\" href='https:\/\/twitter.com\/share?text=Proyecto%20ambiental%20busca%20crear%20conciencia%20en%20los%20j%C3%B3venes%20basquetbolistas%20de%20la%20regi%C3%B3n&#038;url=https:\/\/radiorevelacionfm.cl\/?p=61003' aria-hidden='false' data-av_icon='\ue8f1' data-av_iconfont='entypo-fontello' title='' data-avia-related-tooltip='Compartir en Twitter' rel=\"noopener\"><span class='avia_hidden_link_text'>Compartir en Twitter<\/span><\/a><\/li><li class='av-share-link av-social-link-whatsapp' ><a target=\"_blank\" aria-label=\"Compartir en Whatsapp\" href='https:\/\/api.whatsapp.com\/send?text=https:\/\/radiorevelacionfm.cl\/?p=61003' aria-hidden='false' data-av_icon='\uf232' data-av_iconfont='entypo-fontello' title='' data-avia-related-tooltip='Compartir en Whatsapp' rel=\"noopener\"><span class='avia_hidden_link_text'>Compartir en Whatsapp<\/span><\/a><\/li><li class='av-share-link av-social-link-linkedin' ><a target=\"_blank\" aria-label=\"Compartir en LinkedIn\" href='https:\/\/linkedin.com\/shareArticle?mini=true&#038;title=Proyecto%20ambiental%20busca%20crear%20conciencia%20en%20los%20j%C3%B3venes%20basquetbolistas%20de%20la%20regi%C3%B3n&#038;url=https:\/\/radiorevelacionfm.cl\/?p=61003' aria-hidden='false' data-av_icon='\ue8fc' data-av_iconfont='entypo-fontello' title='' data-avia-related-tooltip='Compartir en LinkedIn' rel=\"noopener\"><span class='avia_hidden_link_text'>Compartir en LinkedIn<\/span><\/a><\/li><li class='av-share-link av-social-link-mail' ><a  aria-label=\"Compartir por correo\" href='mailto:?subject=Proyecto%20ambiental%20busca%20crear%20conciencia%20en%20los%20j%C3%B3venes%20basquetbolistas%20de%20la%20regi%C3%B3n&#038;body=https:\/\/radiorevelacionfm.cl\/?p=61003' aria-hidden='false' data-av_icon='\ue805' data-av_iconfont='entypo-fontello' title='' data-avia-related-tooltip='Compartir por correo'><span class='avia_hidden_link_text'>Compartir por correo<\/span><\/a><\/li><\/ul><\/div><\/div>\n<div  style='height:50px' class='hr hr-invisible   avia-builder-el-8  el_after_av_social_share  el_before_av_comments_list '><span class='hr-inner ' ><span class='hr-inner-style'><\/span><\/span><\/div>\n<div  class='av-buildercomment  av-blog-meta-html-info-disabled av-blog-meta-tag-disabled  '><\/div>\n","protected":false},"excerpt":{"rendered":"","protected":false},"author":1,"featured_media":61004,"comment_status":"closed","ping_status":"closed","sticky":false,"template":"","format":"standard","meta":{"footnotes":""},"categories":[40],"tags":[],"class_list":["post-61003","post","type-post","status-publish","format-standard","has-post-thumbnail","hentry","category-deportes"],"jetpack_featured_media_url":"https:\/\/radiorevelacionfm.cl\/wp-content\/uploads\/2025\/10\/m-2-1-1.jpg","_links":{"self":[{"href":"https:\/\/radiorevelacionfm.cl\/index.php?rest_route=\/wp\/v2\/posts\/61003","targetHints":{"allow":["GET"]}}],"collection":[{"href":"https:\/\/radiorevelacionfm.cl\/index.php?rest_route=\/wp\/v2\/posts"}],"about":[{"href":"https:\/\/radiorevelacionfm.cl\/index.php?rest_route=\/wp\/v2\/types\/post"}],"author":[{"embeddable":true,"href":"https:\/\/radiorevelacionfm.cl\/index.php?rest_route=\/wp\/v2\/users\/1"}],"replies":[{"embeddable":true,"href":"https:\/\/radiorevelacionfm.cl\/index.php?rest_route=%2Fwp%2Fv2%2Fcomments&post=61003"}],"version-history":[{"count":2,"href":"https:\/\/radiorevelacionfm.cl\/index.php?rest_route=\/wp\/v2\/posts\/61003\/revisions"}],"predecessor-version":[{"id":61007,"href":"https:\/\/radiorevelacionfm.cl\/index.php?rest_route=\/wp\/v2\/posts\/61003\/revisions\/61007"}],"wp:featuredmedia":[{"embeddable":true,"href":"https:\/\/radiorevelacionfm.cl\/index.php?rest_route=\/wp\/v2\/media\/61004"}],"wp:attachment":[{"href":"https:\/\/radiorevelacionfm.cl\/index.php?rest_route=%2Fwp%2Fv2%2Fmedia&parent=61003"}],"wp:term":[{"taxonomy":"category","embeddable":true,"href":"https:\/\/radiorevelacionfm.cl\/index.php?rest_route=%2Fwp%2Fv2%2Fcategories&post=61003"},{"taxonomy":"post_tag","embeddable":true,"href":"https:\/\/radiorevelacionfm.cl\/index.php?rest_route=%2Fwp%2Fv2%2Ftags&post=61003"}],"curies":[{"name":"wp","href":"https:\/\/api.w.org\/{rel}","templated":true}]}}