{"id":60994,"date":"2025-10-30T20:08:14","date_gmt":"2025-10-30T23:08:14","guid":{"rendered":"https:\/\/radiorevelacionfm.cl\/?p=60994"},"modified":"2025-10-30T20:08:14","modified_gmt":"2025-10-30T23:08:14","slug":"estudiantes-del-colegio-alborada-realizan-taller-sobre-prevencion-de-violencias-de-genero-para-sus-profesores-y-profesoras","status":"publish","type":"post","link":"https:\/\/radiorevelacionfm.cl\/?p=60994","title":{"rendered":"Estudiantes del Colegio Alborada realizan taller sobre prevenci\u00f3n de violencias de g\u00e9nero para sus profesores y profesoras"},"content":{"rendered":"<div class=\"flex_column av_one_full  flex_column_div av-zero-column-padding first  avia-builder-el-0  el_before_av_one_full  avia-builder-el-first  \" style='border-radius:0px; '><div  class='avia-image-container  av-styling-    avia-builder-el-1  avia-builder-el-no-sibling  avia-align-center '  itemprop=\"image\" itemscope=\"itemscope\" itemtype=\"https:\/\/schema.org\/ImageObject\"  ><div class='avia-image-container-inner'><div class='avia-image-overlay-wrap'><img decoding=\"async\" class='wp-image-60995 avia-img-lazy-loading-not-60995 avia_image' src=\"https:\/\/radiorevelacionfm.cl\/wp-content\/uploads\/2025\/10\/Alborada-2-1-1.jpeg\" alt='' title='Alborada 2 (1) (1)' height=\"600\" width=\"904\"  itemprop=\"thumbnailUrl\" srcset=\"https:\/\/radiorevelacionfm.cl\/wp-content\/uploads\/2025\/10\/Alborada-2-1-1.jpeg 904w, https:\/\/radiorevelacionfm.cl\/wp-content\/uploads\/2025\/10\/Alborada-2-1-1-300x199.jpeg 300w, https:\/\/radiorevelacionfm.cl\/wp-content\/uploads\/2025\/10\/Alborada-2-1-1-768x510.jpeg 768w, https:\/\/radiorevelacionfm.cl\/wp-content\/uploads\/2025\/10\/Alborada-2-1-1-705x468.jpeg 705w, https:\/\/radiorevelacionfm.cl\/wp-content\/uploads\/2025\/10\/Alborada-2-1-1-450x299.jpeg 450w, https:\/\/radiorevelacionfm.cl\/wp-content\/uploads\/2025\/10\/Alborada-2-1-1-600x398.jpeg 600w\" sizes=\"(max-width: 904px) 100vw, 904px\" \/><\/div><\/div><\/div><\/div><div class=\"flex_column av_one_full  flex_column_div av-zero-column-padding first  avia-builder-el-2  el_after_av_one_full  el_before_av_one_full  column-top-margin\" style='border-radius:0px; '><section class=\"av_textblock_section \"  itemscope=\"itemscope\" itemtype=\"https:\/\/schema.org\/BlogPosting\" itemprop=\"blogPost\" ><div class='avia_textblock  '   itemprop=\"text\" ><p style=\"text-align: center;\"><strong><span style=\"font-size: 18pt;\">Estudiantes del Colegio Alborada realizan taller sobre prevenci\u00f3n de violencias de g\u00e9nero para sus profesores y profesoras<\/span><\/strong><\/p>\n<div id=\"gtx-trans\" style=\"position: absolute; left: -50px; top: 4.31534px;\">\n<div class=\"gtx-trans-icon\"><\/div>\n<\/div>\n<\/div><\/section><\/div><div class=\"flex_column av_one_full  flex_column_div av-zero-column-padding first  avia-builder-el-4  el_after_av_one_full  el_before_av_hr  column-top-margin\" style='border-radius:0px; '><section class=\"av_textblock_section \"  itemscope=\"itemscope\" itemtype=\"https:\/\/schema.org\/BlogPosting\" itemprop=\"blogPost\" ><div class='avia_textblock  '   itemprop=\"text\" ><p dir=\"ltr\" style=\"text-align: justify;\">A fines del mes de octubre se realiz\u00f3 en el Colegio Alborada una actividad donde estudiantes y profesores invirtieron sus roles. Fueron las y los alumnos del establecimiento quienes llevaron a cabo un taller para ense\u00f1ar a las y los docentes sobre violencias de g\u00e9nero y primera acogida, una instancia que se enmarca en el plan de trabajo del Centro General de Alumnos y Alumnas (CGA) como organizaci\u00f3n participante del Programa de Prevenci\u00f3n de las Violencias de G\u00e9nero.<\/p>\n<p dir=\"ltr\" style=\"text-align: justify;\">Esta iniciativa, que se ejecuta en la capital regional gracias a un convenio entre el Servicio Nacional de la Mujer y la Equidad de G\u00e9nero (SernamEG) y la Ilustre Municipalidad de Coyhaique, tiene como objetivo trabajar con las diferentes organizaciones de la sociedad civil en la prevenci\u00f3n de las violencias de g\u00e9nero, buscando que sean las agrupaciones las que finalmente se encarguen de irradiar la informaci\u00f3n y herramientas a sus comunidades, generando planes de trabajo que dan lugar a acciones como las del Colegio Alborada.<\/p>\n<p dir=\"ltr\" style=\"text-align: justify;\">En este contexto, la directora regional del SernamEG, Patricia Baeza Cabezas, recalc\u00f3 que \u201clo que busca el Programa de Prevenci\u00f3n de las Violencias de G\u00e9nero es justamente que las comunidades se organicen y movilicen en torno al objetivo de vivir una vida libre de violencias. En ese sentido, valoramos la actividad que realiz\u00f3 el Centro de Estudiantes del Colegio Alborada, informando y otorgando herramientas de prevenci\u00f3n y primera acogida a las profesoras, profesores y a la comunidad estudiantil en general, ya que la violencia de g\u00e9nero es una problem\u00e1tica de seguridad p\u00fablica y es tarea de todos y todas erradicarla de nuestras escuelas y de nuestros barrios\u201d.<\/p>\n<p dir=\"ltr\" style=\"text-align: justify;\">Por su parte, Bel\u00e9n Maldonado, orientadora del colegio y profesora asesora del Centro General de Alumnos y Alumnas, sostuvo que \u201cen la actualidad esta tem\u00e1tica tiene mucha relevancia para nosotros como instituci\u00f3n educativa, pues se ha transformado en una necesidad ir adquiriendo conocimientos de distintas \u00e1reas, y esto fue demostrado por el entusiasmo con que los profesores se desenvolvieron en este encuentro. Agradecemos al SernamEG y a la Municipalidad por permitirnos ser parte de este proyecto, que lleva muchos meses funcionando, y destacamos tambi\u00e9n la participaci\u00f3n de nuestras 14 estudiantes y el apoyo que les han dado sus familias\u201d.<\/p>\n<p dir=\"ltr\" style=\"text-align: justify;\">Si bien, la jornada tuvo como protagonistas a las y los estudiantes del CGA, quienes informaron sobre la oferta de la Unidad de Violencias de G\u00e9nero del SernamEG, la actividad tambi\u00e9n cont\u00f3 con la participaci\u00f3n de las y los profesionales del Centro de las Mujeres Rayen, quienes pudieron exponer sobre primera acogida y entregar herramientas para el abordaje de violencias de g\u00e9nero al profesorado.<\/p>\n<\/div><\/section><\/div><div  style='height:50px' class='hr hr-invisible   avia-builder-el-6  el_after_av_one_full  el_before_av_social_share '><span class='hr-inner ' ><span class='hr-inner-style'><\/span><\/span><\/div><\/p>\n<div  class='av-social-sharing-box  avia-builder-el-7  el_after_av_hr  el_before_av_hr  '><div class='av-share-box'><h5 class='av-share-link-description av-no-toc '>Compartir esta noticia<\/h5><ul class='av-share-box-list noLightbox'><li class='av-share-link av-social-link-facebook' ><a target=\"_blank\" aria-label=\"Compartir en Facebook\" href='https:\/\/www.facebook.com\/sharer.php?u=https:\/\/radiorevelacionfm.cl\/?p=60994&#038;t=Estudiantes%20del%20Colegio%20Alborada%20realizan%20taller%20sobre%20prevenci%C3%B3n%20de%20violencias%20de%20g%C3%A9nero%20para%20sus%20profesores%20y%20profesoras' aria-hidden='false' data-av_icon='\ue8f3' data-av_iconfont='entypo-fontello' title='' data-avia-related-tooltip='Compartir en Facebook' rel=\"noopener\"><span class='avia_hidden_link_text'>Compartir en Facebook<\/span><\/a><\/li><li class='av-share-link av-social-link-twitter' ><a target=\"_blank\" aria-label=\"Compartir en Twitter\" href='https:\/\/twitter.com\/share?text=Estudiantes%20del%20Colegio%20Alborada%20realizan%20taller%20sobre%20prevenci%C3%B3n%20de%20violencias%20de%20g%C3%A9nero%20para%20sus%20profesores%20y%20profesoras&#038;url=https:\/\/radiorevelacionfm.cl\/?p=60994' aria-hidden='false' data-av_icon='\ue8f1' data-av_iconfont='entypo-fontello' title='' data-avia-related-tooltip='Compartir en Twitter' rel=\"noopener\"><span class='avia_hidden_link_text'>Compartir en Twitter<\/span><\/a><\/li><li class='av-share-link av-social-link-whatsapp' ><a target=\"_blank\" aria-label=\"Compartir en Whatsapp\" href='https:\/\/api.whatsapp.com\/send?text=https:\/\/radiorevelacionfm.cl\/?p=60994' aria-hidden='false' data-av_icon='\uf232' data-av_iconfont='entypo-fontello' title='' data-avia-related-tooltip='Compartir en Whatsapp' rel=\"noopener\"><span class='avia_hidden_link_text'>Compartir en Whatsapp<\/span><\/a><\/li><li class='av-share-link av-social-link-linkedin' ><a target=\"_blank\" aria-label=\"Compartir en LinkedIn\" href='https:\/\/linkedin.com\/shareArticle?mini=true&#038;title=Estudiantes%20del%20Colegio%20Alborada%20realizan%20taller%20sobre%20prevenci%C3%B3n%20de%20violencias%20de%20g%C3%A9nero%20para%20sus%20profesores%20y%20profesoras&#038;url=https:\/\/radiorevelacionfm.cl\/?p=60994' aria-hidden='false' data-av_icon='\ue8fc' data-av_iconfont='entypo-fontello' title='' data-avia-related-tooltip='Compartir en LinkedIn' rel=\"noopener\"><span class='avia_hidden_link_text'>Compartir en LinkedIn<\/span><\/a><\/li><li class='av-share-link av-social-link-mail' ><a  aria-label=\"Compartir por correo\" href='mailto:?subject=Estudiantes%20del%20Colegio%20Alborada%20realizan%20taller%20sobre%20prevenci%C3%B3n%20de%20violencias%20de%20g%C3%A9nero%20para%20sus%20profesores%20y%20profesoras&#038;body=https:\/\/radiorevelacionfm.cl\/?p=60994' aria-hidden='false' data-av_icon='\ue805' data-av_iconfont='entypo-fontello' title='' data-avia-related-tooltip='Compartir por correo'><span class='avia_hidden_link_text'>Compartir por correo<\/span><\/a><\/li><\/ul><\/div><\/div>\n<div  style='height:50px' class='hr hr-invisible   avia-builder-el-8  el_after_av_social_share  el_before_av_comments_list '><span class='hr-inner ' ><span class='hr-inner-style'><\/span><\/span><\/div>\n<div  class='av-buildercomment  av-blog-meta-html-info-disabled av-blog-meta-tag-disabled  '><\/div>\n","protected":false},"excerpt":{"rendered":"","protected":false},"author":1,"featured_media":60995,"comment_status":"closed","ping_status":"closed","sticky":false,"template":"","format":"standard","meta":{"footnotes":""},"categories":[49],"tags":[],"class_list":["post-60994","post","type-post","status-publish","format-standard","has-post-thumbnail","hentry","category-educacion"],"jetpack_featured_media_url":"https:\/\/radiorevelacionfm.cl\/wp-content\/uploads\/2025\/10\/Alborada-2-1-1.jpeg","_links":{"self":[{"href":"https:\/\/radiorevelacionfm.cl\/index.php?rest_route=\/wp\/v2\/posts\/60994","targetHints":{"allow":["GET"]}}],"collection":[{"href":"https:\/\/radiorevelacionfm.cl\/index.php?rest_route=\/wp\/v2\/posts"}],"about":[{"href":"https:\/\/radiorevelacionfm.cl\/index.php?rest_route=\/wp\/v2\/types\/post"}],"author":[{"embeddable":true,"href":"https:\/\/radiorevelacionfm.cl\/index.php?rest_route=\/wp\/v2\/users\/1"}],"replies":[{"embeddable":true,"href":"https:\/\/radiorevelacionfm.cl\/index.php?rest_route=%2Fwp%2Fv2%2Fcomments&post=60994"}],"version-history":[{"count":2,"href":"https:\/\/radiorevelacionfm.cl\/index.php?rest_route=\/wp\/v2\/posts\/60994\/revisions"}],"predecessor-version":[{"id":60999,"href":"https:\/\/radiorevelacionfm.cl\/index.php?rest_route=\/wp\/v2\/posts\/60994\/revisions\/60999"}],"wp:featuredmedia":[{"embeddable":true,"href":"https:\/\/radiorevelacionfm.cl\/index.php?rest_route=\/wp\/v2\/media\/60995"}],"wp:attachment":[{"href":"https:\/\/radiorevelacionfm.cl\/index.php?rest_route=%2Fwp%2Fv2%2Fmedia&parent=60994"}],"wp:term":[{"taxonomy":"category","embeddable":true,"href":"https:\/\/radiorevelacionfm.cl\/index.php?rest_route=%2Fwp%2Fv2%2Fcategories&post=60994"},{"taxonomy":"post_tag","embeddable":true,"href":"https:\/\/radiorevelacionfm.cl\/index.php?rest_route=%2Fwp%2Fv2%2Ftags&post=60994"}],"curies":[{"name":"wp","href":"https:\/\/api.w.org\/{rel}","templated":true}]}}