{"id":60989,"date":"2025-10-31T10:27:50","date_gmt":"2025-10-31T13:27:50","guid":{"rendered":"https:\/\/radiorevelacionfm.cl\/?p=60989"},"modified":"2025-10-31T10:27:50","modified_gmt":"2025-10-31T13:27:50","slug":"asociacion-de-funcionarios-as-de-sernapesca-emplazan-a-candidatos-presidenciales-a-pronunciarse-sobre-la-ley-de-pesca-y-acuicultura","status":"publish","type":"post","link":"https:\/\/radiorevelacionfm.cl\/?p=60989","title":{"rendered":"Asociaci\u00f3n de funcionarios\/as de Sernapesca emplazan a candidatos presidenciales a pronunciarse sobre la Ley de Pesca y Acuicultura"},"content":{"rendered":"<div class=\"flex_column av_one_full  flex_column_div av-zero-column-padding first  avia-builder-el-0  el_before_av_one_full  avia-builder-el-first  \" style='border-radius:0px; '><div  class='avia-image-container  av-styling-    avia-builder-el-1  avia-builder-el-no-sibling  avia-align-center '  itemprop=\"image\" itemscope=\"itemscope\" itemtype=\"https:\/\/schema.org\/ImageObject\"  ><div class='avia-image-container-inner'><div class='avia-image-overlay-wrap'><img decoding=\"async\" class='wp-image-60990 avia-img-lazy-loading-not-60990 avia_image' src=\"https:\/\/radiorevelacionfm.cl\/wp-content\/uploads\/2025\/10\/WhatsApp-Image-2024-10-25-at-10.03.571-1-1.jpeg\" alt='' title='WhatsApp Image 2024-10-25 at 10.03.57(1) (1) (1)' height=\"600\" width=\"800\"  itemprop=\"thumbnailUrl\" srcset=\"https:\/\/radiorevelacionfm.cl\/wp-content\/uploads\/2025\/10\/WhatsApp-Image-2024-10-25-at-10.03.571-1-1.jpeg 800w, https:\/\/radiorevelacionfm.cl\/wp-content\/uploads\/2025\/10\/WhatsApp-Image-2024-10-25-at-10.03.571-1-1-300x225.jpeg 300w, https:\/\/radiorevelacionfm.cl\/wp-content\/uploads\/2025\/10\/WhatsApp-Image-2024-10-25-at-10.03.571-1-1-768x576.jpeg 768w, https:\/\/radiorevelacionfm.cl\/wp-content\/uploads\/2025\/10\/WhatsApp-Image-2024-10-25-at-10.03.571-1-1-705x529.jpeg 705w, https:\/\/radiorevelacionfm.cl\/wp-content\/uploads\/2025\/10\/WhatsApp-Image-2024-10-25-at-10.03.571-1-1-450x338.jpeg 450w, https:\/\/radiorevelacionfm.cl\/wp-content\/uploads\/2025\/10\/WhatsApp-Image-2024-10-25-at-10.03.571-1-1-600x450.jpeg 600w\" sizes=\"(max-width: 800px) 100vw, 800px\" \/><\/div><\/div><\/div><\/div><div class=\"flex_column av_one_full  flex_column_div av-zero-column-padding first  avia-builder-el-2  el_after_av_one_full  el_before_av_one_full  column-top-margin\" style='border-radius:0px; '><section class=\"av_textblock_section \"  itemscope=\"itemscope\" itemtype=\"https:\/\/schema.org\/BlogPosting\" itemprop=\"blogPost\" ><div class='avia_textblock  '   itemprop=\"text\" ><p style=\"text-align: center;\"><strong><span style=\"font-size: 18pt;\">Asociaci\u00f3n de funcionarios\/as de Sernapesca emplazan a candidatos presidenciales a pronunciarse sobre la Ley de Pesca y Acuicultura<\/span><\/strong><\/p>\n<div id=\"gtx-trans\" style=\"position: absolute; left: -50px; top: 4.31534px;\">\n<div class=\"gtx-trans-icon\"><\/div>\n<\/div>\n<\/div><\/section><\/div><div class=\"flex_column av_one_full  flex_column_div av-zero-column-padding first  avia-builder-el-4  el_after_av_one_full  el_before_av_hr  column-top-margin\" style='border-radius:0px; '><section class=\"av_textblock_section \"  itemscope=\"itemscope\" itemtype=\"https:\/\/schema.org\/BlogPosting\" itemprop=\"blogPost\" ><div class='avia_textblock  '   itemprop=\"text\" ><p style=\"text-align: justify;\">En el marco de su aniversario N\u00b030, la Asociaci\u00f3n de Funcionarios y Funcionarias del Servicio Nacional de Pesca y Acuicultura, AFUS, expres\u00f3 su preocupaci\u00f3n y molestia ante la falta de propuestas claras sobre pesca y acuicultura en las candidaturas presidenciales, as\u00ed como la ausencia de avances del actual Gobierno para asegurar una implementaci\u00f3n efectiva de la nueva Ley de Pesca.<\/p>\n<p style=\"text-align: justify;\">Durante los \u00faltimos dos a\u00f1os, la AFUS ha sostenido una veintena de reuniones con autoridades de Gobierno, con el fin de presentar las evidentes necesidades de fortalecimiento Institucional proponiendo una f\u00f3rmula de aumento de la recaudaci\u00f3n fiscal, para que la labor fiscalizadora est\u00e9 al nivel de la demanda del sector. A pesar de ello, no existen se\u00f1ales claras de compromiso pol\u00edtico para robustecer al Servicio Nacional de Pesca y Acuicultura.<\/p>\n<p style=\"text-align: justify;\">\u201cEl debilitamiento de Sernapesca no solo impacta nuestras condiciones de trabajo; pone en riesgo el resguardo de los recursos marinos, la sostenibilidad de la actividad. La ausencia de definiciones pol\u00edticas claras no es una omisi\u00f3n t\u00e9cnica: es una se\u00f1al de desinter\u00e9s hacia la soberan\u00eda alimentaria y la sustentabilidad del pa\u00eds\u201d, expres\u00f3 el presidente nacional de AFUS, C\u00e9sar Acu\u00f1a.<\/p>\n<p style=\"text-align: justify;\">Las cifras son elocuentes: el presupuesto anual para control y vigilancia representa apenas el 0,6% de los ingresos de la industria fiscalizada. Esto se traduce en un fiscalizador cada 72 kil\u00f3metros de costa y menos de dos funcionarios por cada uno de los 585 puntos de desembarques pesqueros del pa\u00eds.<\/p>\n<p style=\"text-align: justify;\">Chile necesita una pol\u00edtica pesquera y acu\u00edcola acorde con los desaf\u00edos actuales, sentenciaron desde el organismo gremial que cumpli\u00f3 30 a\u00f1os en la defensa de los derechos funcionarios. Desde AFUS reiteraron su llamado al Gobierno y a quienes aspiran a gobernar, para que otorguen prioridad al fortalecimiento del Sernapesca y garanticen que la nueva Ley de Pesca se cumpla en la pr\u00e1ctica y no solo en el papel.<\/p>\n<p style=\"text-align: justify;\">\u00abSin recursos suficientes, personal id\u00f3neo y herramientas tecnol\u00f3gicas, se continuar\u00e1 favoreciendo a quienes lucran con la pesca ilegal y afectando la seguridad alimentaria del pa\u00eds\u00bb, expres\u00f3 el presidente nacional de AFUS, C\u00e9sar Acu\u00f1a.<\/p>\n<\/div><\/section><\/div><div  style='height:50px' class='hr hr-invisible   avia-builder-el-6  el_after_av_one_full  el_before_av_social_share '><span class='hr-inner ' ><span class='hr-inner-style'><\/span><\/span><\/div><\/p>\n<div  class='av-social-sharing-box  avia-builder-el-7  el_after_av_hr  el_before_av_hr  '><div class='av-share-box'><h5 class='av-share-link-description av-no-toc '>Compartir esta noticia<\/h5><ul class='av-share-box-list noLightbox'><li class='av-share-link av-social-link-facebook' ><a target=\"_blank\" aria-label=\"Compartir en Facebook\" href='https:\/\/www.facebook.com\/sharer.php?u=https:\/\/radiorevelacionfm.cl\/?p=60989&#038;t=Asociaci%C3%B3n%20de%20funcionarios%2Fas%20de%20Sernapesca%20emplazan%20a%20candidatos%20presidenciales%20a%20pronunciarse%20sobre%20la%20Ley%20de%20Pesca%20y%20Acuicultura' aria-hidden='false' data-av_icon='\ue8f3' data-av_iconfont='entypo-fontello' title='' data-avia-related-tooltip='Compartir en Facebook' rel=\"noopener\"><span class='avia_hidden_link_text'>Compartir en Facebook<\/span><\/a><\/li><li class='av-share-link av-social-link-twitter' ><a target=\"_blank\" aria-label=\"Compartir en Twitter\" href='https:\/\/twitter.com\/share?text=Asociaci%C3%B3n%20de%20funcionarios%2Fas%20de%20Sernapesca%20emplazan%20a%20candidatos%20presidenciales%20a%20pronunciarse%20sobre%20la%20Ley%20de%20Pesca%20y%20Acuicultura&#038;url=https:\/\/radiorevelacionfm.cl\/?p=60989' aria-hidden='false' data-av_icon='\ue8f1' data-av_iconfont='entypo-fontello' title='' data-avia-related-tooltip='Compartir en Twitter' rel=\"noopener\"><span class='avia_hidden_link_text'>Compartir en Twitter<\/span><\/a><\/li><li class='av-share-link av-social-link-whatsapp' ><a target=\"_blank\" aria-label=\"Compartir en Whatsapp\" href='https:\/\/api.whatsapp.com\/send?text=https:\/\/radiorevelacionfm.cl\/?p=60989' aria-hidden='false' data-av_icon='\uf232' data-av_iconfont='entypo-fontello' title='' data-avia-related-tooltip='Compartir en Whatsapp' rel=\"noopener\"><span class='avia_hidden_link_text'>Compartir en Whatsapp<\/span><\/a><\/li><li class='av-share-link av-social-link-linkedin' ><a target=\"_blank\" aria-label=\"Compartir en LinkedIn\" href='https:\/\/linkedin.com\/shareArticle?mini=true&#038;title=Asociaci%C3%B3n%20de%20funcionarios%2Fas%20de%20Sernapesca%20emplazan%20a%20candidatos%20presidenciales%20a%20pronunciarse%20sobre%20la%20Ley%20de%20Pesca%20y%20Acuicultura&#038;url=https:\/\/radiorevelacionfm.cl\/?p=60989' aria-hidden='false' data-av_icon='\ue8fc' data-av_iconfont='entypo-fontello' title='' data-avia-related-tooltip='Compartir en LinkedIn' rel=\"noopener\"><span class='avia_hidden_link_text'>Compartir en LinkedIn<\/span><\/a><\/li><li class='av-share-link av-social-link-mail' ><a  aria-label=\"Compartir por correo\" href='mailto:?subject=Asociaci%C3%B3n%20de%20funcionarios%2Fas%20de%20Sernapesca%20emplazan%20a%20candidatos%20presidenciales%20a%20pronunciarse%20sobre%20la%20Ley%20de%20Pesca%20y%20Acuicultura&#038;body=https:\/\/radiorevelacionfm.cl\/?p=60989' aria-hidden='false' data-av_icon='\ue805' data-av_iconfont='entypo-fontello' title='' data-avia-related-tooltip='Compartir por correo'><span class='avia_hidden_link_text'>Compartir por correo<\/span><\/a><\/li><\/ul><\/div><\/div>\n<div  style='height:50px' class='hr hr-invisible   avia-builder-el-8  el_after_av_social_share  el_before_av_comments_list '><span class='hr-inner ' ><span class='hr-inner-style'><\/span><\/span><\/div>\n<div  class='av-buildercomment  av-blog-meta-html-info-disabled av-blog-meta-tag-disabled  '><\/div>\n","protected":false},"excerpt":{"rendered":"","protected":false},"author":1,"featured_media":60990,"comment_status":"closed","ping_status":"closed","sticky":false,"template":"","format":"standard","meta":{"footnotes":""},"categories":[60],"tags":[],"class_list":["post-60989","post","type-post","status-publish","format-standard","has-post-thumbnail","hentry","category-pesca"],"jetpack_featured_media_url":"https:\/\/radiorevelacionfm.cl\/wp-content\/uploads\/2025\/10\/WhatsApp-Image-2024-10-25-at-10.03.571-1-1.jpeg","_links":{"self":[{"href":"https:\/\/radiorevelacionfm.cl\/index.php?rest_route=\/wp\/v2\/posts\/60989","targetHints":{"allow":["GET"]}}],"collection":[{"href":"https:\/\/radiorevelacionfm.cl\/index.php?rest_route=\/wp\/v2\/posts"}],"about":[{"href":"https:\/\/radiorevelacionfm.cl\/index.php?rest_route=\/wp\/v2\/types\/post"}],"author":[{"embeddable":true,"href":"https:\/\/radiorevelacionfm.cl\/index.php?rest_route=\/wp\/v2\/users\/1"}],"replies":[{"embeddable":true,"href":"https:\/\/radiorevelacionfm.cl\/index.php?rest_route=%2Fwp%2Fv2%2Fcomments&post=60989"}],"version-history":[{"count":2,"href":"https:\/\/radiorevelacionfm.cl\/index.php?rest_route=\/wp\/v2\/posts\/60989\/revisions"}],"predecessor-version":[{"id":61006,"href":"https:\/\/radiorevelacionfm.cl\/index.php?rest_route=\/wp\/v2\/posts\/60989\/revisions\/61006"}],"wp:featuredmedia":[{"embeddable":true,"href":"https:\/\/radiorevelacionfm.cl\/index.php?rest_route=\/wp\/v2\/media\/60990"}],"wp:attachment":[{"href":"https:\/\/radiorevelacionfm.cl\/index.php?rest_route=%2Fwp%2Fv2%2Fmedia&parent=60989"}],"wp:term":[{"taxonomy":"category","embeddable":true,"href":"https:\/\/radiorevelacionfm.cl\/index.php?rest_route=%2Fwp%2Fv2%2Fcategories&post=60989"},{"taxonomy":"post_tag","embeddable":true,"href":"https:\/\/radiorevelacionfm.cl\/index.php?rest_route=%2Fwp%2Fv2%2Ftags&post=60989"}],"curies":[{"name":"wp","href":"https:\/\/api.w.org\/{rel}","templated":true}]}}