{"id":60985,"date":"2025-10-30T17:14:16","date_gmt":"2025-10-30T20:14:16","guid":{"rendered":"https:\/\/radiorevelacionfm.cl\/?p=60985"},"modified":"2025-10-30T17:14:16","modified_gmt":"2025-10-30T20:14:16","slug":"archi-da-a-conocer-los-periodistas-que-participaran-en-su-debate-presidencial-2025","status":"publish","type":"post","link":"https:\/\/radiorevelacionfm.cl\/?p=60985","title":{"rendered":"ARCHI da a conocer los periodistas que participar\u00e1n en su Debate Presidencial 2025"},"content":{"rendered":"<div class=\"flex_column av_one_full  flex_column_div av-zero-column-padding first  avia-builder-el-0  el_before_av_one_full  avia-builder-el-first  \" style='border-radius:0px; '><div  class='avia-image-container  av-styling-    avia-builder-el-1  avia-builder-el-no-sibling  avia-align-center '  itemprop=\"image\" itemscope=\"itemscope\" itemtype=\"https:\/\/schema.org\/ImageObject\"  ><div class='avia-image-container-inner'><div class='avia-image-overlay-wrap'><img decoding=\"async\" class='wp-image-60986 avia-img-lazy-loading-not-60986 avia_image' src=\"https:\/\/radiorevelacionfm.cl\/wp-content\/uploads\/2025\/10\/Debate-ARCHI-1.jpg\" alt='' title='Debate ARCHI (1)' height=\"600\" width=\"1651\"  itemprop=\"thumbnailUrl\" srcset=\"https:\/\/radiorevelacionfm.cl\/wp-content\/uploads\/2025\/10\/Debate-ARCHI-1.jpg 1651w, https:\/\/radiorevelacionfm.cl\/wp-content\/uploads\/2025\/10\/Debate-ARCHI-1-300x109.jpg 300w, https:\/\/radiorevelacionfm.cl\/wp-content\/uploads\/2025\/10\/Debate-ARCHI-1-1030x374.jpg 1030w, https:\/\/radiorevelacionfm.cl\/wp-content\/uploads\/2025\/10\/Debate-ARCHI-1-768x279.jpg 768w, https:\/\/radiorevelacionfm.cl\/wp-content\/uploads\/2025\/10\/Debate-ARCHI-1-1536x558.jpg 1536w, https:\/\/radiorevelacionfm.cl\/wp-content\/uploads\/2025\/10\/Debate-ARCHI-1-1500x545.jpg 1500w, https:\/\/radiorevelacionfm.cl\/wp-content\/uploads\/2025\/10\/Debate-ARCHI-1-705x256.jpg 705w, https:\/\/radiorevelacionfm.cl\/wp-content\/uploads\/2025\/10\/Debate-ARCHI-1-450x164.jpg 450w, https:\/\/radiorevelacionfm.cl\/wp-content\/uploads\/2025\/10\/Debate-ARCHI-1-600x218.jpg 600w\" sizes=\"(max-width: 1651px) 100vw, 1651px\" \/><\/div><\/div><\/div><\/div><div class=\"flex_column av_one_full  flex_column_div av-zero-column-padding first  avia-builder-el-2  el_after_av_one_full  el_before_av_one_full  column-top-margin\" style='border-radius:0px; '><section class=\"av_textblock_section \"  itemscope=\"itemscope\" itemtype=\"https:\/\/schema.org\/BlogPosting\" itemprop=\"blogPost\" ><div class='avia_textblock  '   itemprop=\"text\" ><p style=\"text-align: center;\"><strong><span style=\"font-size: 18pt;\">ARCHI da a conocer los periodistas que participar\u00e1n en su Debate Presidencial 2025<\/span><\/strong><\/p>\n<div id=\"gtx-trans\" style=\"position: absolute; left: -50px; top: 4.31534px;\">\n<div class=\"gtx-trans-icon\"><\/div>\n<\/div>\n<\/div><\/section><\/div><div class=\"flex_column av_one_full  flex_column_div av-zero-column-padding first  avia-builder-el-4  el_after_av_one_full  el_before_av_hr  column-top-margin\" style='border-radius:0px; '><section class=\"av_textblock_section \"  itemscope=\"itemscope\" itemtype=\"https:\/\/schema.org\/BlogPosting\" itemprop=\"blogPost\" ><div class='avia_textblock  '   itemprop=\"text\" ><p style=\"text-align: justify;\">Los periodistas de Radio Duna, M\u00f3nica P\u00e9rez; 13C, Soledad Onetto; Agricultura, Cristina Gonz\u00e1lez y Cooperativa: Rodrigo Vergara, ser\u00e1n los encargados de formular las preguntas en el Debate Presidencial ARCHI 2025, que se realizar\u00e1 el martes 4 de noviembre de 2025. El moderador ser\u00e1 el periodista Daniel Silva de Radio Infinita.<\/p>\n<p style=\"text-align: justify;\">Los reconocidos profesionales de las comunicaciones, fueron escogidos entre los representantes de la Asociaci\u00f3n de Radiodifusores de Chile, para el evento que se constituye hist\u00f3ricamente en uno de los m\u00e1s importantes previo a las Elecciones Presidenciales de nuestro pa\u00eds.<\/p>\n<p style=\"text-align: justify;\">El encuentro, ya cuenta con la confirmaci\u00f3n de los ocho candidatos y candidatas, para estar presentes desde las 8:00 de la ma\u00f1ana en el Debate Presidencial ARCHI 2025, el cual ser\u00e1 transmitido por todas las emisoras asociadas de Arica a la Ant\u00e1rtica, incluyendo el territorio insular de la Isla de Pascua, por lo que se constituye en el debate con la mayor cobertura del pa\u00eds.<\/p>\n<p style=\"text-align: justify;\">Asimismo, ser\u00e1 transmitido por las se\u00f1ales online de las distintas emisoras, por lo que podr\u00e1 ser o\u00eddo en todo el mundo.<\/p>\n<p style=\"text-align: justify;\">El presidente de ARCHI, Cristi\u00e1n G\u00e1lvez, indic\u00f3 que \u201cestamos preparando un gran evento, con un formato \u00e1gil, donde todos los candidatos y candidatas, podr\u00e1n expresar sus opiniones y entregar sus propuestas, las cuales ser\u00e1n escuchadas por millones de chilenos, ya que la magia de la radio es que puede ser o\u00edda en movimiento, en el auto, en la calle o donde uno se encuentre, sin necesidad de estar instalados y detenidos frente a un aparato\u201d.<\/p>\n<p style=\"text-align: justify;\">Los representantes de los comandos ya se\u00a0 reunieron con la organizaci\u00f3n del Debate\u00a0 ARCHI 2025, para dar a conocer los aspectos generales y realizar los sorteos necesarios para las ubicaciones en el escenario.<\/p>\n<\/div><\/section><\/div><div  style='height:50px' class='hr hr-invisible   avia-builder-el-6  el_after_av_one_full  el_before_av_social_share '><span class='hr-inner ' ><span class='hr-inner-style'><\/span><\/span><\/div><\/p>\n<div  class='av-social-sharing-box  avia-builder-el-7  el_after_av_hr  el_before_av_hr  '><div class='av-share-box'><h5 class='av-share-link-description av-no-toc '>Compartir esta noticia<\/h5><ul class='av-share-box-list noLightbox'><li class='av-share-link av-social-link-facebook' ><a target=\"_blank\" aria-label=\"Compartir en Facebook\" href='https:\/\/www.facebook.com\/sharer.php?u=https:\/\/radiorevelacionfm.cl\/?p=60985&#038;t=ARCHI%20da%20a%20conocer%20los%20periodistas%20que%20participar%C3%A1n%20en%20su%20Debate%20Presidencial%202025' aria-hidden='false' data-av_icon='\ue8f3' data-av_iconfont='entypo-fontello' title='' data-avia-related-tooltip='Compartir en Facebook' rel=\"noopener\"><span class='avia_hidden_link_text'>Compartir en Facebook<\/span><\/a><\/li><li class='av-share-link av-social-link-twitter' ><a target=\"_blank\" aria-label=\"Compartir en Twitter\" href='https:\/\/twitter.com\/share?text=ARCHI%20da%20a%20conocer%20los%20periodistas%20que%20participar%C3%A1n%20en%20su%20Debate%20Presidencial%202025&#038;url=https:\/\/radiorevelacionfm.cl\/?p=60985' aria-hidden='false' data-av_icon='\ue8f1' data-av_iconfont='entypo-fontello' title='' data-avia-related-tooltip='Compartir en Twitter' rel=\"noopener\"><span class='avia_hidden_link_text'>Compartir en Twitter<\/span><\/a><\/li><li class='av-share-link av-social-link-whatsapp' ><a target=\"_blank\" aria-label=\"Compartir en Whatsapp\" href='https:\/\/api.whatsapp.com\/send?text=https:\/\/radiorevelacionfm.cl\/?p=60985' aria-hidden='false' data-av_icon='\uf232' data-av_iconfont='entypo-fontello' title='' data-avia-related-tooltip='Compartir en Whatsapp' rel=\"noopener\"><span class='avia_hidden_link_text'>Compartir en Whatsapp<\/span><\/a><\/li><li class='av-share-link av-social-link-linkedin' ><a target=\"_blank\" aria-label=\"Compartir en LinkedIn\" href='https:\/\/linkedin.com\/shareArticle?mini=true&#038;title=ARCHI%20da%20a%20conocer%20los%20periodistas%20que%20participar%C3%A1n%20en%20su%20Debate%20Presidencial%202025&#038;url=https:\/\/radiorevelacionfm.cl\/?p=60985' aria-hidden='false' data-av_icon='\ue8fc' data-av_iconfont='entypo-fontello' title='' data-avia-related-tooltip='Compartir en LinkedIn' rel=\"noopener\"><span class='avia_hidden_link_text'>Compartir en LinkedIn<\/span><\/a><\/li><li class='av-share-link av-social-link-mail' ><a  aria-label=\"Compartir por correo\" href='mailto:?subject=ARCHI%20da%20a%20conocer%20los%20periodistas%20que%20participar%C3%A1n%20en%20su%20Debate%20Presidencial%202025&#038;body=https:\/\/radiorevelacionfm.cl\/?p=60985' aria-hidden='false' data-av_icon='\ue805' data-av_iconfont='entypo-fontello' title='' data-avia-related-tooltip='Compartir por correo'><span class='avia_hidden_link_text'>Compartir por correo<\/span><\/a><\/li><\/ul><\/div><\/div>\n<div  style='height:50px' class='hr hr-invisible   avia-builder-el-8  el_after_av_social_share  el_before_av_comments_list '><span class='hr-inner ' ><span class='hr-inner-style'><\/span><\/span><\/div>\n<div  class='av-buildercomment  av-blog-meta-html-info-disabled av-blog-meta-tag-disabled  '><\/div>\n","protected":false},"excerpt":{"rendered":"","protected":false},"author":1,"featured_media":60986,"comment_status":"closed","ping_status":"closed","sticky":false,"template":"","format":"standard","meta":{"footnotes":""},"categories":[61],"tags":[],"class_list":["post-60985","post","type-post","status-publish","format-standard","has-post-thumbnail","hentry","category-nacional"],"jetpack_featured_media_url":"https:\/\/radiorevelacionfm.cl\/wp-content\/uploads\/2025\/10\/Debate-ARCHI-1.jpg","_links":{"self":[{"href":"https:\/\/radiorevelacionfm.cl\/index.php?rest_route=\/wp\/v2\/posts\/60985","targetHints":{"allow":["GET"]}}],"collection":[{"href":"https:\/\/radiorevelacionfm.cl\/index.php?rest_route=\/wp\/v2\/posts"}],"about":[{"href":"https:\/\/radiorevelacionfm.cl\/index.php?rest_route=\/wp\/v2\/types\/post"}],"author":[{"embeddable":true,"href":"https:\/\/radiorevelacionfm.cl\/index.php?rest_route=\/wp\/v2\/users\/1"}],"replies":[{"embeddable":true,"href":"https:\/\/radiorevelacionfm.cl\/index.php?rest_route=%2Fwp%2Fv2%2Fcomments&post=60985"}],"version-history":[{"count":2,"href":"https:\/\/radiorevelacionfm.cl\/index.php?rest_route=\/wp\/v2\/posts\/60985\/revisions"}],"predecessor-version":[{"id":60988,"href":"https:\/\/radiorevelacionfm.cl\/index.php?rest_route=\/wp\/v2\/posts\/60985\/revisions\/60988"}],"wp:featuredmedia":[{"embeddable":true,"href":"https:\/\/radiorevelacionfm.cl\/index.php?rest_route=\/wp\/v2\/media\/60986"}],"wp:attachment":[{"href":"https:\/\/radiorevelacionfm.cl\/index.php?rest_route=%2Fwp%2Fv2%2Fmedia&parent=60985"}],"wp:term":[{"taxonomy":"category","embeddable":true,"href":"https:\/\/radiorevelacionfm.cl\/index.php?rest_route=%2Fwp%2Fv2%2Fcategories&post=60985"},{"taxonomy":"post_tag","embeddable":true,"href":"https:\/\/radiorevelacionfm.cl\/index.php?rest_route=%2Fwp%2Fv2%2Ftags&post=60985"}],"curies":[{"name":"wp","href":"https:\/\/api.w.org\/{rel}","templated":true}]}}