{"id":60975,"date":"2025-10-30T17:21:55","date_gmt":"2025-10-30T20:21:55","guid":{"rendered":"https:\/\/radiorevelacionfm.cl\/?p=60975"},"modified":"2025-10-30T17:21:55","modified_gmt":"2025-10-30T20:21:55","slug":"jornada-sobre-asignatura-de-lengua-indigena-y-pueblos-originarios-convoca-a-equipos-directivos-y-docentes-para-fortalecer-la-interculturalidad-en-las-escuelas","status":"publish","type":"post","link":"https:\/\/radiorevelacionfm.cl\/?p=60975","title":{"rendered":"Jornada sobre Asignatura de Lengua Ind\u00edgena y Pueblos Originarios convoca a equipos directivos y docentes para fortalecer la interculturalidad en las escuelas"},"content":{"rendered":"<div class=\"flex_column av_one_full  flex_column_div av-zero-column-padding first  avia-builder-el-0  el_before_av_one_full  avia-builder-el-first  \" style='border-radius:0px; '><div  class='avia-image-container  av-styling-    avia-builder-el-1  avia-builder-el-no-sibling  avia-align-center '  itemprop=\"image\" itemscope=\"itemscope\" itemtype=\"https:\/\/schema.org\/ImageObject\"  ><div class='avia-image-container-inner'><div class='avia-image-overlay-wrap'><img decoding=\"async\" class='wp-image-60976 avia-img-lazy-loading-not-60976 avia_image' src=\"https:\/\/radiorevelacionfm.cl\/wp-content\/uploads\/2025\/10\/ed-intercultural-bilingue-1_optimized-1.jpeg\" alt='' title='ed-intercultural-bilingue-(1)_optimized (1)' height=\"600\" width=\"1140\"  itemprop=\"thumbnailUrl\" srcset=\"https:\/\/radiorevelacionfm.cl\/wp-content\/uploads\/2025\/10\/ed-intercultural-bilingue-1_optimized-1.jpeg 1140w, https:\/\/radiorevelacionfm.cl\/wp-content\/uploads\/2025\/10\/ed-intercultural-bilingue-1_optimized-1-300x158.jpeg 300w, https:\/\/radiorevelacionfm.cl\/wp-content\/uploads\/2025\/10\/ed-intercultural-bilingue-1_optimized-1-1030x542.jpeg 1030w, https:\/\/radiorevelacionfm.cl\/wp-content\/uploads\/2025\/10\/ed-intercultural-bilingue-1_optimized-1-768x404.jpeg 768w, https:\/\/radiorevelacionfm.cl\/wp-content\/uploads\/2025\/10\/ed-intercultural-bilingue-1_optimized-1-710x375.jpeg 710w, https:\/\/radiorevelacionfm.cl\/wp-content\/uploads\/2025\/10\/ed-intercultural-bilingue-1_optimized-1-705x371.jpeg 705w, https:\/\/radiorevelacionfm.cl\/wp-content\/uploads\/2025\/10\/ed-intercultural-bilingue-1_optimized-1-450x237.jpeg 450w, https:\/\/radiorevelacionfm.cl\/wp-content\/uploads\/2025\/10\/ed-intercultural-bilingue-1_optimized-1-600x316.jpeg 600w\" sizes=\"(max-width: 1140px) 100vw, 1140px\" \/><\/div><\/div><\/div><\/div><div class=\"flex_column av_one_full  flex_column_div av-zero-column-padding first  avia-builder-el-2  el_after_av_one_full  el_before_av_one_full  column-top-margin\" style='border-radius:0px; '><section class=\"av_textblock_section \"  itemscope=\"itemscope\" itemtype=\"https:\/\/schema.org\/BlogPosting\" itemprop=\"blogPost\" ><div class='avia_textblock  '   itemprop=\"text\" ><p style=\"text-align: center;\"><span style=\"font-size: 18pt;\"><b>Jornada sobre Asignatura de Lengua Ind\u00edgena y Pueblos Originarios convoca a equipos directivos y docentes para fortalecer la interculturalidad en las escuelas<\/b><\/span><\/p>\n<div id=\"gtx-trans\" style=\"position: absolute; left: -50px; top: 4.31534px;\">\n<div class=\"gtx-trans-icon\"><\/div>\n<\/div>\n<\/div><\/section><\/div><div class=\"flex_column av_one_full  flex_column_div av-zero-column-padding first  avia-builder-el-4  el_after_av_one_full  el_before_av_hr  column-top-margin\" style='border-radius:0px; '><section class=\"av_textblock_section \"  itemscope=\"itemscope\" itemtype=\"https:\/\/schema.org\/BlogPosting\" itemprop=\"blogPost\" ><div class='avia_textblock  '   itemprop=\"text\" ><p style=\"font-weight: 400; text-align: justify;\">Con la participaci\u00f3n de profesores, directores y sostenedores de la provincia se realiz\u00f3 el mi\u00e9rcoles en Coyhaique la Jornada \u201cAsignatura de Lengua Ind\u00edgena y Pueblos Originarios\u201d, instancia destinada a reflexionar y actualizar lineamientos para la implementaci\u00f3n de un enfoque intercultural en el sistema escolar.<\/p>\n<p style=\"font-weight: 400; text-align: justify;\">El encuentro puso \u00e9nfasis en el desarrollo de la identidad, la autoestima y la formaci\u00f3n ciudadana de las y los estudiantes, relevando el aporte de las culturas originarias al curr\u00edculo y a la convivencia escolar. Durante la jornada se trabaj\u00f3 en mesas tem\u00e1ticas, orientaciones pedag\u00f3gicas y ejemplos de buenas pr\u00e1cticas, con foco en articular la asignatura con los Proyectos de Mejoramiento Educativo (PME) y el trabajo de aula.<\/p>\n<p style=\"font-weight: 400; text-align: justify;\">\u201cLa interculturalidad no es un complemento, es parte esencial de una educaci\u00f3n pertinente y de calidad. Poner en valor las lenguas y tradiciones de los pueblos originarios fortalece la identidad, la autoestima y el sentido de pertenencia de nuestras y nuestros estudiantes\u201d, se\u00f1al\u00f3 Michelle Grondona, Jefa DEPROV Coyhaique.<\/p>\n<p style=\"font-weight: 400; text-align: justify;\">Entre los objetivos abordados destacaron:<\/p>\n<ul style=\"font-weight: 400; text-align: justify;\">\n<li>Actualizaci\u00f3n pedag\u00f3gica para la implementaci\u00f3n de la asignatura de Lengua y Cultura de Pueblos Originarios.<\/li>\n<li>Vinculaci\u00f3n con la gesti\u00f3n escolar: integraci\u00f3n al PME, planificaci\u00f3n y evaluaci\u00f3n.<\/li>\n<li>Recursos y estrategias para el aula y la comunidad educativa (materiales, actividades, v\u00ednculos territoriales).<\/li>\n<li>Enfoque formativo: identidad, autoestima, ciudadan\u00eda y respeto por la diversidad cultural.<\/li>\n<\/ul>\n<p style=\"font-weight: 400; text-align: justify;\">La jornada concluy\u00f3 con compromisos de seguimiento, entre ellos la sistematizaci\u00f3n de materiales, el intercambio de experiencias entre establecimientos y la programaci\u00f3n de nuevas capacitaciones para los equipos docentes y directivos.<\/p>\n<\/div><\/section><\/div><div  style='height:50px' class='hr hr-invisible   avia-builder-el-6  el_after_av_one_full  el_before_av_social_share '><span class='hr-inner ' ><span class='hr-inner-style'><\/span><\/span><\/div><\/p>\n<div  class='av-social-sharing-box  avia-builder-el-7  el_after_av_hr  el_before_av_hr  '><div class='av-share-box'><h5 class='av-share-link-description av-no-toc '>Compartir esta noticia<\/h5><ul class='av-share-box-list noLightbox'><li class='av-share-link av-social-link-facebook' ><a target=\"_blank\" aria-label=\"Compartir en Facebook\" href='https:\/\/www.facebook.com\/sharer.php?u=https:\/\/radiorevelacionfm.cl\/?p=60975&#038;t=Jornada%20sobre%20Asignatura%20de%20Lengua%20Ind%C3%ADgena%20y%20Pueblos%20Originarios%20convoca%20a%20equipos%20directivos%20y%20docentes%20para%20fortalecer%20la%20interculturalidad%20en%20las%20escuelas' aria-hidden='false' data-av_icon='\ue8f3' data-av_iconfont='entypo-fontello' title='' data-avia-related-tooltip='Compartir en Facebook' rel=\"noopener\"><span class='avia_hidden_link_text'>Compartir en Facebook<\/span><\/a><\/li><li class='av-share-link av-social-link-twitter' ><a target=\"_blank\" aria-label=\"Compartir en Twitter\" href='https:\/\/twitter.com\/share?text=Jornada%20sobre%20Asignatura%20de%20Lengua%20Ind%C3%ADgena%20y%20Pueblos%20Originarios%20convoca%20a%20equipos%20directivos%20y%20docentes%20para%20fortalecer%20la%20interculturalidad%20en%20las%20escuelas&#038;url=https:\/\/radiorevelacionfm.cl\/?p=60975' aria-hidden='false' data-av_icon='\ue8f1' data-av_iconfont='entypo-fontello' title='' data-avia-related-tooltip='Compartir en Twitter' rel=\"noopener\"><span class='avia_hidden_link_text'>Compartir en Twitter<\/span><\/a><\/li><li class='av-share-link av-social-link-whatsapp' ><a target=\"_blank\" aria-label=\"Compartir en Whatsapp\" href='https:\/\/api.whatsapp.com\/send?text=https:\/\/radiorevelacionfm.cl\/?p=60975' aria-hidden='false' data-av_icon='\uf232' data-av_iconfont='entypo-fontello' title='' data-avia-related-tooltip='Compartir en Whatsapp' rel=\"noopener\"><span class='avia_hidden_link_text'>Compartir en Whatsapp<\/span><\/a><\/li><li class='av-share-link av-social-link-linkedin' ><a target=\"_blank\" aria-label=\"Compartir en LinkedIn\" href='https:\/\/linkedin.com\/shareArticle?mini=true&#038;title=Jornada%20sobre%20Asignatura%20de%20Lengua%20Ind%C3%ADgena%20y%20Pueblos%20Originarios%20convoca%20a%20equipos%20directivos%20y%20docentes%20para%20fortalecer%20la%20interculturalidad%20en%20las%20escuelas&#038;url=https:\/\/radiorevelacionfm.cl\/?p=60975' aria-hidden='false' data-av_icon='\ue8fc' data-av_iconfont='entypo-fontello' title='' data-avia-related-tooltip='Compartir en LinkedIn' rel=\"noopener\"><span class='avia_hidden_link_text'>Compartir en LinkedIn<\/span><\/a><\/li><li class='av-share-link av-social-link-mail' ><a  aria-label=\"Compartir por correo\" href='mailto:?subject=Jornada%20sobre%20Asignatura%20de%20Lengua%20Ind%C3%ADgena%20y%20Pueblos%20Originarios%20convoca%20a%20equipos%20directivos%20y%20docentes%20para%20fortalecer%20la%20interculturalidad%20en%20las%20escuelas&#038;body=https:\/\/radiorevelacionfm.cl\/?p=60975' aria-hidden='false' data-av_icon='\ue805' data-av_iconfont='entypo-fontello' title='' data-avia-related-tooltip='Compartir por correo'><span class='avia_hidden_link_text'>Compartir por correo<\/span><\/a><\/li><\/ul><\/div><\/div>\n<div  style='height:50px' class='hr hr-invisible   avia-builder-el-8  el_after_av_social_share  el_before_av_comments_list '><span class='hr-inner ' ><span class='hr-inner-style'><\/span><\/span><\/div>\n<div  class='av-buildercomment  av-blog-meta-html-info-disabled av-blog-meta-tag-disabled  '><\/div>\n","protected":false},"excerpt":{"rendered":"","protected":false},"author":1,"featured_media":60976,"comment_status":"closed","ping_status":"closed","sticky":false,"template":"","format":"standard","meta":{"footnotes":""},"categories":[49],"tags":[],"class_list":["post-60975","post","type-post","status-publish","format-standard","has-post-thumbnail","hentry","category-educacion"],"jetpack_featured_media_url":"https:\/\/radiorevelacionfm.cl\/wp-content\/uploads\/2025\/10\/ed-intercultural-bilingue-1_optimized-1.jpeg","_links":{"self":[{"href":"https:\/\/radiorevelacionfm.cl\/index.php?rest_route=\/wp\/v2\/posts\/60975","targetHints":{"allow":["GET"]}}],"collection":[{"href":"https:\/\/radiorevelacionfm.cl\/index.php?rest_route=\/wp\/v2\/posts"}],"about":[{"href":"https:\/\/radiorevelacionfm.cl\/index.php?rest_route=\/wp\/v2\/types\/post"}],"author":[{"embeddable":true,"href":"https:\/\/radiorevelacionfm.cl\/index.php?rest_route=\/wp\/v2\/users\/1"}],"replies":[{"embeddable":true,"href":"https:\/\/radiorevelacionfm.cl\/index.php?rest_route=%2Fwp%2Fv2%2Fcomments&post=60975"}],"version-history":[{"count":2,"href":"https:\/\/radiorevelacionfm.cl\/index.php?rest_route=\/wp\/v2\/posts\/60975\/revisions"}],"predecessor-version":[{"id":60992,"href":"https:\/\/radiorevelacionfm.cl\/index.php?rest_route=\/wp\/v2\/posts\/60975\/revisions\/60992"}],"wp:featuredmedia":[{"embeddable":true,"href":"https:\/\/radiorevelacionfm.cl\/index.php?rest_route=\/wp\/v2\/media\/60976"}],"wp:attachment":[{"href":"https:\/\/radiorevelacionfm.cl\/index.php?rest_route=%2Fwp%2Fv2%2Fmedia&parent=60975"}],"wp:term":[{"taxonomy":"category","embeddable":true,"href":"https:\/\/radiorevelacionfm.cl\/index.php?rest_route=%2Fwp%2Fv2%2Fcategories&post=60975"},{"taxonomy":"post_tag","embeddable":true,"href":"https:\/\/radiorevelacionfm.cl\/index.php?rest_route=%2Fwp%2Fv2%2Ftags&post=60975"}],"curies":[{"name":"wp","href":"https:\/\/api.w.org\/{rel}","templated":true}]}}