{"id":60971,"date":"2025-10-30T15:34:04","date_gmt":"2025-10-30T18:34:04","guid":{"rendered":"https:\/\/radiorevelacionfm.cl\/?p=60971"},"modified":"2025-10-30T15:34:04","modified_gmt":"2025-10-30T18:34:04","slug":"mas-de-200-pacientes-salieron-de-lista-de-espera-gracias-a-operativo-medico-en-hospital-de-puerto-aysen","status":"publish","type":"post","link":"https:\/\/radiorevelacionfm.cl\/?p=60971","title":{"rendered":"M\u00e1s de 200 pacientes salieron de lista de espera gracias a operativo m\u00e9dico en Hospital de Puerto Ays\u00e9n"},"content":{"rendered":"<div class=\"flex_column av_one_full  flex_column_div av-zero-column-padding first  avia-builder-el-0  el_before_av_one_full  avia-builder-el-first  \" style='border-radius:0px; '><div  class='avia-image-container  av-styling-    avia-builder-el-1  avia-builder-el-no-sibling  avia-align-center '  itemprop=\"image\" itemscope=\"itemscope\" itemtype=\"https:\/\/schema.org\/ImageObject\"  ><div class='avia-image-container-inner'><div class='avia-image-overlay-wrap'><img decoding=\"async\" class='wp-image-60972 avia-img-lazy-loading-not-60972 avia_image' src=\"https:\/\/radiorevelacionfm.cl\/wp-content\/uploads\/2025\/10\/Operativo-Hospital-Puerto-Aysen-5-1-1.jpeg\" alt='' title='Operativo Hospital Puerto Ays\u00e9n 5 (1) (1)' height=\"600\" width=\"900\"  itemprop=\"thumbnailUrl\" srcset=\"https:\/\/radiorevelacionfm.cl\/wp-content\/uploads\/2025\/10\/Operativo-Hospital-Puerto-Aysen-5-1-1.jpeg 900w, https:\/\/radiorevelacionfm.cl\/wp-content\/uploads\/2025\/10\/Operativo-Hospital-Puerto-Aysen-5-1-1-300x200.jpeg 300w, https:\/\/radiorevelacionfm.cl\/wp-content\/uploads\/2025\/10\/Operativo-Hospital-Puerto-Aysen-5-1-1-768x512.jpeg 768w, https:\/\/radiorevelacionfm.cl\/wp-content\/uploads\/2025\/10\/Operativo-Hospital-Puerto-Aysen-5-1-1-705x470.jpeg 705w, https:\/\/radiorevelacionfm.cl\/wp-content\/uploads\/2025\/10\/Operativo-Hospital-Puerto-Aysen-5-1-1-450x300.jpeg 450w, https:\/\/radiorevelacionfm.cl\/wp-content\/uploads\/2025\/10\/Operativo-Hospital-Puerto-Aysen-5-1-1-600x400.jpeg 600w\" sizes=\"(max-width: 900px) 100vw, 900px\" \/><\/div><\/div><\/div><\/div><div class=\"flex_column av_one_full  flex_column_div av-zero-column-padding first  avia-builder-el-2  el_after_av_one_full  el_before_av_one_full  column-top-margin\" style='border-radius:0px; '><section class=\"av_textblock_section \"  itemscope=\"itemscope\" itemtype=\"https:\/\/schema.org\/BlogPosting\" itemprop=\"blogPost\" ><div class='avia_textblock  '   itemprop=\"text\" ><p style=\"text-align: center;\"><span style=\"font-size: 18pt;\"><b>M\u00e1s de 200 pacientes salieron de lista de espera gracias a operativo m\u00e9dico en Hospital de Puerto Ays\u00e9n<\/b><\/span><\/p>\n<div id=\"gtx-trans\" style=\"position: absolute; left: -50px; top: 4.31534px;\">\n<div class=\"gtx-trans-icon\"><\/div>\n<\/div>\n<\/div><\/section><\/div><div class=\"flex_column av_one_full  flex_column_div av-zero-column-padding first  avia-builder-el-4  el_after_av_one_full  el_before_av_hr  column-top-margin\" style='border-radius:0px; '><section class=\"av_textblock_section \"  itemscope=\"itemscope\" itemtype=\"https:\/\/schema.org\/BlogPosting\" itemprop=\"blogPost\" ><div class='avia_textblock  '   itemprop=\"text\" ><p style=\"font-weight: 400; text-align: justify;\"><em>La iniciativa fue realizada de manera conjunta por la Cl\u00ednica Alemana, el Servicio de Salud de Ays\u00e9n y Desaf\u00edo Levantemos Chile.<\/em><\/p>\n<p style=\"font-weight: 400; text-align: justify;\">Durante el fin de semana, el Hospital de Puerto Ays\u00e9n fue el escenario de un operativo m\u00e9dico que permiti\u00f3 realizar 220 atenciones a pacientes que se encontraban a la espera de diagn\u00f3sticos para tratar sus dolencias. Un equipo de salud proveniente de la Cl\u00ednica Alemana de Santiago se traslad\u00f3 hasta el recinto asistencial local para apoyar estas prestaciones.<\/p>\n<p style=\"font-weight: 400; text-align: justify;\">Esta actividad se suma a la realizada en junio de 2023, cuando se efectuaron otros 300 ex\u00e1menes de im\u00e1genes, lo que permiti\u00f3 a los pacientes resolver estudios pendientes, evaluar cirug\u00edas y tratamientos.<\/p>\n<p style=\"font-weight: 400; text-align: justify;\">\u201cEstamos contentos porque m\u00e1s de 200 regresaron a sus hogares con un diagn\u00f3stico certero respecto a sus patolog\u00edas\u201d, indic\u00f3 Hern\u00e1n Barrientos, Director del Hospital de Puerto Ays\u00e9n.<\/p>\n<p style=\"font-weight: 400; text-align: justify;\">Tres radi\u00f3logos, un becado de la especialidad, dos tecn\u00f3logos m\u00e9dicos y dos TENS de la Cl\u00ednica Alemana, fueron los encargados de realizar los ex\u00e1menes de ecograf\u00edas generales, abdominales, cervicales, renovesicales, estudios vasculares con doppler, adem\u00e1s de ecograf\u00edas mamarias y musculoesquel\u00e9ticas.<\/p>\n<p style=\"font-weight: 400; text-align: justify;\">\u201cTenemos una larga espera en imagenolog\u00eda para obtener diagn\u00f3sticos oportunos. Este operativo refuerza la red asistencial y permitir\u00e1 mejorar la atenci\u00f3n en la zona norte de nuestra regi\u00f3n\u201d, se\u00f1al\u00f3 Juan Pablo Bravo, Director del Servicio de Salud de Puerto Ays\u00e9n.<\/p>\n<p style=\"font-weight: 400; text-align: justify;\">En esa misma l\u00ednea, Jorge Mu\u00f1oz, L\u00edder en Salud Comunitaria de Desaf\u00edo Levantemos Chile, explic\u00f3. \u201cSe trata de una de las regiones m\u00e1s grandes del pa\u00eds y con mayor dispersi\u00f3n geogr\u00e1fica, lo que significa que muchas personas viven alejadas de los centros urbanos. Llegar a estos lugares es fundamental para que los pacientes accedan a atenci\u00f3n m\u00e9dica\u201d.<\/p>\n<p style=\"font-weight: 400; text-align: justify;\">\u201cDesde que comenzamos nuestros operativos, nos hemos enfocado en llegar a zonas extremas. Fueron cinco horas de vuelo y dos por tierra. Hay una importante coordinaci\u00f3n detr\u00e1s para movilizar al equipo de salud, adem\u00e1s de los cuatro ec\u00f3grafos proporcionados por la empresa Tecnoimagen\u201d, detall\u00f3 Elisa Vald\u00e9s, Directora de Asuntos Corporativos y Sostenibilidad de Cl\u00ednica Alemana de Santiago.<\/p>\n<p style=\"font-weight: 400; text-align: justify;\">\u00a0\u201cComo equipo estamos satisfechos. La comunidad accedi\u00f3 a ex\u00e1menes de alta calidad y con el profesionalismo que nos caracteriza como instituci\u00f3n de salud. Nos vamos con la grata sensaci\u00f3n de haber contribuido y con el deseo de volver\u201d, concluy\u00f3 el doctor Eduardo Soto, radi\u00f3logo de la Cl\u00ednica Alemana de Santiago.<\/p>\n<\/div><\/section><\/div><div  style='height:50px' class='hr hr-invisible   avia-builder-el-6  el_after_av_one_full  el_before_av_social_share '><span class='hr-inner ' ><span class='hr-inner-style'><\/span><\/span><\/div><\/p>\n<div  class='av-social-sharing-box  avia-builder-el-7  el_after_av_hr  el_before_av_hr  '><div class='av-share-box'><h5 class='av-share-link-description av-no-toc '>Compartir esta noticia<\/h5><ul class='av-share-box-list noLightbox'><li class='av-share-link av-social-link-facebook' ><a target=\"_blank\" aria-label=\"Compartir en Facebook\" href='https:\/\/www.facebook.com\/sharer.php?u=https:\/\/radiorevelacionfm.cl\/?p=60971&#038;t=M%C3%A1s%20de%20200%20pacientes%20salieron%20de%20lista%20de%20espera%20gracias%20a%20operativo%20m%C3%A9dico%20en%20Hospital%20de%20Puerto%20Ays%C3%A9n' aria-hidden='false' data-av_icon='\ue8f3' data-av_iconfont='entypo-fontello' title='' data-avia-related-tooltip='Compartir en Facebook' rel=\"noopener\"><span class='avia_hidden_link_text'>Compartir en Facebook<\/span><\/a><\/li><li class='av-share-link av-social-link-twitter' ><a target=\"_blank\" aria-label=\"Compartir en Twitter\" href='https:\/\/twitter.com\/share?text=M%C3%A1s%20de%20200%20pacientes%20salieron%20de%20lista%20de%20espera%20gracias%20a%20operativo%20m%C3%A9dico%20en%20Hospital%20de%20Puerto%20Ays%C3%A9n&#038;url=https:\/\/radiorevelacionfm.cl\/?p=60971' aria-hidden='false' data-av_icon='\ue8f1' data-av_iconfont='entypo-fontello' title='' data-avia-related-tooltip='Compartir en Twitter' rel=\"noopener\"><span class='avia_hidden_link_text'>Compartir en Twitter<\/span><\/a><\/li><li class='av-share-link av-social-link-whatsapp' ><a target=\"_blank\" aria-label=\"Compartir en Whatsapp\" href='https:\/\/api.whatsapp.com\/send?text=https:\/\/radiorevelacionfm.cl\/?p=60971' aria-hidden='false' data-av_icon='\uf232' data-av_iconfont='entypo-fontello' title='' data-avia-related-tooltip='Compartir en Whatsapp' rel=\"noopener\"><span class='avia_hidden_link_text'>Compartir en Whatsapp<\/span><\/a><\/li><li class='av-share-link av-social-link-linkedin' ><a target=\"_blank\" aria-label=\"Compartir en LinkedIn\" href='https:\/\/linkedin.com\/shareArticle?mini=true&#038;title=M%C3%A1s%20de%20200%20pacientes%20salieron%20de%20lista%20de%20espera%20gracias%20a%20operativo%20m%C3%A9dico%20en%20Hospital%20de%20Puerto%20Ays%C3%A9n&#038;url=https:\/\/radiorevelacionfm.cl\/?p=60971' aria-hidden='false' data-av_icon='\ue8fc' data-av_iconfont='entypo-fontello' title='' data-avia-related-tooltip='Compartir en LinkedIn' rel=\"noopener\"><span class='avia_hidden_link_text'>Compartir en LinkedIn<\/span><\/a><\/li><li class='av-share-link av-social-link-mail' ><a  aria-label=\"Compartir por correo\" href='mailto:?subject=M%C3%A1s%20de%20200%20pacientes%20salieron%20de%20lista%20de%20espera%20gracias%20a%20operativo%20m%C3%A9dico%20en%20Hospital%20de%20Puerto%20Ays%C3%A9n&#038;body=https:\/\/radiorevelacionfm.cl\/?p=60971' aria-hidden='false' data-av_icon='\ue805' data-av_iconfont='entypo-fontello' title='' data-avia-related-tooltip='Compartir por correo'><span class='avia_hidden_link_text'>Compartir por correo<\/span><\/a><\/li><\/ul><\/div><\/div>\n<div  style='height:50px' class='hr hr-invisible   avia-builder-el-8  el_after_av_social_share  el_before_av_comments_list '><span class='hr-inner ' ><span class='hr-inner-style'><\/span><\/span><\/div>\n<div  class='av-buildercomment  av-blog-meta-html-info-disabled av-blog-meta-tag-disabled  '><\/div>\n","protected":false},"excerpt":{"rendered":"","protected":false},"author":1,"featured_media":60972,"comment_status":"closed","ping_status":"closed","sticky":false,"template":"","format":"standard","meta":{"footnotes":""},"categories":[46],"tags":[],"class_list":["post-60971","post","type-post","status-publish","format-standard","has-post-thumbnail","hentry","category-salud"],"jetpack_featured_media_url":"https:\/\/radiorevelacionfm.cl\/wp-content\/uploads\/2025\/10\/Operativo-Hospital-Puerto-Aysen-5-1-1.jpeg","_links":{"self":[{"href":"https:\/\/radiorevelacionfm.cl\/index.php?rest_route=\/wp\/v2\/posts\/60971","targetHints":{"allow":["GET"]}}],"collection":[{"href":"https:\/\/radiorevelacionfm.cl\/index.php?rest_route=\/wp\/v2\/posts"}],"about":[{"href":"https:\/\/radiorevelacionfm.cl\/index.php?rest_route=\/wp\/v2\/types\/post"}],"author":[{"embeddable":true,"href":"https:\/\/radiorevelacionfm.cl\/index.php?rest_route=\/wp\/v2\/users\/1"}],"replies":[{"embeddable":true,"href":"https:\/\/radiorevelacionfm.cl\/index.php?rest_route=%2Fwp%2Fv2%2Fcomments&post=60971"}],"version-history":[{"count":2,"href":"https:\/\/radiorevelacionfm.cl\/index.php?rest_route=\/wp\/v2\/posts\/60971\/revisions"}],"predecessor-version":[{"id":60980,"href":"https:\/\/radiorevelacionfm.cl\/index.php?rest_route=\/wp\/v2\/posts\/60971\/revisions\/60980"}],"wp:featuredmedia":[{"embeddable":true,"href":"https:\/\/radiorevelacionfm.cl\/index.php?rest_route=\/wp\/v2\/media\/60972"}],"wp:attachment":[{"href":"https:\/\/radiorevelacionfm.cl\/index.php?rest_route=%2Fwp%2Fv2%2Fmedia&parent=60971"}],"wp:term":[{"taxonomy":"category","embeddable":true,"href":"https:\/\/radiorevelacionfm.cl\/index.php?rest_route=%2Fwp%2Fv2%2Fcategories&post=60971"},{"taxonomy":"post_tag","embeddable":true,"href":"https:\/\/radiorevelacionfm.cl\/index.php?rest_route=%2Fwp%2Fv2%2Ftags&post=60971"}],"curies":[{"name":"wp","href":"https:\/\/api.w.org\/{rel}","templated":true}]}}