{"id":60968,"date":"2025-10-30T15:04:43","date_gmt":"2025-10-30T18:04:43","guid":{"rendered":"https:\/\/radiorevelacionfm.cl\/?p=60968"},"modified":"2025-10-30T15:04:43","modified_gmt":"2025-10-30T18:04:43","slug":"programa-fndr-de-residuos-organicos-abre-postulacion-para-obtener-kit-de-compostaje-domiciliario","status":"publish","type":"post","link":"https:\/\/radiorevelacionfm.cl\/?p=60968","title":{"rendered":"Programa FNDR de Residuos Org\u00e1nicos abre postulaci\u00f3n para obtener kit de compostaje domiciliario"},"content":{"rendered":"<div class=\"flex_column av_one_full  flex_column_div av-zero-column-padding first  avia-builder-el-0  el_before_av_one_full  avia-builder-el-first  \" style='border-radius:0px; '><div  class='avia-image-container  av-styling-    avia-builder-el-1  avia-builder-el-no-sibling  avia-align-center '  itemprop=\"image\" itemscope=\"itemscope\" itemtype=\"https:\/\/schema.org\/ImageObject\"  ><div class='avia-image-container-inner'><div class='avia-image-overlay-wrap'><img decoding=\"async\" class='wp-image-60969 avia-img-lazy-loading-not-60969 avia_image' src=\"https:\/\/radiorevelacionfm.cl\/wp-content\/uploads\/2025\/10\/img_0098-1-1_optimized-1.jpg\" alt='' title='img_0098-(1)-(1)_optimized (1)' height=\"600\" width=\"1067\"  itemprop=\"thumbnailUrl\" srcset=\"https:\/\/radiorevelacionfm.cl\/wp-content\/uploads\/2025\/10\/img_0098-1-1_optimized-1.jpg 1067w, https:\/\/radiorevelacionfm.cl\/wp-content\/uploads\/2025\/10\/img_0098-1-1_optimized-1-300x169.jpg 300w, https:\/\/radiorevelacionfm.cl\/wp-content\/uploads\/2025\/10\/img_0098-1-1_optimized-1-1030x579.jpg 1030w, https:\/\/radiorevelacionfm.cl\/wp-content\/uploads\/2025\/10\/img_0098-1-1_optimized-1-768x432.jpg 768w, https:\/\/radiorevelacionfm.cl\/wp-content\/uploads\/2025\/10\/img_0098-1-1_optimized-1-705x396.jpg 705w, https:\/\/radiorevelacionfm.cl\/wp-content\/uploads\/2025\/10\/img_0098-1-1_optimized-1-450x253.jpg 450w, https:\/\/radiorevelacionfm.cl\/wp-content\/uploads\/2025\/10\/img_0098-1-1_optimized-1-600x337.jpg 600w\" sizes=\"(max-width: 1067px) 100vw, 1067px\" \/><\/div><\/div><\/div><\/div><div class=\"flex_column av_one_full  flex_column_div av-zero-column-padding first  avia-builder-el-2  el_after_av_one_full  el_before_av_one_full  column-top-margin\" style='border-radius:0px; '><section class=\"av_textblock_section \"  itemscope=\"itemscope\" itemtype=\"https:\/\/schema.org\/BlogPosting\" itemprop=\"blogPost\" ><div class='avia_textblock  '   itemprop=\"text\" ><p style=\"text-align: center;\"><strong><span style=\"font-size: 18pt;\">Programa FNDR de Residuos Org\u00e1nicos abre postulaci\u00f3n para obtener kit de compostaje domiciliario<\/span><\/strong><\/p>\n<div id=\"gtx-trans\" style=\"position: absolute; left: -50px; top: 4.31534px;\">\n<div class=\"gtx-trans-icon\"><\/div>\n<\/div>\n<\/div><\/section><\/div><div class=\"flex_column av_one_full  flex_column_div av-zero-column-padding first  avia-builder-el-4  el_after_av_one_full  el_before_av_hr  column-top-margin\" style='border-radius:0px; '><section class=\"av_textblock_section \"  itemscope=\"itemscope\" itemtype=\"https:\/\/schema.org\/BlogPosting\" itemprop=\"blogPost\" ><div class='avia_textblock  '   itemprop=\"text\" ><ul>\n<li style=\"text-align: justify;\"><em>El programa financiado por el Gobierno Regional y ejecutado por la Seremi del Medio Ambiente, puso a disposici\u00f3n 1.000 composteras a nivel regional.<\/em><\/li>\n<\/ul>\n<p style=\"text-align: justify;\">Desde la ciudad de Puerto Ays\u00e9n y junto a vecinos, vecinas, programa barrios y la municipalidad de Ays\u00e9n, se dio inicio al programa FNDR Prevenci\u00f3n de Generaci\u00f3n de Residuos y Mejoramiento de su Gesti\u00f3n a Nivel Domiciliario.<\/p>\n<p style=\"text-align: justify;\">La iniciativa financiada por el Gobierno Regional y su Consejo, y liderada por la Seremi del Medio Ambiente de Ays\u00e9n, tiene como objetivo mejorar la gesti\u00f3n de los residuos domiciliarios de las familias de la regi\u00f3n, en especial la fracci\u00f3n org\u00e1nica, ya que la descomposici\u00f3n de la materia org\u00e1nica en rellenos sanitarios y vertederos, produce metano, gases de efecto invernadero, hasta 80 veces m\u00e1s nocivo que el CO\u2082, adem\u00e1s de L\u00edquidos lixiviados da\u00f1inos para el medio ambiente.<\/p>\n<p style=\"text-align: justify;\">\u201cEste es un proyecto muy anhelado por la regi\u00f3n y en el cual lo que buscamos es impactar a m\u00e1s de mil familias de la regi\u00f3n de Ays\u00e9n a trav\u00e9s de la entrega de kits de compostaje domiciliario, pero tambi\u00e9n otros componentes como educaci\u00f3n ambiental, tenemos tambi\u00e9n algunos seminarios, vamos a hacer algunos retiros y ah\u00ed les iremos contando sobre el avance este tremendo proyecto, que tiene un alcance regional y que busca abordar la crisis clim\u00e1tica y por supuesto, mejorar la calidad de vida de las familias de nuestra regi\u00f3n\u201d, declar\u00f3 el Seremi del Medio Ambiente de la regi\u00f3n de Ays\u00e9n, Yoal D\u00edaz.<\/p>\n<p style=\"text-align: justify;\">En efecto, el lanzamiento se realiz\u00f3 con el anuncio de la apertura al proceso de postulaci\u00f3n a los kit de compostaje domiciliario, que consideran 1.000 para toda la regi\u00f3n de Ays\u00e9n, El programa tambi\u00e9n desarrollar\u00e1 20 jornadas educativas, invernaderos demostrativos en todas las comunas, jornadas de reciclaje a nivel regional y un seminario de Econom\u00eda Circular .<\/p>\n<p style=\"text-align: justify;\">Durante la exposici\u00f3n del fondo, vecinos y vecinas de Puerto Ays\u00e9n realizaron de inmediato su postulaci\u00f3n en l\u00ednea para acceder al kit que incluye una compostera domiciliaria, tacho herm\u00e9tico para almacenaje de residuos dentro del hogar y aireador para la compostera.<\/p>\n<p style=\"text-align: justify;\">\u201cMe llam\u00f3 mucho la atenci\u00f3n esta iniciativa porque te entregan el kit y de verdad que es demasiado pr\u00e1ctico. Uno en la casa, al hacer la separaci\u00f3n de residuos se da cuenta que en realidad podemos aprovechar mucho el espacio del basurero, adem\u00e1s de eliminar menos bolsas a la semana. As\u00ed que encontr\u00e9 que es una instancia s\u00faper buena y lo mejor es que todo se va al invernadero. Mientras ustedes estaban haciendo la charla, postul\u00e9 e ingres\u00e9 s\u00faper r\u00e1pido, as\u00ed que invito a toda la poblaci\u00f3n a que puedan inscribirse porque es una iniciativa muy buena\u201d, declar\u00f3 la primera postulante del programa, Ana Mar\u00eda Cabrera.<\/p>\n<p style=\"text-align: justify;\">Las bases y formulario de postulaci\u00f3n se encuentran disponibles en el link <a href=\"https:\/\/mma.gob.cl\/aysen-del-general-carlos-ibanez-del-campo\/kit-de-compostaje-domiciliario\/\">https:\/\/mma.gob.cl\/aysen-del-general-carlos-ibanez-del-campo\/kit-de-compostaje-domiciliario\/<\/a>\u00a0 y los interesados e interesadas, mayores de 18 a\u00f1os; que residan en la regi\u00f3n de Ays\u00e9n; cuenten con espacio un metro cuadrado para la instalaci\u00f3n de la compostera; y que acepten participar de las capacitaciones asociadas; podr\u00e1n postular hasta el 11 de noviembre de 2025.<\/p>\n<p style=\"text-align: justify;\">El trabajo colaborativo con los municipios y especialmente el programa barrios, ha permitido realizar un despliegue previo al lanzamiento de la postulaci\u00f3n y continuar\u00e1 reforz\u00e1ndose durante el desarrollo del programa \u201cEl Ministerio de Medio Ambiente a trav\u00e9s de su Serem\u00eda, ha estado muy cercano a la comuna y eso nos tiene contentos. Y hoy d\u00eda que es virtuoso este financiamiento del GORE, que a trav\u00e9s del Ministerio de Medio Ambiente baje a nuestra comuna hoy d\u00eda parta ac\u00e1. Yo creo que tenemos un gran compromiso que cumplir, porque hoy d\u00eda nosotros recolectamos una gran cantidad de basura, pero esa basura est\u00e1 compuesta tambi\u00e9n por materiales org\u00e1nicos, que aqu\u00ed debi\u00e9ramos al menos transformarlos, as\u00ed que les agradezco que lo hagan ac\u00e1, invito a cada uno de los vecinos a inscribirse y que tengamos estas composteras porque son los primeros atisbos de poder comenzar a cambiar nuestro planeta\u201d, concluy\u00f3 el Alcalde de Ays\u00e9n, Luis Mart\u00ednez .<\/p>\n<\/div><\/section><\/div><div  style='height:50px' class='hr hr-invisible   avia-builder-el-6  el_after_av_one_full  el_before_av_social_share '><span class='hr-inner ' ><span class='hr-inner-style'><\/span><\/span><\/div><\/p>\n<div  class='av-social-sharing-box  avia-builder-el-7  el_after_av_hr  el_before_av_hr  '><div class='av-share-box'><h5 class='av-share-link-description av-no-toc '>Compartir esta noticia<\/h5><ul class='av-share-box-list noLightbox'><li class='av-share-link av-social-link-facebook' ><a target=\"_blank\" aria-label=\"Compartir en Facebook\" href='https:\/\/www.facebook.com\/sharer.php?u=https:\/\/radiorevelacionfm.cl\/?p=60968&#038;t=Programa%20FNDR%20de%20Residuos%20Org%C3%A1nicos%20abre%20postulaci%C3%B3n%20para%20obtener%20kit%20de%20compostaje%20domiciliario' aria-hidden='false' data-av_icon='\ue8f3' data-av_iconfont='entypo-fontello' title='' data-avia-related-tooltip='Compartir en Facebook' rel=\"noopener\"><span class='avia_hidden_link_text'>Compartir en Facebook<\/span><\/a><\/li><li class='av-share-link av-social-link-twitter' ><a target=\"_blank\" aria-label=\"Compartir en Twitter\" href='https:\/\/twitter.com\/share?text=Programa%20FNDR%20de%20Residuos%20Org%C3%A1nicos%20abre%20postulaci%C3%B3n%20para%20obtener%20kit%20de%20compostaje%20domiciliario&#038;url=https:\/\/radiorevelacionfm.cl\/?p=60968' aria-hidden='false' data-av_icon='\ue8f1' data-av_iconfont='entypo-fontello' title='' data-avia-related-tooltip='Compartir en Twitter' rel=\"noopener\"><span class='avia_hidden_link_text'>Compartir en Twitter<\/span><\/a><\/li><li class='av-share-link av-social-link-whatsapp' ><a target=\"_blank\" aria-label=\"Compartir en Whatsapp\" href='https:\/\/api.whatsapp.com\/send?text=https:\/\/radiorevelacionfm.cl\/?p=60968' aria-hidden='false' data-av_icon='\uf232' data-av_iconfont='entypo-fontello' title='' data-avia-related-tooltip='Compartir en Whatsapp' rel=\"noopener\"><span class='avia_hidden_link_text'>Compartir en Whatsapp<\/span><\/a><\/li><li class='av-share-link av-social-link-linkedin' ><a target=\"_blank\" aria-label=\"Compartir en LinkedIn\" href='https:\/\/linkedin.com\/shareArticle?mini=true&#038;title=Programa%20FNDR%20de%20Residuos%20Org%C3%A1nicos%20abre%20postulaci%C3%B3n%20para%20obtener%20kit%20de%20compostaje%20domiciliario&#038;url=https:\/\/radiorevelacionfm.cl\/?p=60968' aria-hidden='false' data-av_icon='\ue8fc' data-av_iconfont='entypo-fontello' title='' data-avia-related-tooltip='Compartir en LinkedIn' rel=\"noopener\"><span class='avia_hidden_link_text'>Compartir en LinkedIn<\/span><\/a><\/li><li class='av-share-link av-social-link-mail' ><a  aria-label=\"Compartir por correo\" href='mailto:?subject=Programa%20FNDR%20de%20Residuos%20Org%C3%A1nicos%20abre%20postulaci%C3%B3n%20para%20obtener%20kit%20de%20compostaje%20domiciliario&#038;body=https:\/\/radiorevelacionfm.cl\/?p=60968' aria-hidden='false' data-av_icon='\ue805' data-av_iconfont='entypo-fontello' title='' data-avia-related-tooltip='Compartir por correo'><span class='avia_hidden_link_text'>Compartir por correo<\/span><\/a><\/li><\/ul><\/div><\/div>\n<div  style='height:50px' class='hr hr-invisible   avia-builder-el-8  el_after_av_social_share  el_before_av_comments_list '><span class='hr-inner ' ><span class='hr-inner-style'><\/span><\/span><\/div>\n<div  class='av-buildercomment  av-blog-meta-html-info-disabled av-blog-meta-tag-disabled  '><\/div>\n","protected":false},"excerpt":{"rendered":"","protected":false},"author":1,"featured_media":60969,"comment_status":"closed","ping_status":"closed","sticky":false,"template":"","format":"standard","meta":{"footnotes":""},"categories":[39],"tags":[],"class_list":["post-60968","post","type-post","status-publish","format-standard","has-post-thumbnail","hentry","category-medio-ambiente"],"jetpack_featured_media_url":"https:\/\/radiorevelacionfm.cl\/wp-content\/uploads\/2025\/10\/img_0098-1-1_optimized-1.jpg","_links":{"self":[{"href":"https:\/\/radiorevelacionfm.cl\/index.php?rest_route=\/wp\/v2\/posts\/60968","targetHints":{"allow":["GET"]}}],"collection":[{"href":"https:\/\/radiorevelacionfm.cl\/index.php?rest_route=\/wp\/v2\/posts"}],"about":[{"href":"https:\/\/radiorevelacionfm.cl\/index.php?rest_route=\/wp\/v2\/types\/post"}],"author":[{"embeddable":true,"href":"https:\/\/radiorevelacionfm.cl\/index.php?rest_route=\/wp\/v2\/users\/1"}],"replies":[{"embeddable":true,"href":"https:\/\/radiorevelacionfm.cl\/index.php?rest_route=%2Fwp%2Fv2%2Fcomments&post=60968"}],"version-history":[{"count":2,"href":"https:\/\/radiorevelacionfm.cl\/index.php?rest_route=\/wp\/v2\/posts\/60968\/revisions"}],"predecessor-version":[{"id":60974,"href":"https:\/\/radiorevelacionfm.cl\/index.php?rest_route=\/wp\/v2\/posts\/60968\/revisions\/60974"}],"wp:featuredmedia":[{"embeddable":true,"href":"https:\/\/radiorevelacionfm.cl\/index.php?rest_route=\/wp\/v2\/media\/60969"}],"wp:attachment":[{"href":"https:\/\/radiorevelacionfm.cl\/index.php?rest_route=%2Fwp%2Fv2%2Fmedia&parent=60968"}],"wp:term":[{"taxonomy":"category","embeddable":true,"href":"https:\/\/radiorevelacionfm.cl\/index.php?rest_route=%2Fwp%2Fv2%2Fcategories&post=60968"},{"taxonomy":"post_tag","embeddable":true,"href":"https:\/\/radiorevelacionfm.cl\/index.php?rest_route=%2Fwp%2Fv2%2Ftags&post=60968"}],"curies":[{"name":"wp","href":"https:\/\/api.w.org\/{rel}","templated":true}]}}