{"id":60963,"date":"2025-10-30T12:08:32","date_gmt":"2025-10-30T15:08:32","guid":{"rendered":"https:\/\/radiorevelacionfm.cl\/?p=60963"},"modified":"2025-10-30T12:08:32","modified_gmt":"2025-10-30T15:08:32","slug":"gastronomia-sostenible-y-turismo-circular-aysen-cierra-programa-que-fortalecio-a-30-empresas-locales","status":"publish","type":"post","link":"https:\/\/radiorevelacionfm.cl\/?p=60963","title":{"rendered":"Gastronom\u00eda sostenible y turismo circular: Ays\u00e9n cierra programa que fortaleci\u00f3 a 30 empresas locales"},"content":{"rendered":"<div class=\"flex_column av_one_full  flex_column_div av-zero-column-padding first  avia-builder-el-0  el_before_av_one_full  avia-builder-el-first  \" style='border-radius:0px; '><div  class='avia-image-container  av-styling-    avia-builder-el-1  avia-builder-el-no-sibling  avia-align-center '  itemprop=\"image\" itemscope=\"itemscope\" itemtype=\"https:\/\/schema.org\/ImageObject\"  ><div class='avia-image-container-inner'><div class='avia-image-overlay-wrap'><img decoding=\"async\" class='wp-image-60964 avia-img-lazy-loading-not-60964 avia_image' src=\"https:\/\/radiorevelacionfm.cl\/wp-content\/uploads\/2025\/10\/01_pdt_gs-1_optimized.jpg\" alt='' title='01_pdt_gs-(1)_optimized' height=\"600\" width=\"932\"  itemprop=\"thumbnailUrl\" srcset=\"https:\/\/radiorevelacionfm.cl\/wp-content\/uploads\/2025\/10\/01_pdt_gs-1_optimized.jpg 932w, https:\/\/radiorevelacionfm.cl\/wp-content\/uploads\/2025\/10\/01_pdt_gs-1_optimized-300x193.jpg 300w, https:\/\/radiorevelacionfm.cl\/wp-content\/uploads\/2025\/10\/01_pdt_gs-1_optimized-768x494.jpg 768w, https:\/\/radiorevelacionfm.cl\/wp-content\/uploads\/2025\/10\/01_pdt_gs-1_optimized-705x454.jpg 705w, https:\/\/radiorevelacionfm.cl\/wp-content\/uploads\/2025\/10\/01_pdt_gs-1_optimized-450x290.jpg 450w, https:\/\/radiorevelacionfm.cl\/wp-content\/uploads\/2025\/10\/01_pdt_gs-1_optimized-600x386.jpg 600w\" sizes=\"(max-width: 932px) 100vw, 932px\" \/><\/div><\/div><\/div><\/div><div class=\"flex_column av_one_full  flex_column_div av-zero-column-padding first  avia-builder-el-2  el_after_av_one_full  el_before_av_one_full  column-top-margin\" style='border-radius:0px; '><section class=\"av_textblock_section \"  itemscope=\"itemscope\" itemtype=\"https:\/\/schema.org\/BlogPosting\" itemprop=\"blogPost\" ><div class='avia_textblock  '   itemprop=\"text\" ><p style=\"text-align: center;\"><strong><span style=\"font-size: 18pt;\">Gastronom\u00eda sostenible y turismo circular: Ays\u00e9n cierra programa que fortaleci\u00f3 a 30 empresas locales<\/span><\/strong><\/p>\n<div id=\"gtx-trans\" style=\"position: absolute; left: -50px; top: 4.31534px;\">\n<div class=\"gtx-trans-icon\"><\/div>\n<\/div>\n<\/div><\/section><\/div><div class=\"flex_column av_one_full  flex_column_div av-zero-column-padding first  avia-builder-el-4  el_after_av_one_full  el_before_av_hr  column-top-margin\" style='border-radius:0px; '><section class=\"av_textblock_section \"  itemscope=\"itemscope\" itemtype=\"https:\/\/schema.org\/BlogPosting\" itemprop=\"blogPost\" ><div class='avia_textblock  '   itemprop=\"text\" ><p style=\"font-weight: 400; text-align: justify;\"><em>Gracias a un trabajo p\u00fablico-privado se desarroll\u00f3 una iniciativa que articul\u00f3 turismo, cocina local y salmonicultura, posicionando a la regi\u00f3n como referente nacional en sostenibilidad e identidad gastron\u00f3mica.<\/em><\/p>\n<p style=\"font-weight: 400; text-align: justify;\">Con una jornada de cierre en la Casa de la Cultura de Puerto Ays\u00e9n, se clausur\u00f3 el <a href=\"https:\/\/www.instagram.com\/laaventuradelsalmon\/\" data-saferedirecturl=\"https:\/\/www.google.com\/url?q=https:\/\/www.instagram.com\/laaventuradelsalmon\/&amp;source=gmail&amp;ust=1761922588157000&amp;usg=AOvVaw22owETbPnS1sbZvNORo27g\">Programa de Difusi\u00f3n Tecnol\u00f3gica (PDT) de Gastronom\u00eda Sostenible, La Aventura del Salm\u00f3n<\/a>,\u00a0una iniciativa impulsada por Corfo Ays\u00e9n con el apoyo del Consejo del Salm\u00f3n, la Municipalidad y la C\u00e1mara de Turismo de Puerto Ays\u00e9n, y ejecutada por Guazzini Consultores. El programa benefici\u00f3 a 30 empresas tur\u00edsticas de Puerto Ays\u00e9n, Coyhaique, Puerto Cisnes y Ma\u00f1ihuales, fortaleciendo sus capacidades en sostenibilidad, econom\u00eda circular y marketing responsable.<\/p>\n<p style=\"font-weight: 400; text-align: justify;\">Durante doce meses, los participantes aplicaron metodolog\u00edas y est\u00e1ndares internacionales como los indicadores del\u00a0<a href=\"https:\/\/www.greendestinations.org\/home\/what-we-do\/for-businesses\/good-travel-seal\/\" data-saferedirecturl=\"https:\/\/www.google.com\/url?q=https:\/\/www.greendestinations.org\/home\/what-we-do\/for-businesses\/good-travel-seal\/&amp;source=gmail&amp;ust=1761922588157000&amp;usg=AOvVaw2ApZzmWRB9xABgAdzmCKX3\">Good Travel Seal de Green Destinations<\/a>.\u00a0Las empresas avanzaron en la reducci\u00f3n de residuos, el uso eficiente del agua y la valorizaci\u00f3n del entorno natural y cultural, consolidando un modelo de turismo responsable y colaborativo que une gastronom\u00eda local y salmonicultura.<\/p>\n<p style=\"font-weight: 400; text-align: justify;\">Uno de los hitos del programa fue la participaci\u00f3n en la\u00a0<a href=\"https:\/\/www.instagram.com\/expovyva\/?hl=es\" data-saferedirecturl=\"https:\/\/www.google.com\/url?q=https:\/\/www.instagram.com\/expovyva\/?hl%3Des&amp;source=gmail&amp;ust=1761922588157000&amp;usg=AOvVaw1h2P2d4l-VXF3ZvF-Hi3Oj\">Feria VIVA 2025<\/a>, el principal encuentro de turismo de Chile. Ays\u00e9n Patagonia present\u00f3 dos activaciones gastron\u00f3micas que vincularon cocina local y salmonicultura, donde m\u00e1s de 300 personas aprendieron a cocinar con salm\u00f3n y productos regionales. Esta experiencia posicion\u00f3 a Ays\u00e9n como un referente nacional en turismo sostenible y gastronom\u00eda con identidad.<\/p>\n<p style=\"font-weight: 400; text-align: justify;\">El director de Corfo Ays\u00e9n, Humberto Mar\u00edn Leiva, destac\u00f3 el car\u00e1cter innovador del programa. \u201cHoy entregamos certificados a empresarios gastron\u00f3micos de la provincia y comuna de Ays\u00e9n, en un modelo que une dos industrias ancla de la regi\u00f3n: el turismo, a trav\u00e9s de la gastronom\u00eda, y la salmonicultura, a trav\u00e9s del salm\u00f3n\u201d.<\/p>\n<p style=\"font-weight: 400; text-align: justify;\">Mar\u00edn subray\u00f3 que esta segunda versi\u00f3n de \u201cLa Aventura del Salm\u00f3n\u201d permiti\u00f3 trabajar distintas formas gastron\u00f3micas del salm\u00f3n, incorporando sostenibilidad, innovaci\u00f3n y sentido de identidad local.<\/p>\n<p style=\"font-weight: 400; text-align: justify;\">Los testimonios de los participantes reflejan el impacto del programa. Patricia Gallegos, del restaurante\u00a0<a href=\"https:\/\/www.instagram.com\/elmesondelapatiko\/?hl=es\" data-saferedirecturl=\"https:\/\/www.google.com\/url?q=https:\/\/www.instagram.com\/elmesondelapatiko\/?hl%3Des&amp;source=gmail&amp;ust=1761922588157000&amp;usg=AOvVaw2YNzT6VzJ6sF_LhxO1bR2h\">El Mes\u00f3n de la Patiko<\/a>, coment\u00f3: \u201cAprendimos a conocer en qu\u00e9 nivel estamos respecto a la sustentabilidad y c\u00f3mo mejorar. Descubrimos que ya hac\u00edamos cosas relacionadas con el reciclaje y la recirculaci\u00f3n, pero no les d\u00e1bamos el valor que merecen. Adem\u00e1s, fue enriquecedor trabajar con productos locales que a veces olvidamos\u201d.<\/p>\n<p style=\"font-weight: 400; text-align: justify;\">\u201cComo gremio estamos muy contentos de haber sido parte de una nueva versi\u00f3n de la Aventura del Salm\u00f3n, una iniciativa que refleja el esp\u00edritu de colaboraci\u00f3n y desarrollo que impulsa nuestra industria. Agradecemos a todos los beneficiarios que confiaron en este proyecto, y a quienes hicieron posible este programa que busca fortalecer el turismo, la gastronom\u00eda y la econom\u00eda circular al servicio del crecimiento de la Regi\u00f3n de Ays\u00e9n\u201d, expres\u00f3 Loreto Seguel King, presidenta ejecutiva del\u00a0<a href=\"https:\/\/www.instagram.com\/consejodelsalmon\/?hl=es\" data-saferedirecturl=\"https:\/\/www.google.com\/url?q=https:\/\/www.instagram.com\/consejodelsalmon\/?hl%3Des&amp;source=gmail&amp;ust=1761922588157000&amp;usg=AOvVaw1wMUXNfzON7BLXWUmTACdT\">Consejo del Salm\u00f3n<\/a>, gremio que agrupa a las empresas AquaChile, Australis Sea Food, Cermaq, Mowi y Salmones Ays\u00e9n.<\/p>\n<p style=\"font-weight: 400; text-align: justify;\">Jaime Guazzini Narbona, director del proyecto, destac\u00f3 que se instalaron capacidades reales de mejora continua. \u201cFacilitamos un proceso de absorci\u00f3n tecnol\u00f3gica, acompa\u00f1ando a las empresas para que incorporaran buenas pr\u00e1cticas, midieran su progreso y proyectaran su crecimiento sostenible. Lo logrado demuestra que el turismo puede ser competitivo sin perder identidad ni compromiso ambiental\u201d.<\/p>\n<p style=\"font-weight: 400; text-align: justify;\">Edgardo Abello Manr\u00edquez, presidente de la<a href=\"https:\/\/www.instagram.com\/camaradeturismopuertoaysen\/\" data-saferedirecturl=\"https:\/\/www.google.com\/url?q=https:\/\/www.instagram.com\/camaradeturismopuertoaysen\/&amp;source=gmail&amp;ust=1761922588157000&amp;usg=AOvVaw1MM1dujXTxhsvqrGpRUsWl\">\u00a0C\u00e1mara de Turismo de Puerto Ays\u00e9n<\/a>,\u00a0resalt\u00f3 el impacto territorial. \u201cEste programa conect\u00f3 a los actores locales con nuevas oportunidades. La participaci\u00f3n en la principal feria de turismo del pa\u00eds nos dio visibilidad nacional y consolid\u00f3 a Ays\u00e9n como un destino que combina naturaleza, gastronom\u00eda y sostenibilidad\u201d.<\/p>\n<p style=\"font-weight: 400; text-align: justify;\">La jornada concluy\u00f3 con la entrega de reconocimientos a las empresas participantes y la presentaci\u00f3n del video\u00a0<u><a href=\"https:\/\/www.instagram.com\/p\/DQZTEANjqKV\/?hl=es\" data-saferedirecturl=\"https:\/\/www.google.com\/url?q=https:\/\/www.instagram.com\/p\/DQZTEANjqKV\/?hl%3Des&amp;source=gmail&amp;ust=1761922588157000&amp;usg=AOvVaw1uSvs4LgJbdiBnsAAzIfcF\">\u201cGastronom\u00eda Sostenible Viva 2025\u201d<\/a><\/u>, que recopil\u00f3 los principales hitos y testimonios del proceso. Olga Soto Mayorga, presidenta de la Corporaci\u00f3n Queulat, valor\u00f3 el trabajo colaborativo. \u201cCuando empresas, instituciones y comunidad se unen, es posible transformar la forma en que producimos y compartimos nuestra gastronom\u00eda. Este proyecto deja una huella concreta en c\u00f3mo Ays\u00e9n se muestra al mundo: con respeto por su gente, su naturaleza y sus sabores\u201d.<\/p>\n<p style=\"font-weight: 400; text-align: justify;\">El PDT reafirma el potencial de Ays\u00e9n como destino tur\u00edstico innovador y responsable, donde el salm\u00f3n y los productos locales se integran en una narrativa de turismo inteligente, asociativo y sustentable, alineada con los\u00a0<u><a href=\"https:\/\/www.un.org\/sustainabledevelopment\/es\/objetivos-de-desarrollo-sostenible\/\" data-saferedirecturl=\"https:\/\/www.google.com\/url?q=https:\/\/www.un.org\/sustainabledevelopment\/es\/objetivos-de-desarrollo-sostenible\/&amp;source=gmail&amp;ust=1761922588157000&amp;usg=AOvVaw1KJYnazWxdWAwVii-Gs1I_\">Objetivos de Desarrollo Sostenible<\/a><\/u>\u00a0(ODS) y la visi\u00f3n de futuro que impulsa Corfo y el Comit\u00e9 de Desarrollo Productivo Regional.<\/p>\n<\/div><\/section><\/div><div  style='height:50px' class='hr hr-invisible   avia-builder-el-6  el_after_av_one_full  el_before_av_social_share '><span class='hr-inner ' ><span class='hr-inner-style'><\/span><\/span><\/div><\/p>\n<div  class='av-social-sharing-box  avia-builder-el-7  el_after_av_hr  el_before_av_hr  '><div class='av-share-box'><h5 class='av-share-link-description av-no-toc '>Compartir esta noticia<\/h5><ul class='av-share-box-list noLightbox'><li class='av-share-link av-social-link-facebook' ><a target=\"_blank\" aria-label=\"Compartir en Facebook\" href='https:\/\/www.facebook.com\/sharer.php?u=https:\/\/radiorevelacionfm.cl\/?p=60963&#038;t=Gastronom%C3%ADa%20sostenible%20y%20turismo%20circular%3A%20Ays%C3%A9n%20cierra%20programa%20que%20fortaleci%C3%B3%20a%2030%20empresas%20locales' aria-hidden='false' data-av_icon='\ue8f3' data-av_iconfont='entypo-fontello' title='' data-avia-related-tooltip='Compartir en Facebook' rel=\"noopener\"><span class='avia_hidden_link_text'>Compartir en Facebook<\/span><\/a><\/li><li class='av-share-link av-social-link-twitter' ><a target=\"_blank\" aria-label=\"Compartir en Twitter\" href='https:\/\/twitter.com\/share?text=Gastronom%C3%ADa%20sostenible%20y%20turismo%20circular%3A%20Ays%C3%A9n%20cierra%20programa%20que%20fortaleci%C3%B3%20a%2030%20empresas%20locales&#038;url=https:\/\/radiorevelacionfm.cl\/?p=60963' aria-hidden='false' data-av_icon='\ue8f1' data-av_iconfont='entypo-fontello' title='' data-avia-related-tooltip='Compartir en Twitter' rel=\"noopener\"><span class='avia_hidden_link_text'>Compartir en Twitter<\/span><\/a><\/li><li class='av-share-link av-social-link-whatsapp' ><a target=\"_blank\" aria-label=\"Compartir en Whatsapp\" href='https:\/\/api.whatsapp.com\/send?text=https:\/\/radiorevelacionfm.cl\/?p=60963' aria-hidden='false' data-av_icon='\uf232' data-av_iconfont='entypo-fontello' title='' data-avia-related-tooltip='Compartir en Whatsapp' rel=\"noopener\"><span class='avia_hidden_link_text'>Compartir en Whatsapp<\/span><\/a><\/li><li class='av-share-link av-social-link-linkedin' ><a target=\"_blank\" aria-label=\"Compartir en LinkedIn\" href='https:\/\/linkedin.com\/shareArticle?mini=true&#038;title=Gastronom%C3%ADa%20sostenible%20y%20turismo%20circular%3A%20Ays%C3%A9n%20cierra%20programa%20que%20fortaleci%C3%B3%20a%2030%20empresas%20locales&#038;url=https:\/\/radiorevelacionfm.cl\/?p=60963' aria-hidden='false' data-av_icon='\ue8fc' data-av_iconfont='entypo-fontello' title='' data-avia-related-tooltip='Compartir en LinkedIn' rel=\"noopener\"><span class='avia_hidden_link_text'>Compartir en LinkedIn<\/span><\/a><\/li><li class='av-share-link av-social-link-mail' ><a  aria-label=\"Compartir por correo\" href='mailto:?subject=Gastronom%C3%ADa%20sostenible%20y%20turismo%20circular%3A%20Ays%C3%A9n%20cierra%20programa%20que%20fortaleci%C3%B3%20a%2030%20empresas%20locales&#038;body=https:\/\/radiorevelacionfm.cl\/?p=60963' aria-hidden='false' data-av_icon='\ue805' data-av_iconfont='entypo-fontello' title='' data-avia-related-tooltip='Compartir por correo'><span class='avia_hidden_link_text'>Compartir por correo<\/span><\/a><\/li><\/ul><\/div><\/div>\n<div  style='height:50px' class='hr hr-invisible   avia-builder-el-8  el_after_av_social_share  el_before_av_comments_list '><span class='hr-inner ' ><span class='hr-inner-style'><\/span><\/span><\/div>\n<div  class='av-buildercomment  av-blog-meta-html-info-disabled av-blog-meta-tag-disabled  '><\/div>\n","protected":false},"excerpt":{"rendered":"","protected":false},"author":1,"featured_media":60964,"comment_status":"closed","ping_status":"closed","sticky":false,"template":"","format":"standard","meta":{"footnotes":""},"categories":[38],"tags":[],"class_list":["post-60963","post","type-post","status-publish","format-standard","has-post-thumbnail","hentry","category-regional"],"jetpack_featured_media_url":"https:\/\/radiorevelacionfm.cl\/wp-content\/uploads\/2025\/10\/01_pdt_gs-1_optimized.jpg","_links":{"self":[{"href":"https:\/\/radiorevelacionfm.cl\/index.php?rest_route=\/wp\/v2\/posts\/60963","targetHints":{"allow":["GET"]}}],"collection":[{"href":"https:\/\/radiorevelacionfm.cl\/index.php?rest_route=\/wp\/v2\/posts"}],"about":[{"href":"https:\/\/radiorevelacionfm.cl\/index.php?rest_route=\/wp\/v2\/types\/post"}],"author":[{"embeddable":true,"href":"https:\/\/radiorevelacionfm.cl\/index.php?rest_route=\/wp\/v2\/users\/1"}],"replies":[{"embeddable":true,"href":"https:\/\/radiorevelacionfm.cl\/index.php?rest_route=%2Fwp%2Fv2%2Fcomments&post=60963"}],"version-history":[{"count":2,"href":"https:\/\/radiorevelacionfm.cl\/index.php?rest_route=\/wp\/v2\/posts\/60963\/revisions"}],"predecessor-version":[{"id":60966,"href":"https:\/\/radiorevelacionfm.cl\/index.php?rest_route=\/wp\/v2\/posts\/60963\/revisions\/60966"}],"wp:featuredmedia":[{"embeddable":true,"href":"https:\/\/radiorevelacionfm.cl\/index.php?rest_route=\/wp\/v2\/media\/60964"}],"wp:attachment":[{"href":"https:\/\/radiorevelacionfm.cl\/index.php?rest_route=%2Fwp%2Fv2%2Fmedia&parent=60963"}],"wp:term":[{"taxonomy":"category","embeddable":true,"href":"https:\/\/radiorevelacionfm.cl\/index.php?rest_route=%2Fwp%2Fv2%2Fcategories&post=60963"},{"taxonomy":"post_tag","embeddable":true,"href":"https:\/\/radiorevelacionfm.cl\/index.php?rest_route=%2Fwp%2Fv2%2Ftags&post=60963"}],"curies":[{"name":"wp","href":"https:\/\/api.w.org\/{rel}","templated":true}]}}