{"id":60959,"date":"2025-10-31T09:57:56","date_gmt":"2025-10-31T12:57:56","guid":{"rendered":"https:\/\/radiorevelacionfm.cl\/?p=60959"},"modified":"2025-10-31T09:57:56","modified_gmt":"2025-10-31T12:57:56","slug":"desvinculacion-escolar-nacional-alcanza-su-minimo-historico-2024-es-el-ano-con-menos-estudiantes-que-abandonan-el-sistema-escolar-desde-que-existen-registros","status":"publish","type":"post","link":"https:\/\/radiorevelacionfm.cl\/?p=60959","title":{"rendered":"Desvinculaci\u00f3n escolar nacional alcanza su m\u00ednimo hist\u00f3rico: 2024 es el a\u00f1o con menos estudiantes que abandonan el sistema escolar desde que existen registros"},"content":{"rendered":"<div class=\"flex_column av_one_full  flex_column_div av-zero-column-padding first  avia-builder-el-0  el_before_av_one_full  avia-builder-el-first  \" style='border-radius:0px; '><div  class='avia-image-container  av-styling-    avia-builder-el-1  avia-builder-el-no-sibling  avia-align-center '  itemprop=\"image\" itemscope=\"itemscope\" itemtype=\"https:\/\/schema.org\/ImageObject\"  ><div class='avia-image-container-inner'><div class='avia-image-overlay-wrap'><img decoding=\"async\" class='wp-image-60960 avia-img-lazy-loading-not-60960 avia_image' src=\"https:\/\/radiorevelacionfm.cl\/wp-content\/uploads\/2025\/10\/Seremi-KatherineMiqueles-1-1.jpeg\" alt='' title='Seremi KatherineMiqueles (1) (1)' height=\"600\" width=\"900\"  itemprop=\"thumbnailUrl\" srcset=\"https:\/\/radiorevelacionfm.cl\/wp-content\/uploads\/2025\/10\/Seremi-KatherineMiqueles-1-1.jpeg 900w, https:\/\/radiorevelacionfm.cl\/wp-content\/uploads\/2025\/10\/Seremi-KatherineMiqueles-1-1-300x200.jpeg 300w, https:\/\/radiorevelacionfm.cl\/wp-content\/uploads\/2025\/10\/Seremi-KatherineMiqueles-1-1-768x512.jpeg 768w, https:\/\/radiorevelacionfm.cl\/wp-content\/uploads\/2025\/10\/Seremi-KatherineMiqueles-1-1-705x470.jpeg 705w, https:\/\/radiorevelacionfm.cl\/wp-content\/uploads\/2025\/10\/Seremi-KatherineMiqueles-1-1-450x300.jpeg 450w, https:\/\/radiorevelacionfm.cl\/wp-content\/uploads\/2025\/10\/Seremi-KatherineMiqueles-1-1-600x400.jpeg 600w\" sizes=\"(max-width: 900px) 100vw, 900px\" \/><\/div><\/div><\/div><\/div><div class=\"flex_column av_one_full  flex_column_div av-zero-column-padding first  avia-builder-el-2  el_after_av_one_full  el_before_av_one_full  column-top-margin\" style='border-radius:0px; '><section class=\"av_textblock_section \"  itemscope=\"itemscope\" itemtype=\"https:\/\/schema.org\/BlogPosting\" itemprop=\"blogPost\" ><div class='avia_textblock  '   itemprop=\"text\" ><p style=\"text-align: center;\"><span style=\"font-size: 18pt;\"><b>Desvinculaci\u00f3n escolar nacional alcanza su m\u00ednimo hist\u00f3rico: 2024 es el a\u00f1o con menos estudiantes que abandonan el sistema escolar desde que existen registros<\/b><\/span><\/p>\n<div id=\"gtx-trans\" style=\"position: absolute; left: -50px; top: 4.31534px;\">\n<div class=\"gtx-trans-icon\"><\/div>\n<\/div>\n<\/div><\/section><\/div><div class=\"flex_column av_one_full  flex_column_div av-zero-column-padding first  avia-builder-el-4  el_after_av_one_full  el_before_av_hr  column-top-margin\" style='border-radius:0px; '><section class=\"av_textblock_section \"  itemscope=\"itemscope\" itemtype=\"https:\/\/schema.org\/BlogPosting\" itemprop=\"blogPost\" ><div class='avia_textblock  '   itemprop=\"text\" ><p style=\"font-weight: 400; text-align: justify;\"><strong><em>Coyhaique figura entre las provincias del pa\u00eds con m\u00e1s alta tasa de re vinculaci\u00f3n escolar a nivel nacional.<\/em><\/strong><\/p>\n<p style=\"font-weight: 400; text-align: justify;\">El Ministerio de Educaci\u00f3n, a trav\u00e9s de su Centro de Estudios (CEM), dio a conocer los datos oficiales de desvinculaci\u00f3n escolar 2024 (estudiantes que terminaron el a\u00f1o el 2024, pero que no volvieron a clases el 2025), los cuales confirman una mejora sostenida en la permanencia educativa, alcanzando las cifras m\u00e1s bajas de desvinculaci\u00f3n de estudiantes desde que existen registros.<\/p>\n<p style=\"font-weight: 400; text-align: justify;\">Seg\u00fan el reporte, la\u00a0<strong>tasa de desvinculaci\u00f3n escolar<\/strong>\u00a0pas\u00f3 de\u00a0<strong>1,7% en 2022 (50.814 estudiantes)<\/strong>\u00a0a\u00a0<strong>1,3% en 2024 (40.063 estudiantes)<\/strong>. Esto equivale a que el sistema educativo logr\u00f3 mantener a\u00a0<strong>10.000 estudiantes m\u00e1s en sus aulas<\/strong>\u00a0respecto al 2022.<\/p>\n<p style=\"font-weight: 400; text-align: justify;\">Con esta reducci\u00f3n, el 2024 registra la cifra m\u00e1s baja desde que existe informaci\u00f3n comparable (2010), ubic\u00e1ndose incluso por debajo del 1,4% alcanzado en 2018 (40.575 estudiantes), que hasta ahora constitu\u00eda el m\u00ednimo hist\u00f3rico.<\/p>\n<p style=\"font-weight: 400; text-align: justify;\">El ministro Nicol\u00e1s Cataldo afirm\u00f3 que\u00a0<em>e<\/em>stos resultados reflejan el compromiso del Gobierno con la educaci\u00f3n y sobre todo el esfuerzo de las familias y las comunidades educativas. \u201cDurante la gesti\u00f3n del Presidente Gabriel Boric Font, hemos puesto a ni\u00f1as, ni\u00f1os y adolescentes en el centro de las prioridades, impulsando pol\u00edticas que hoy muestran resultados concretos: m\u00e1s estudiantes han permanecido en las aulas y la educaci\u00f3n p\u00fablica se fortalece y consolida. Este es principalmente un logro de las comunidades educativas, que han encarnado la fortaleza del sistema sintonizado con los \u00e9nfasis que hemos dado a la pol\u00edtica p\u00fablica.\u00a0 Sabemos que a\u00fan quedan desaf\u00edos, pero estamos convencidos de que la ruta es seguir apostando por la educaci\u00f3n p\u00fablica, porque es ah\u00ed donde se juega la igualdad de oportunidades para el futuro de Chile<em>\u201d.<\/em><\/p>\n<p style=\"font-weight: 400; text-align: justify;\">La tasa de desvinculaci\u00f3n escolar corresponde al porcentaje de estudiantes que, habiendo estado matriculados en un a\u00f1o determinado, no figuran en el sistema al a\u00f1o siguiente, pese a que deber\u00edan continuar su trayectoria educativa. Para su estimaci\u00f3n, se cruza la informaci\u00f3n de la situaci\u00f3n final de cada estudiante (rendimiento) con los registros oficiales de matr\u00edcula del a\u00f1o posterior. Adem\u00e1s, se incorpora informaci\u00f3n del Registro Civil con el fin de depurar casos \u2014como fallecimientos\u2014 y as\u00ed evitar sobreestimaciones. Este procedimiento requiere integrar bases de datos de acceso p\u00fablico y otras de car\u00e1cter reservado, lo que permite obtener cifras precisas, consistentes y comparables en el tiempo.<\/p>\n<p style=\"font-weight: 400; text-align: justify;\"><strong>Revinculaci\u00f3n: m\u00e1s estudiantes vuelven al sistema<\/strong><\/p>\n<p style=\"font-weight: 400; text-align: justify;\">Otro dato relevante es que\u00a0<strong>18.442 estudiantes que se hab\u00edan desvinculado en 2023 volvieron a las aulas en 2025<\/strong>, lo que representa un\u00a0<strong>incremento de 14% respecto al a\u00f1o anterior<\/strong>, relev\u00e1ndose los esfuerzos impulsados por el Mineduc a trav\u00e9s del\u00a0<strong>Plan de Reactivaci\u00f3n Educativa<\/strong>\u00a0en el per\u00edodo analizado.<\/p>\n<p style=\"font-weight: 400; text-align: justify;\">Las regiones de Antofagasta, Metropolitana y Valpara\u00edso fueron las que presentaron mayores alzas en sus tasas, alcanzando un 50%, 39% y 46% de revinculaci\u00f3n de estudiantes desvinculados respectivamente el 2025.<\/p>\n<p style=\"font-weight: 400; text-align: justify;\"><strong>En la regi\u00f3n de Ays\u00e9n<\/strong>,\u00a0<strong>Coyhaique\u00a0<\/strong>junto a San Antonio, Antofagasta, Quillota y Santiago Oriente, fueron las provincias con las m\u00e1s altas tasas a nivel nacional, donde se revincularon a 50% o m\u00e1s de las y los estudiantes que se desvincularon en el a\u00f1o 2023.<\/p>\n<p style=\"font-weight: 400; text-align: justify;\">La Seremi de Educaci\u00f3n de Ays\u00e9n\u00a0 Katherine Miqueles destac\u00f3 este dato entregando las claves para este logro.<\/p>\n<p style=\"font-weight: 400; text-align: justify;\">\u201cLos<strong>\u00a0<\/strong>resultados de desvinculaci\u00f3n escolar 2024 reafirman el buen trabajo que est\u00e1 realizando la educaci\u00f3n p\u00fablica en nuestro pa\u00eds. En tan solo dos a\u00f1os se logr\u00f3 disminuir en 20% el porcentaje de estudiantes fuera del sistema escolar. El trabajo riguroso y especializado que se est\u00e1 promoviendo en la educaci\u00f3n p\u00fablica permite que m\u00e1s estudiantes permanezcan en sus aulas. La importancia de continuar fortaleciendo y consolidando el Sistema de Educaci\u00f3n P\u00fablica es un compromiso que tenemos con los y las estudiantes de Chile\u201d.<\/p>\n<p style=\"font-weight: 400; text-align: justify;\">Existen indicios de que el sistema educativo contin\u00faa avanzando en la senda de la recuperaci\u00f3n y estabilizaci\u00f3n postpandemia. En esto cabe reconocer el trabajo de profesores y profesoras, equipos directivos, asistentes de la educaci\u00f3n y desde luego las familias, que han demostrado su compromiso con la educaci\u00f3n de sus hijas e hijos.<\/p>\n<p style=\"font-weight: 400; text-align: justify;\"><strong>Educaci\u00f3n P\u00fablica: avances hist\u00f3ricos<\/strong><\/p>\n<p style=\"font-weight: 400; text-align: justify;\">La\u00a0<strong>educaci\u00f3n p\u00fablica<\/strong>\u00a0experiment\u00f3 tambi\u00e9n su mejor resultado desde que existen registros. Su tasa de desvinculaci\u00f3n pas\u00f3 de\u00a0<strong>1,9% en 2022 a 1,5% en 2024<\/strong>, lo que equivale a una\u00a0<strong>disminuci\u00f3n del 20% en tan s\u00f3lo dos a\u00f1os<\/strong>. En 2011, esta cifra hab\u00eda alcanzado un 3%, reflejando el progreso sostenido de las \u00faltimas d\u00e9cadas y los efectos positivos de las iniciativas del Plan de Reactivaci\u00f3n Educativa implementadas desde el retorno a la presencialidad.\u00a0El ministro Nicol\u00e1s Cataldo afirm\u00f3 que las cifras muestran que\u00a0\u201cel sistema educativo contin\u00faa avanzando en la senda de la recuperaci\u00f3n y estabilizaci\u00f3n pospandemia. Aqu\u00ed ha sido crucial el trabajo de profesores y profesoras, equipos directivos, asistentes de la educaci\u00f3n y desde luego las familias, que han demostrado su compromiso con la educaci\u00f3n de sus hijos. Hemos alcanzado mejoras en los aprendizajes y asistencia, particularmente con buenos resultados en la educaci\u00f3n p\u00fablica. Son datos positivos que apuntan a continuar fortaleciendo en los pr\u00f3ximos a\u00f1os la permanencia escolar\u201d.<\/p>\n<p style=\"font-weight: 400; text-align: justify;\"><strong>Mejoras focalizadas en los sectores m\u00e1s vulnerables<\/strong><\/p>\n<p style=\"font-weight: 400; text-align: justify;\">Adem\u00e1s, se observan avances hist\u00f3ricos en la permanencia y revinculaci\u00f3n particularmente de estudiantes pertenecientes a sectores socioecon\u00f3micos m\u00e1s bajos.<\/p>\n<p style=\"font-weight: 400; text-align: justify;\">Los dos quintiles socioecon\u00f3micos m\u00e1s vulnerables alcanzaron en 2024 por segundo a\u00f1o consecutivo sus tasas de desvinculaci\u00f3n m\u00e1s bajas de toda la serie hist\u00f3rica de la que existe registro (2010), llegando a 1,30% (Q1) y 1,33% (Q2) respectivamente.<\/p>\n<p style=\"font-weight: 400; text-align: justify;\">Por otro lado, 2 de cada 5 estudiantes provenientes de los 3 quintiles socioecon\u00f3micos que se desvincularon en 2023, regresaron a las aulas el 2025, cifra que ya comienza a presentar estabilidad en los \u00faltimos a\u00f1os.<\/p>\n<p style=\"font-weight: 400; text-align: justify;\">\u201cLos datos est\u00e1n siendo consistentes: por segundo a\u00f1o consecutivo, estudiantes de los sectores m\u00e1s vulnerables presentan sus cifras m\u00e1s bajas de desvinculaci\u00f3n y sus tasas de revinculaci\u00f3n no bajan del 40% desde el retorno a la presencialidad. Esto es especialmente relevante, ya que la evidencia acumulada a nivel internacional muestra que cada a\u00f1o adicional de escolaridad no solo mejora las oportunidades de desarrollo personal y laboral, sino que tambi\u00e9n fortalece la cohesi\u00f3n social y contribuye al crecimiento econ\u00f3mico de los pa\u00edses\u201d destac\u00f3\u00a0<strong>Sebasti\u00e1n Araneda<\/strong>, jefe del Centro de Estudios del Ministerio de Educaci\u00f3n.<\/p>\n<p style=\"font-weight: 400; text-align: justify;\"><strong>Programas para fortalecer la asistencia, permanencia y revinculaci\u00f3n educativa<\/strong><\/p>\n<p style=\"font-weight: 400; text-align: justify;\">Los avances registrados se enmarcan en la\u00a0<strong>Estrategia de Asistencia, Permanencia y Revinculaci\u00f3n<\/strong>\u00a0del\u00a0<strong>Plan de Reactivaci\u00f3n Educativa<\/strong>, que busca garantizar la continuidad educativa de ni\u00f1os, ni\u00f1as, j\u00f3venes y adultos, fortaleciendo la asistencia sistem\u00e1tica y previniendo la desvinculaci\u00f3n. Esta estrategia combina herramientas de gesti\u00f3n, informaci\u00f3n oportuna y acompa\u00f1amiento territorial para apoyar a las comunidades educativas en todo el pa\u00eds.<\/p>\n<p style=\"font-weight: 400; text-align: justify;\">Entre las principales acciones destacan:<\/p>\n<p style=\"font-weight: 400; text-align: justify;\"><strong>Chile Presente. Protegiendo trayectorias educativas:\u00a0<\/strong>Plataforma desarrollada junto al\u00a0<strong>Banco Interamericano de Desarrollo (BID)<\/strong>, que articula pol\u00edticas, programas y normativas con datos en tiempo real. Su innovaci\u00f3n principal es un sistema de seguimiento continuo y alertas tempranas para identificar riesgos y generar diagn\u00f3sticos oportunos en todos los niveles del sistema educativo. Tras un piloto en cuatro provincias desde el 2024, este a\u00f1o se lanz\u00f3 en agosto para<strong>\u00a0<\/strong>beneficiar a m\u00e1s de\u00a0<strong>10 mil establecimientos educativos<\/strong>\u00a0que reciben financiamiento del Estado.<\/p>\n<p style=\"font-weight: 400; text-align: justify;\"><strong>Equipos Territoriales de Revinculaci\u00f3n y Asistencia:\u00a0<\/strong>Profesionales y gestores comunitarios que, en coordinaci\u00f3n con las comunidades educativas y servicios p\u00fablicos, dise\u00f1an e implementan estrategias para contactar y revincular a estudiantes que han interrumpido su trayectoria y presentan inasistencia grave o cr\u00edtica.<\/p>\n<p style=\"font-weight: 400; text-align: justify;\"><strong>Proyectos de Reinserci\u00f3n Educativa:\u00a0<\/strong>Iniciativas pedag\u00f3gicas impulsadas por instituciones p\u00fablicas y privadas para favorecer la reinserci\u00f3n y continuidad de trayectorias educativas interrumpidas. En 2025 se destinaron 1.640 millones de pesos a proyectos implementados en cinco regiones del pa\u00eds.<\/p>\n<p style=\"font-weight: 400; text-align: justify;\"><strong>Reportes de Asistencia y Desvinculaci\u00f3n Educativa:\u00a0<\/strong>Instrumento de informaci\u00f3n elaborado por el Centro de Estudios del Mineduc, que entrega datos actualizados a m\u00e1s de diez mil establecimientos subvencionados y sostenedores p\u00fablicos y particulares. En 2025 se entregan cuatro reportes anuales, permitiendo a las comunidades tomar decisiones oportunas para recuperar trayectorias educativas.<\/p>\n<p style=\"font-weight: 400; text-align: justify;\"><strong>Plan Nacional de Fortalecimiento a la Matr\u00edcula:\u00a0<\/strong>A las acciones del Plan de Reactivaci\u00f3n se suma esta l\u00ednea de trabajo prioritaria, la cual busca\u00a0<strong>aumentar la cobertura educativa<\/strong>\u00a0en comunas y niveles con sobredemanda, mediante la\u00a0<strong>creaci\u00f3n y habilitaci\u00f3n de nuevos cupos<\/strong>\u00a0en coordinaci\u00f3n con seremis, municipios, Servicios Locales de Educaci\u00f3n P\u00fablica y comunidades educativas.<\/p>\n<p style=\"font-weight: 400; text-align: justify;\">Desde 2022, el Ministerio de Educaci\u00f3n ha generado m\u00e1s de\u00a0<strong>35 mil nuevos cupos a nivel nacional<\/strong>, a trav\u00e9s de estrategias como la recuperaci\u00f3n y reorganizaci\u00f3n de espacios educativos, la instalaci\u00f3n de soluciones modulares, el arriendo de inmuebles y la ampliaci\u00f3n de capacidad en establecimientos subutilizados.<\/p>\n<p style=\"font-weight: 400; text-align: justify;\">Solo en 2024 se habilitaron\u00a0<strong>15.378 nuevos cupos<\/strong>, reforzando la cobertura en zonas de mayor demanda y contribuyendo a resguardar la continuidad de las trayectorias educativas.<\/p>\n<\/div><\/section><\/div><div  style='height:50px' class='hr hr-invisible   avia-builder-el-6  el_after_av_one_full  el_before_av_social_share '><span class='hr-inner ' ><span class='hr-inner-style'><\/span><\/span><\/div><\/p>\n<div  class='av-social-sharing-box  avia-builder-el-7  el_after_av_hr  el_before_av_hr  '><div class='av-share-box'><h5 class='av-share-link-description av-no-toc '>Compartir esta noticia<\/h5><ul class='av-share-box-list noLightbox'><li class='av-share-link av-social-link-facebook' ><a target=\"_blank\" aria-label=\"Compartir en Facebook\" href='https:\/\/www.facebook.com\/sharer.php?u=https:\/\/radiorevelacionfm.cl\/?p=60959&#038;t=Desvinculaci%C3%B3n%20escolar%20nacional%20alcanza%20su%20m%C3%ADnimo%20hist%C3%B3rico%3A%202024%20es%20el%20a%C3%B1o%20con%20menos%20estudiantes%20que%20abandonan%20el%20sistema%20escolar%20desde%20que%20existen%20registros' aria-hidden='false' data-av_icon='\ue8f3' data-av_iconfont='entypo-fontello' title='' data-avia-related-tooltip='Compartir en Facebook' rel=\"noopener\"><span class='avia_hidden_link_text'>Compartir en Facebook<\/span><\/a><\/li><li class='av-share-link av-social-link-twitter' ><a target=\"_blank\" aria-label=\"Compartir en Twitter\" href='https:\/\/twitter.com\/share?text=Desvinculaci%C3%B3n%20escolar%20nacional%20alcanza%20su%20m%C3%ADnimo%20hist%C3%B3rico%3A%202024%20es%20el%20a%C3%B1o%20con%20menos%20estudiantes%20que%20abandonan%20el%20sistema%20escolar%20desde%20que%20existen%20registros&#038;url=https:\/\/radiorevelacionfm.cl\/?p=60959' aria-hidden='false' data-av_icon='\ue8f1' data-av_iconfont='entypo-fontello' title='' data-avia-related-tooltip='Compartir en Twitter' rel=\"noopener\"><span class='avia_hidden_link_text'>Compartir en Twitter<\/span><\/a><\/li><li class='av-share-link av-social-link-whatsapp' ><a target=\"_blank\" aria-label=\"Compartir en Whatsapp\" href='https:\/\/api.whatsapp.com\/send?text=https:\/\/radiorevelacionfm.cl\/?p=60959' aria-hidden='false' data-av_icon='\uf232' data-av_iconfont='entypo-fontello' title='' data-avia-related-tooltip='Compartir en Whatsapp' rel=\"noopener\"><span class='avia_hidden_link_text'>Compartir en Whatsapp<\/span><\/a><\/li><li class='av-share-link av-social-link-linkedin' ><a target=\"_blank\" aria-label=\"Compartir en LinkedIn\" href='https:\/\/linkedin.com\/shareArticle?mini=true&#038;title=Desvinculaci%C3%B3n%20escolar%20nacional%20alcanza%20su%20m%C3%ADnimo%20hist%C3%B3rico%3A%202024%20es%20el%20a%C3%B1o%20con%20menos%20estudiantes%20que%20abandonan%20el%20sistema%20escolar%20desde%20que%20existen%20registros&#038;url=https:\/\/radiorevelacionfm.cl\/?p=60959' aria-hidden='false' data-av_icon='\ue8fc' data-av_iconfont='entypo-fontello' title='' data-avia-related-tooltip='Compartir en LinkedIn' rel=\"noopener\"><span class='avia_hidden_link_text'>Compartir en LinkedIn<\/span><\/a><\/li><li class='av-share-link av-social-link-mail' ><a  aria-label=\"Compartir por correo\" href='mailto:?subject=Desvinculaci%C3%B3n%20escolar%20nacional%20alcanza%20su%20m%C3%ADnimo%20hist%C3%B3rico%3A%202024%20es%20el%20a%C3%B1o%20con%20menos%20estudiantes%20que%20abandonan%20el%20sistema%20escolar%20desde%20que%20existen%20registros&#038;body=https:\/\/radiorevelacionfm.cl\/?p=60959' aria-hidden='false' data-av_icon='\ue805' data-av_iconfont='entypo-fontello' title='' data-avia-related-tooltip='Compartir por correo'><span class='avia_hidden_link_text'>Compartir por correo<\/span><\/a><\/li><\/ul><\/div><\/div>\n<div  style='height:50px' class='hr hr-invisible   avia-builder-el-8  el_after_av_social_share  el_before_av_comments_list '><span class='hr-inner ' ><span class='hr-inner-style'><\/span><\/span><\/div>\n<div  class='av-buildercomment  av-blog-meta-html-info-disabled av-blog-meta-tag-disabled  '><\/div>\n","protected":false},"excerpt":{"rendered":"","protected":false},"author":1,"featured_media":60960,"comment_status":"closed","ping_status":"closed","sticky":false,"template":"","format":"standard","meta":{"footnotes":""},"categories":[49],"tags":[],"class_list":["post-60959","post","type-post","status-publish","format-standard","has-post-thumbnail","hentry","category-educacion"],"jetpack_featured_media_url":"https:\/\/radiorevelacionfm.cl\/wp-content\/uploads\/2025\/10\/Seremi-KatherineMiqueles-1-1.jpeg","_links":{"self":[{"href":"https:\/\/radiorevelacionfm.cl\/index.php?rest_route=\/wp\/v2\/posts\/60959","targetHints":{"allow":["GET"]}}],"collection":[{"href":"https:\/\/radiorevelacionfm.cl\/index.php?rest_route=\/wp\/v2\/posts"}],"about":[{"href":"https:\/\/radiorevelacionfm.cl\/index.php?rest_route=\/wp\/v2\/types\/post"}],"author":[{"embeddable":true,"href":"https:\/\/radiorevelacionfm.cl\/index.php?rest_route=\/wp\/v2\/users\/1"}],"replies":[{"embeddable":true,"href":"https:\/\/radiorevelacionfm.cl\/index.php?rest_route=%2Fwp%2Fv2%2Fcomments&post=60959"}],"version-history":[{"count":2,"href":"https:\/\/radiorevelacionfm.cl\/index.php?rest_route=\/wp\/v2\/posts\/60959\/revisions"}],"predecessor-version":[{"id":61002,"href":"https:\/\/radiorevelacionfm.cl\/index.php?rest_route=\/wp\/v2\/posts\/60959\/revisions\/61002"}],"wp:featuredmedia":[{"embeddable":true,"href":"https:\/\/radiorevelacionfm.cl\/index.php?rest_route=\/wp\/v2\/media\/60960"}],"wp:attachment":[{"href":"https:\/\/radiorevelacionfm.cl\/index.php?rest_route=%2Fwp%2Fv2%2Fmedia&parent=60959"}],"wp:term":[{"taxonomy":"category","embeddable":true,"href":"https:\/\/radiorevelacionfm.cl\/index.php?rest_route=%2Fwp%2Fv2%2Fcategories&post=60959"},{"taxonomy":"post_tag","embeddable":true,"href":"https:\/\/radiorevelacionfm.cl\/index.php?rest_route=%2Fwp%2Fv2%2Ftags&post=60959"}],"curies":[{"name":"wp","href":"https:\/\/api.w.org\/{rel}","templated":true}]}}