{"id":60956,"date":"2025-10-30T15:15:26","date_gmt":"2025-10-30T18:15:26","guid":{"rendered":"https:\/\/radiorevelacionfm.cl\/?p=60956"},"modified":"2025-10-30T15:15:26","modified_gmt":"2025-10-30T18:15:26","slug":"docentes-de-aysen-representaron-a-la-region-en-congreso-nacional-de-educacion-en-ciencias","status":"publish","type":"post","link":"https:\/\/radiorevelacionfm.cl\/?p=60956","title":{"rendered":"Docentes de Ays\u00e9n representaron a la regi\u00f3n en Congreso Nacional de Educaci\u00f3n en Ciencias"},"content":{"rendered":"<div class=\"flex_column av_one_full  flex_column_div av-zero-column-padding first  avia-builder-el-0  el_before_av_one_full  avia-builder-el-first  \" style='border-radius:0px; '><div  class='avia-image-container  av-styling-    avia-builder-el-1  avia-builder-el-no-sibling  avia-align-center '  itemprop=\"image\" itemscope=\"itemscope\" itemtype=\"https:\/\/schema.org\/ImageObject\"  ><div class='avia-image-container-inner'><div class='avia-image-overlay-wrap'><img decoding=\"async\" class='wp-image-60957 avia-img-lazy-loading-not-60957 avia_image' src=\"https:\/\/radiorevelacionfm.cl\/wp-content\/uploads\/2025\/10\/photo-2025-10-27-14-28-05-1_optimized-1.jpg\" alt='' title='photo-2025-10-27-14-28-05-(1)_optimized (1)' height=\"600\" width=\"1184\"  itemprop=\"thumbnailUrl\" srcset=\"https:\/\/radiorevelacionfm.cl\/wp-content\/uploads\/2025\/10\/photo-2025-10-27-14-28-05-1_optimized-1.jpg 1184w, https:\/\/radiorevelacionfm.cl\/wp-content\/uploads\/2025\/10\/photo-2025-10-27-14-28-05-1_optimized-1-300x152.jpg 300w, https:\/\/radiorevelacionfm.cl\/wp-content\/uploads\/2025\/10\/photo-2025-10-27-14-28-05-1_optimized-1-1030x522.jpg 1030w, https:\/\/radiorevelacionfm.cl\/wp-content\/uploads\/2025\/10\/photo-2025-10-27-14-28-05-1_optimized-1-768x389.jpg 768w, https:\/\/radiorevelacionfm.cl\/wp-content\/uploads\/2025\/10\/photo-2025-10-27-14-28-05-1_optimized-1-705x357.jpg 705w, https:\/\/radiorevelacionfm.cl\/wp-content\/uploads\/2025\/10\/photo-2025-10-27-14-28-05-1_optimized-1-450x228.jpg 450w, https:\/\/radiorevelacionfm.cl\/wp-content\/uploads\/2025\/10\/photo-2025-10-27-14-28-05-1_optimized-1-600x304.jpg 600w\" sizes=\"(max-width: 1184px) 100vw, 1184px\" \/><\/div><\/div><\/div><\/div><div class=\"flex_column av_one_full  flex_column_div av-zero-column-padding first  avia-builder-el-2  el_after_av_one_full  el_before_av_one_full  column-top-margin\" style='border-radius:0px; '><section class=\"av_textblock_section \"  itemscope=\"itemscope\" itemtype=\"https:\/\/schema.org\/BlogPosting\" itemprop=\"blogPost\" ><div class='avia_textblock  '   itemprop=\"text\" ><p style=\"text-align: center;\"><span style=\"font-size: 18pt;\"><b>Docentes de Ays\u00e9n representaron a la regi\u00f3n en Congreso Nacional de Educaci\u00f3n en Ciencias<\/b><\/span><\/p>\n<div id=\"gtx-trans\" style=\"position: absolute; left: -50px; top: 4.31534px;\">\n<div class=\"gtx-trans-icon\"><\/div>\n<\/div>\n<\/div><\/section><\/div><div class=\"flex_column av_one_full  flex_column_div av-zero-column-padding first  avia-builder-el-4  el_after_av_one_full  el_before_av_hr  column-top-margin\" style='border-radius:0px; '><section class=\"av_textblock_section \"  itemscope=\"itemscope\" itemtype=\"https:\/\/schema.org\/BlogPosting\" itemprop=\"blogPost\" ><div class='avia_textblock  '   itemprop=\"text\" ><p style=\"font-weight: 400; text-align: justify;\">Una delegaci\u00f3n de docentes de la regi\u00f3n de Ays\u00e9n particip\u00f3 activamente en el XIV Congreso Nacional del Programa de Indagaci\u00f3n Cient\u00edfica para la Educaci\u00f3n en Ciencias (ICEC), realizado los d\u00edas 22 y 23 de octubre en la Universidad de Chile. Bajo el lema\u00a0<em>\u201cPr\u00e1cticas cient\u00edficas para la alfabetizaci\u00f3n cient\u00edfica\u201d<\/em>, el evento reuni\u00f3 a m\u00e1s de 200 docentes de todo el pa\u00eds para compartir pr\u00e1cticas pedag\u00f3gicas, conferencias magistrales y talleres orientados al fortalecimiento de la ense\u00f1anza de las ciencias.<\/p>\n<p style=\"font-weight: 400; text-align: justify;\">Representando a distintos territorios de Ays\u00e9n, asistieron\u00a0<strong>Andrea Cifuentes<\/strong>\u00a0(Escuela Ays\u00e9n),\u00a0<strong>Pedro Rodr\u00edguez Araya<\/strong>\u00a0(Colegio Trapananda, Coyhaique),\u00a0<strong>Cecilia Navarrete<\/strong>\u00a0(Escuela Almirante Simpson de Puerto Ays\u00e9n),\u00a0<strong>Jorge Tureo Quiroz<\/strong>\u00a0(Escuela Nieves del Sur, Coyhaique),\u00a0<strong>Carolina Fuentes Chicuy<\/strong>\u00a0(Escuela Mar\u00eda Antonieta Parra Monsalve, R\u00edo Ib\u00e1\u00f1ez) y\u00a0<strong>Lorena Andrea Reyes Ram\u00edrez<\/strong>\u00a0(Liceo Juan Pablo II, Coyhaique).<\/p>\n<p style=\"font-weight: 400; text-align: justify;\">Andrea Cifuentes valor\u00f3 la experiencia destacando que\u00a0<em>\u201cfue una grata experiencia exponer el trabajo realizado en mi establecimiento y compartir actividades y estrategias utilizadas en diferentes realidades educativas. Se abordaron temas muy relevantes para el desarrollo de habilidades cient\u00edficas, fundamentales para la sociedad del ma\u00f1ana.\u201d<\/em><\/p>\n<p style=\"font-weight: 400; text-align: justify;\">Carolina Fuentes Chicuy, quien present\u00f3 una muestra did\u00e1ctica sobre compostaje, se\u00f1al\u00f3 que\u00a0<em>\u201cfue una experiencia muy enriquecedora, tanto en lo profesional como en lo personal. La muestra permiti\u00f3 explicar c\u00f3mo los desechos org\u00e1nicos pueden convertirse en abono natural, resaltando el impacto de peque\u00f1as acciones para el cuidado del medio ambiente y la sostenibilidad del planeta.\u201d<\/em><\/p>\n<p style=\"font-weight: 400; text-align: justify;\">Por su parte, Pedro Rodr\u00edguez Araya expres\u00f3:\u00a0<em>\u201cEste congreso fue una instancia muy inspiradora, donde conoc\u00ed propuestas innovadoras de docentes de todo Chile. Fue una oportunidad para reflexionar sobre la alfabetizaci\u00f3n cient\u00edfica, compartir recursos creativos y motivarse a seguir innovando en el aula.\u201d<\/em><\/p>\n<p style=\"font-weight: 400; text-align: justify;\">El coordinador de la Macrozona Austral del Programa ICEC, Adri\u00e1n Paredes, destac\u00f3 que\u00a0<em>\u201cla participaci\u00f3n de docentes de Ays\u00e9n en este congreso nacional da cuenta del compromiso de nuestras comunidades educativas con una ense\u00f1anza de las ciencias contextualizada, pertinente y transformadora. Desde la Universidad de Magallanes hemos acompa\u00f1ado este proceso promoviendo una formaci\u00f3n situada y colaborativa.\u201d<\/em><\/p>\n<p style=\"font-weight: 400; text-align: justify;\">La Seremi de Educaci\u00f3n, Katherine Miqueles Hern\u00e1ndez, destac\u00f3 la participaci\u00f3n de los docentes de Ays\u00e9n en este encuentro nacional.<\/p>\n<p style=\"font-weight: 400; text-align: justify;\"><em>\u201cEl programa ICEC y sus encuentros nacionales tienen como prop\u00f3sito fundamental contribuir al mejoramiento de la ense\u00f1anza de las ciencias en nuestras aulas, a trav\u00e9s de una estrategia innovadora y profundamente colaborativa. Esta iniciativa convoca a docentes de establecimientos p\u00fablicos de educaci\u00f3n parvularia, b\u00e1sica y media, para reflexionar sobre la ense\u00f1anza de las ciencias considerando la trayectoria completa de los aprendizajes de sus estudiantes. A la vez, promueve la autonom\u00eda y la profesionalizaci\u00f3n docente en la gesti\u00f3n del curr\u00edculum de ciencias naturales, fortaleciendo el trabajo colaborativo y el desarrollo de comunidades de aprendizaje a nivel regional. Todo ello en plena sinton\u00eda con los objetivos del Plan de Reactivaci\u00f3n Educativa impulsado por el Ministerio de Educaci\u00f3n, que busca fortalecer los aprendizajes y revitalizar la educaci\u00f3n en todo el pa\u00eds\u201d.<\/em><\/p>\n<p style=\"font-weight: 400; text-align: justify;\">El congreso incluy\u00f3 conferencias internacionales, espacios de di\u00e1logo y presentaciones en diversas modalidades, reafirmando el rol de la educaci\u00f3n cient\u00edfica en la formaci\u00f3n ciudadana y el pensamiento cr\u00edtico.<\/p>\n<\/div><\/section><\/div><div  style='height:50px' class='hr hr-invisible   avia-builder-el-6  el_after_av_one_full  el_before_av_social_share '><span class='hr-inner ' ><span class='hr-inner-style'><\/span><\/span><\/div><\/p>\n<div  class='av-social-sharing-box  avia-builder-el-7  el_after_av_hr  el_before_av_hr  '><div class='av-share-box'><h5 class='av-share-link-description av-no-toc '>Compartir esta noticia<\/h5><ul class='av-share-box-list noLightbox'><li class='av-share-link av-social-link-facebook' ><a target=\"_blank\" aria-label=\"Compartir en Facebook\" href='https:\/\/www.facebook.com\/sharer.php?u=https:\/\/radiorevelacionfm.cl\/?p=60956&#038;t=Docentes%20de%20Ays%C3%A9n%20representaron%20a%20la%20regi%C3%B3n%20en%20Congreso%20Nacional%20de%20Educaci%C3%B3n%20en%20Ciencias' aria-hidden='false' data-av_icon='\ue8f3' data-av_iconfont='entypo-fontello' title='' data-avia-related-tooltip='Compartir en Facebook' rel=\"noopener\"><span class='avia_hidden_link_text'>Compartir en Facebook<\/span><\/a><\/li><li class='av-share-link av-social-link-twitter' ><a target=\"_blank\" aria-label=\"Compartir en Twitter\" href='https:\/\/twitter.com\/share?text=Docentes%20de%20Ays%C3%A9n%20representaron%20a%20la%20regi%C3%B3n%20en%20Congreso%20Nacional%20de%20Educaci%C3%B3n%20en%20Ciencias&#038;url=https:\/\/radiorevelacionfm.cl\/?p=60956' aria-hidden='false' data-av_icon='\ue8f1' data-av_iconfont='entypo-fontello' title='' data-avia-related-tooltip='Compartir en Twitter' rel=\"noopener\"><span class='avia_hidden_link_text'>Compartir en Twitter<\/span><\/a><\/li><li class='av-share-link av-social-link-whatsapp' ><a target=\"_blank\" aria-label=\"Compartir en Whatsapp\" href='https:\/\/api.whatsapp.com\/send?text=https:\/\/radiorevelacionfm.cl\/?p=60956' aria-hidden='false' data-av_icon='\uf232' data-av_iconfont='entypo-fontello' title='' data-avia-related-tooltip='Compartir en Whatsapp' rel=\"noopener\"><span class='avia_hidden_link_text'>Compartir en Whatsapp<\/span><\/a><\/li><li class='av-share-link av-social-link-linkedin' ><a target=\"_blank\" aria-label=\"Compartir en LinkedIn\" href='https:\/\/linkedin.com\/shareArticle?mini=true&#038;title=Docentes%20de%20Ays%C3%A9n%20representaron%20a%20la%20regi%C3%B3n%20en%20Congreso%20Nacional%20de%20Educaci%C3%B3n%20en%20Ciencias&#038;url=https:\/\/radiorevelacionfm.cl\/?p=60956' aria-hidden='false' data-av_icon='\ue8fc' data-av_iconfont='entypo-fontello' title='' data-avia-related-tooltip='Compartir en LinkedIn' rel=\"noopener\"><span class='avia_hidden_link_text'>Compartir en LinkedIn<\/span><\/a><\/li><li class='av-share-link av-social-link-mail' ><a  aria-label=\"Compartir por correo\" href='mailto:?subject=Docentes%20de%20Ays%C3%A9n%20representaron%20a%20la%20regi%C3%B3n%20en%20Congreso%20Nacional%20de%20Educaci%C3%B3n%20en%20Ciencias&#038;body=https:\/\/radiorevelacionfm.cl\/?p=60956' aria-hidden='false' data-av_icon='\ue805' data-av_iconfont='entypo-fontello' title='' data-avia-related-tooltip='Compartir por correo'><span class='avia_hidden_link_text'>Compartir por correo<\/span><\/a><\/li><\/ul><\/div><\/div>\n<div  style='height:50px' class='hr hr-invisible   avia-builder-el-8  el_after_av_social_share  el_before_av_comments_list '><span class='hr-inner ' ><span class='hr-inner-style'><\/span><\/span><\/div>\n<div  class='av-buildercomment  av-blog-meta-html-info-disabled av-blog-meta-tag-disabled  '><\/div>\n","protected":false},"excerpt":{"rendered":"","protected":false},"author":1,"featured_media":60957,"comment_status":"closed","ping_status":"closed","sticky":false,"template":"","format":"standard","meta":{"footnotes":""},"categories":[49],"tags":[],"class_list":["post-60956","post","type-post","status-publish","format-standard","has-post-thumbnail","hentry","category-educacion"],"jetpack_featured_media_url":"https:\/\/radiorevelacionfm.cl\/wp-content\/uploads\/2025\/10\/photo-2025-10-27-14-28-05-1_optimized-1.jpg","_links":{"self":[{"href":"https:\/\/radiorevelacionfm.cl\/index.php?rest_route=\/wp\/v2\/posts\/60956","targetHints":{"allow":["GET"]}}],"collection":[{"href":"https:\/\/radiorevelacionfm.cl\/index.php?rest_route=\/wp\/v2\/posts"}],"about":[{"href":"https:\/\/radiorevelacionfm.cl\/index.php?rest_route=\/wp\/v2\/types\/post"}],"author":[{"embeddable":true,"href":"https:\/\/radiorevelacionfm.cl\/index.php?rest_route=\/wp\/v2\/users\/1"}],"replies":[{"embeddable":true,"href":"https:\/\/radiorevelacionfm.cl\/index.php?rest_route=%2Fwp%2Fv2%2Fcomments&post=60956"}],"version-history":[{"count":2,"href":"https:\/\/radiorevelacionfm.cl\/index.php?rest_route=\/wp\/v2\/posts\/60956\/revisions"}],"predecessor-version":[{"id":60978,"href":"https:\/\/radiorevelacionfm.cl\/index.php?rest_route=\/wp\/v2\/posts\/60956\/revisions\/60978"}],"wp:featuredmedia":[{"embeddable":true,"href":"https:\/\/radiorevelacionfm.cl\/index.php?rest_route=\/wp\/v2\/media\/60957"}],"wp:attachment":[{"href":"https:\/\/radiorevelacionfm.cl\/index.php?rest_route=%2Fwp%2Fv2%2Fmedia&parent=60956"}],"wp:term":[{"taxonomy":"category","embeddable":true,"href":"https:\/\/radiorevelacionfm.cl\/index.php?rest_route=%2Fwp%2Fv2%2Fcategories&post=60956"},{"taxonomy":"post_tag","embeddable":true,"href":"https:\/\/radiorevelacionfm.cl\/index.php?rest_route=%2Fwp%2Fv2%2Ftags&post=60956"}],"curies":[{"name":"wp","href":"https:\/\/api.w.org\/{rel}","templated":true}]}}