{"id":60951,"date":"2025-10-30T10:08:35","date_gmt":"2025-10-30T13:08:35","guid":{"rendered":"https:\/\/radiorevelacionfm.cl\/?p=60951"},"modified":"2025-10-30T10:08:35","modified_gmt":"2025-10-30T13:08:35","slug":"las-tablas-se-encienden-en-el-sur-comienza-el-14-festival-de-teatro-patagonia-en-escena-en-la-region-de-aysen","status":"publish","type":"post","link":"https:\/\/radiorevelacionfm.cl\/?p=60951","title":{"rendered":"\u00a1Las tablas se encienden en el sur! Comienza el 14 Festival de Teatro Patagonia en Escena en la Regi\u00f3n de Ays\u00e9n"},"content":{"rendered":"<div class=\"flex_column av_one_full  flex_column_div av-zero-column-padding first  avia-builder-el-0  el_before_av_one_full  avia-builder-el-first  \" style='border-radius:0px; '><div  class='avia-image-container  av-styling-    avia-builder-el-1  avia-builder-el-no-sibling  avia-align-center '  itemprop=\"image\" itemscope=\"itemscope\" itemtype=\"https:\/\/schema.org\/ImageObject\"  ><div class='avia-image-container-inner'><div class='avia-image-overlay-wrap'><img decoding=\"async\" class='wp-image-60952 avia-img-lazy-loading-not-60952 avia_image' src=\"https:\/\/radiorevelacionfm.cl\/wp-content\/uploads\/2025\/10\/Continuidad_20de_20las_20cajeras_2001_20_C2_A9Nic.calderon_20-1-1.jpg\" alt='' title='Continuidad_20de_20las_20cajeras_2001_20_C2_A9Nic.calderon_20 (1) (1)' height=\"600\" width=\"900\"  itemprop=\"thumbnailUrl\" srcset=\"https:\/\/radiorevelacionfm.cl\/wp-content\/uploads\/2025\/10\/Continuidad_20de_20las_20cajeras_2001_20_C2_A9Nic.calderon_20-1-1.jpg 900w, https:\/\/radiorevelacionfm.cl\/wp-content\/uploads\/2025\/10\/Continuidad_20de_20las_20cajeras_2001_20_C2_A9Nic.calderon_20-1-1-300x200.jpg 300w, https:\/\/radiorevelacionfm.cl\/wp-content\/uploads\/2025\/10\/Continuidad_20de_20las_20cajeras_2001_20_C2_A9Nic.calderon_20-1-1-768x512.jpg 768w, https:\/\/radiorevelacionfm.cl\/wp-content\/uploads\/2025\/10\/Continuidad_20de_20las_20cajeras_2001_20_C2_A9Nic.calderon_20-1-1-705x470.jpg 705w, https:\/\/radiorevelacionfm.cl\/wp-content\/uploads\/2025\/10\/Continuidad_20de_20las_20cajeras_2001_20_C2_A9Nic.calderon_20-1-1-450x300.jpg 450w, https:\/\/radiorevelacionfm.cl\/wp-content\/uploads\/2025\/10\/Continuidad_20de_20las_20cajeras_2001_20_C2_A9Nic.calderon_20-1-1-600x400.jpg 600w\" sizes=\"(max-width: 900px) 100vw, 900px\" \/><\/div><\/div><\/div><\/div><div class=\"flex_column av_one_full  flex_column_div av-zero-column-padding first  avia-builder-el-2  el_after_av_one_full  el_before_av_one_full  column-top-margin\" style='border-radius:0px; '><section class=\"av_textblock_section \"  itemscope=\"itemscope\" itemtype=\"https:\/\/schema.org\/BlogPosting\" itemprop=\"blogPost\" ><div class='avia_textblock  '   itemprop=\"text\" ><p style=\"text-align: center;\"><span style=\"font-size: 18pt;\"><b><span lang=\"ES-CL\"><span style=\"font-family: 'trebuchet ms', sans-serif;\">\u00a1Las tablas se encienden en el sur! Comienza el\u00a0<span class=\"gmail_default\">14\u00a0<\/span>Festival de Teatro Patagonia en Escena en la Regi\u00f3n de Ays\u00e9n<\/span><\/span><\/b><\/span><\/p>\n<div id=\"gtx-trans\" style=\"position: absolute; left: -50px; top: 4.31534px;\">\n<div class=\"gtx-trans-icon\"><\/div>\n<\/div>\n<\/div><\/section><\/div><div class=\"flex_column av_one_full  flex_column_div av-zero-column-padding first  avia-builder-el-4  el_after_av_one_full  el_before_av_hr  column-top-margin\" style='border-radius:0px; '><section class=\"av_textblock_section \"  itemscope=\"itemscope\" itemtype=\"https:\/\/schema.org\/BlogPosting\" itemprop=\"blogPost\" ><div class='avia_textblock  '   itemprop=\"text\" ><p style=\"font-weight: 400; text-align: justify;\">Una nueva celebraci\u00f3n de las artes esc\u00e9nicas en un entorno natural \u00fanico es lo que propone Malotun Ortiga para la versi\u00f3n 14 del ic\u00f3nico Festival de Teatro Patagonia en Escena. Una iniciativa que naci\u00f3 en el a\u00f1o 2012, con el prop\u00f3sito de ampliar la oferta cultural, acercarla a las comunidades y crear audiencias mediante una nutrida programaci\u00f3n teatral y talleres formativos. Hoy, 14 a\u00f1os despu\u00e9s Patagonia en Escena se ha convertido en un referente indiscutido de las artes esc\u00e9nicas, posicionando a la Regi\u00f3n de Ays\u00e9n en el escenario nacional.<\/p>\n<p style=\"font-weight: 400; text-align: justify;\">La versi\u00f3n 14 de Patagonia en Escena es financiada por el Fondo Nacional de Fomento y Desarrollo de las Artes Esc\u00e9nicas [Convocatorias 2024 y 2025] y Programa de Apoyo a Organizaciones Culturales Colaboradoras, del Ministerio de las Culturas, las Artes y el Patrimonio; 8% FNDR del Gobierno Regional de Ays\u00e9n y Su Consejo; y Fondo Iniciativas Culturales Municipales de Coyhaique. Se realizar\u00e1 entre los d\u00edas 7 y 15 de noviembre 2025 y en su programa contempla la puesta en escena de obras en Coyhaique, Puerto Ays\u00e9n y Villa Ortega, como as\u00ed tambi\u00e9n la realizaci\u00f3n de talleres formativos. Como punto inicial, este a\u00f1o la organizaci\u00f3n ha dispuesto la inauguraci\u00f3n de la exposici\u00f3n \u201cLente Teatral\u201d, instalaci\u00f3n de im\u00e1genes capturadas por el recordado periodista y fot\u00f3grafo Cote Albornoz. Esta exposici\u00f3n ser\u00e1 inaugurada el d\u00eda 4 de noviembre, en el Centro Cultural de Coyhaique y, a trav\u00e9s de ella, los asistentes podr\u00e1n recorrer el trabajo capturado por el lente de quien fuese miembro de Malotun, hombre de radio y un vers\u00e1til periodista fallecido en diciembre del 2024.<\/p>\n<p style=\"font-weight: 400; text-align: justify;\">La Directora de Patagonia en Escena, Ver\u00f3nica Ibieta Bassili relev\u00f3 la historia de estos 14 a\u00f1os y, adem\u00e1s, valor\u00f3 la importancia del despliegue territorial de iniciativas culturales:\u00a0<em>\u201cDesde el 2012 llevamos 14 versiones tradicionales del festival, as\u00ed como 6 extensiones de oto\u00f1o, que nos han permitido circular montajes de artes esc\u00e9nicas con presencia en las 4 provincias, lo que cobra especial relevancia en un territorio aislado de alta ruralidad, con escaza oferta art\u00edstica y espacios especializados en artes, lo que sin duda aporta a la democratizaci\u00f3n del acceso por parte de la ciudadan\u00eda\u201d<\/em>.<\/p>\n<p style=\"font-weight: 400; text-align: justify;\">La pasada edici\u00f3n de este festival de teatro (2024), convoc\u00f3 a m\u00e1s de 3.500 espectadores en la Regi\u00f3n de Ays\u00e9n, los que accedieron de modo completamente gratuito a espect\u00e1culos de alta calidad y gran puesta en escena. En este contexto, este a\u00f1o 2025 la versi\u00f3n 14 de Patagonia en Escena\u00a0trae\u00a011 obras, 18 funciones, 11 compa\u00f1\u00edas en escena, 3 talleres formativos, exposici\u00f3n fotogr\u00e1fica, 6 funciones para estudiantes y adem\u00e1s 1 obra focalizada en primera infancia. Todo lo anterior completamente gratis o con aporte voluntario. Para este a\u00f1o se contempla la presencia de compa\u00f1\u00edas teatrales desde Santiago, Antofagasta, Los Lagos, B\u00edo-B\u00edo y Ays\u00e9n, lo que abre un abanico de acceso a expresiones teatrales de diversos territorios, enriqueciendo la experiencia de las y los espectadores. Por su parte, el ciclo de talleres formativos se materializar\u00e1 en 3 instancias que tienen como objetivo despertar talentos y potenciar la expresi\u00f3n art\u00edstica, mediante la entrega de herramientas valiosas para el desarrollo art\u00edstico en la comunidad, como as\u00ed tambi\u00e9n crear un espacio de di\u00e1logo y aprendizaje para diversos grupos etarios en diversas disciplinas.<\/p>\n<p style=\"font-weight: 400; text-align: justify;\">Finalmente, Ibieta se refiri\u00f3 a las compa\u00f1\u00edas de otras regiones que formar\u00e1n parte de la iniciativa y como adem\u00e1s, realizar\u00e1n funciones exclusivas para estudiantes;<em>\u201cPara esta versi\u00f3n contaremos con obras de distintas regiones del pa\u00eds, con diversidad de lenguajes teatrales, e incorporando varias de ellas recursos audiovisuales en escena, en espacios convencionales y no convencionales, para distintos grupos etarios, incluidas 6 funciones para estudiantes y una obra para primera infancia\u201d<\/em>.<\/p>\n<p style=\"font-weight: 400; text-align: justify;\">La inauguraci\u00f3n oficial del 14 Festival Patagonia en escena se realizar\u00e1 el d\u00eda viernes 7 de noviembre desde las 18:15 PM, en el Centro Cultural de Coyhaique, donde adem\u00e1s los y las asistentes podr\u00e1n disfrutar de la obra \u201cEl abuelo que salt\u00f3 por la ventana y se larg\u00f3\u201d, de la Compa\u00f1\u00eda Teatro Pan, la que posee una dilatada trayectoria que comenz\u00f3 a fines de la d\u00e9cada del 90 en la Regi\u00f3n Metropolitana y que los mantiene vigentes hasta hoy.<\/p>\n<p style=\"font-weight: 400; text-align: justify;\">La versi\u00f3n 14 del Festival de Teatro Patagonia en Escena es una invitaci\u00f3n a vivir una experiencia vibrante, la que se inspira en un profundo arraigo por robustecer la acci\u00f3n cultural comunitaria gratuita y la celebraci\u00f3n de las artes esc\u00e9nicas, mediante una iniciativa que ya anota 14 a\u00f1os enriqueciendo una tradici\u00f3n cultural de valor incalculable, en medio de un entorno natural \u00fanico, como es la Patagonia Ays\u00e9n.<\/p>\n<\/div><\/section><\/div><div  style='height:50px' class='hr hr-invisible   avia-builder-el-6  el_after_av_one_full  el_before_av_social_share '><span class='hr-inner ' ><span class='hr-inner-style'><\/span><\/span><\/div><\/p>\n<div  class='av-social-sharing-box  avia-builder-el-7  el_after_av_hr  el_before_av_hr  '><div class='av-share-box'><h5 class='av-share-link-description av-no-toc '>Compartir esta noticia<\/h5><ul class='av-share-box-list noLightbox'><li class='av-share-link av-social-link-facebook' ><a target=\"_blank\" aria-label=\"Compartir en Facebook\" href='https:\/\/www.facebook.com\/sharer.php?u=https:\/\/radiorevelacionfm.cl\/?p=60951&#038;t=%C2%A1Las%20tablas%20se%20encienden%20en%20el%20sur%21%20Comienza%20el%2014%20Festival%20de%20Teatro%20Patagonia%20en%20Escena%20en%20la%20Regi%C3%B3n%20de%20Ays%C3%A9n' aria-hidden='false' data-av_icon='\ue8f3' data-av_iconfont='entypo-fontello' title='' data-avia-related-tooltip='Compartir en Facebook' rel=\"noopener\"><span class='avia_hidden_link_text'>Compartir en Facebook<\/span><\/a><\/li><li class='av-share-link av-social-link-twitter' ><a target=\"_blank\" aria-label=\"Compartir en Twitter\" href='https:\/\/twitter.com\/share?text=%C2%A1Las%20tablas%20se%20encienden%20en%20el%20sur%21%20Comienza%20el%2014%20Festival%20de%20Teatro%20Patagonia%20en%20Escena%20en%20la%20Regi%C3%B3n%20de%20Ays%C3%A9n&#038;url=https:\/\/radiorevelacionfm.cl\/?p=60951' aria-hidden='false' data-av_icon='\ue8f1' data-av_iconfont='entypo-fontello' title='' data-avia-related-tooltip='Compartir en Twitter' rel=\"noopener\"><span class='avia_hidden_link_text'>Compartir en Twitter<\/span><\/a><\/li><li class='av-share-link av-social-link-whatsapp' ><a target=\"_blank\" aria-label=\"Compartir en Whatsapp\" href='https:\/\/api.whatsapp.com\/send?text=https:\/\/radiorevelacionfm.cl\/?p=60951' aria-hidden='false' data-av_icon='\uf232' data-av_iconfont='entypo-fontello' title='' data-avia-related-tooltip='Compartir en Whatsapp' rel=\"noopener\"><span class='avia_hidden_link_text'>Compartir en Whatsapp<\/span><\/a><\/li><li class='av-share-link av-social-link-linkedin' ><a target=\"_blank\" aria-label=\"Compartir en LinkedIn\" href='https:\/\/linkedin.com\/shareArticle?mini=true&#038;title=%C2%A1Las%20tablas%20se%20encienden%20en%20el%20sur%21%20Comienza%20el%2014%20Festival%20de%20Teatro%20Patagonia%20en%20Escena%20en%20la%20Regi%C3%B3n%20de%20Ays%C3%A9n&#038;url=https:\/\/radiorevelacionfm.cl\/?p=60951' aria-hidden='false' data-av_icon='\ue8fc' data-av_iconfont='entypo-fontello' title='' data-avia-related-tooltip='Compartir en LinkedIn' rel=\"noopener\"><span class='avia_hidden_link_text'>Compartir en LinkedIn<\/span><\/a><\/li><li class='av-share-link av-social-link-mail' ><a  aria-label=\"Compartir por correo\" href='mailto:?subject=%C2%A1Las%20tablas%20se%20encienden%20en%20el%20sur%21%20Comienza%20el%2014%20Festival%20de%20Teatro%20Patagonia%20en%20Escena%20en%20la%20Regi%C3%B3n%20de%20Ays%C3%A9n&#038;body=https:\/\/radiorevelacionfm.cl\/?p=60951' aria-hidden='false' data-av_icon='\ue805' data-av_iconfont='entypo-fontello' title='' data-avia-related-tooltip='Compartir por correo'><span class='avia_hidden_link_text'>Compartir por correo<\/span><\/a><\/li><\/ul><\/div><\/div>\n<div  style='height:50px' class='hr hr-invisible   avia-builder-el-8  el_after_av_social_share  el_before_av_comments_list '><span class='hr-inner ' ><span class='hr-inner-style'><\/span><\/span><\/div>\n<div  class='av-buildercomment  av-blog-meta-html-info-disabled av-blog-meta-tag-disabled  '><\/div>\n","protected":false},"excerpt":{"rendered":"","protected":false},"author":1,"featured_media":60952,"comment_status":"closed","ping_status":"closed","sticky":false,"template":"","format":"standard","meta":{"footnotes":""},"categories":[52],"tags":[],"class_list":["post-60951","post","type-post","status-publish","format-standard","has-post-thumbnail","hentry","category-cultura"],"jetpack_featured_media_url":"https:\/\/radiorevelacionfm.cl\/wp-content\/uploads\/2025\/10\/Continuidad_20de_20las_20cajeras_2001_20_C2_A9Nic.calderon_20-1-1.jpg","_links":{"self":[{"href":"https:\/\/radiorevelacionfm.cl\/index.php?rest_route=\/wp\/v2\/posts\/60951","targetHints":{"allow":["GET"]}}],"collection":[{"href":"https:\/\/radiorevelacionfm.cl\/index.php?rest_route=\/wp\/v2\/posts"}],"about":[{"href":"https:\/\/radiorevelacionfm.cl\/index.php?rest_route=\/wp\/v2\/types\/post"}],"author":[{"embeddable":true,"href":"https:\/\/radiorevelacionfm.cl\/index.php?rest_route=\/wp\/v2\/users\/1"}],"replies":[{"embeddable":true,"href":"https:\/\/radiorevelacionfm.cl\/index.php?rest_route=%2Fwp%2Fv2%2Fcomments&post=60951"}],"version-history":[{"count":2,"href":"https:\/\/radiorevelacionfm.cl\/index.php?rest_route=\/wp\/v2\/posts\/60951\/revisions"}],"predecessor-version":[{"id":60955,"href":"https:\/\/radiorevelacionfm.cl\/index.php?rest_route=\/wp\/v2\/posts\/60951\/revisions\/60955"}],"wp:featuredmedia":[{"embeddable":true,"href":"https:\/\/radiorevelacionfm.cl\/index.php?rest_route=\/wp\/v2\/media\/60952"}],"wp:attachment":[{"href":"https:\/\/radiorevelacionfm.cl\/index.php?rest_route=%2Fwp%2Fv2%2Fmedia&parent=60951"}],"wp:term":[{"taxonomy":"category","embeddable":true,"href":"https:\/\/radiorevelacionfm.cl\/index.php?rest_route=%2Fwp%2Fv2%2Fcategories&post=60951"},{"taxonomy":"post_tag","embeddable":true,"href":"https:\/\/radiorevelacionfm.cl\/index.php?rest_route=%2Fwp%2Fv2%2Ftags&post=60951"}],"curies":[{"name":"wp","href":"https:\/\/api.w.org\/{rel}","templated":true}]}}