{"id":60947,"date":"2025-10-30T19:25:45","date_gmt":"2025-10-30T22:25:45","guid":{"rendered":"https:\/\/radiorevelacionfm.cl\/?p=60947"},"modified":"2025-10-30T19:25:45","modified_gmt":"2025-10-30T22:25:45","slug":"sandoval-recordo-las-complejidades-economicas-del-pais-al-iniciarse-discusion-del-presupuesto-2026","status":"publish","type":"post","link":"https:\/\/radiorevelacionfm.cl\/?p=60947","title":{"rendered":"Sandoval record\u00f3 las complejidades econ\u00f3micas del pa\u00eds al iniciarse discusi\u00f3n del Presupuesto 2026"},"content":{"rendered":"<p><span data-mce-type=\"bookmark\" style=\"display: inline-block; width: 0px; overflow: hidden; line-height: 0;\" class=\"mce_SELRES_start\">\ufeff<\/span><div class=\"flex_column av_one_full  flex_column_div av-zero-column-padding first  avia-builder-el-0  el_before_av_one_full  avia-builder-el-first  \" style='border-radius:0px; '><div  class='avia-image-container  av-styling-    avia-builder-el-1  avia-builder-el-no-sibling  avia-align-center '  itemprop=\"image\" itemscope=\"itemscope\" itemtype=\"https:\/\/schema.org\/ImageObject\"  ><div class='avia-image-container-inner'><div class='avia-image-overlay-wrap'><img decoding=\"async\" class='wp-image-60948 avia-img-lazy-loading-not-60948 avia_image' src=\"https:\/\/radiorevelacionfm.cl\/wp-content\/uploads\/2025\/10\/senador-sandoval-29.10.2025-1-1.jpg\" alt='' title='senador sandoval 29.10.2025 (1) (1)' height=\"600\" width=\"899\"  itemprop=\"thumbnailUrl\" srcset=\"https:\/\/radiorevelacionfm.cl\/wp-content\/uploads\/2025\/10\/senador-sandoval-29.10.2025-1-1.jpg 899w, https:\/\/radiorevelacionfm.cl\/wp-content\/uploads\/2025\/10\/senador-sandoval-29.10.2025-1-1-300x200.jpg 300w, https:\/\/radiorevelacionfm.cl\/wp-content\/uploads\/2025\/10\/senador-sandoval-29.10.2025-1-1-768x513.jpg 768w, https:\/\/radiorevelacionfm.cl\/wp-content\/uploads\/2025\/10\/senador-sandoval-29.10.2025-1-1-705x471.jpg 705w, https:\/\/radiorevelacionfm.cl\/wp-content\/uploads\/2025\/10\/senador-sandoval-29.10.2025-1-1-450x300.jpg 450w, https:\/\/radiorevelacionfm.cl\/wp-content\/uploads\/2025\/10\/senador-sandoval-29.10.2025-1-1-600x400.jpg 600w\" sizes=\"(max-width: 899px) 100vw, 899px\" \/><\/div><\/div><\/div><\/div><span data-mce-type=\"bookmark\" style=\"display: inline-block; width: 0px; overflow: hidden; line-height: 0;\" class=\"mce_SELRES_end\">\ufeff<\/span><div class=\"flex_column av_one_full  flex_column_div av-zero-column-padding first  avia-builder-el-2  el_after_av_one_full  el_before_av_one_full  column-top-margin\" style='border-radius:0px; '><section class=\"av_textblock_section \"  itemscope=\"itemscope\" itemtype=\"https:\/\/schema.org\/BlogPosting\" itemprop=\"blogPost\" ><div class='avia_textblock  '   itemprop=\"text\" ><p style=\"text-align: center;\"><span style=\"font-size: 18pt;\"><strong>Sandoval record\u00f3 las complejidades econ\u00f3micas del pa\u00eds al iniciarse discusi\u00f3n del Presupuesto 2026 <\/strong><\/span><\/p>\n<div id=\"gtx-trans\" style=\"position: absolute; left: -50px; top: 4.31534px;\">\n<div class=\"gtx-trans-icon\"><\/div>\n<\/div>\n<\/div><\/section><\/div><div class=\"flex_column av_one_full  flex_column_div av-zero-column-padding first  avia-builder-el-4  el_after_av_one_full  el_before_av_hr  column-top-margin\" style='border-radius:0px; '><section class=\"av_textblock_section \"  itemscope=\"itemscope\" itemtype=\"https:\/\/schema.org\/BlogPosting\" itemprop=\"blogPost\" ><div class='avia_textblock  '   itemprop=\"text\" ><p style=\"text-align: justify;\"><em>Parlamentario record\u00f3 que Chile presenta un bajo nivel de crecimiento, lo que termina afectando a las comunidades.<\/em><\/p>\n<p style=\"text-align: justify;\">Esta semana, la comisi\u00f3n Mixta de Presupuesto comenz\u00f3 la discusi\u00f3n del proyecto de ley que definir\u00e1 el erario nacional para el 2026, donde se analizan cada una de las partidas y los recursos con que los distintos ministerios contar\u00e1n el pr\u00f3ximo a\u00f1o.<\/p>\n<p style=\"text-align: justify;\">Durante el debate, el senador David Sandoval, quien integra esta instancia legislativa, se\u00f1al\u00f3 su preocupaci\u00f3n por la crisis y reducci\u00f3n de gasto que enfrenta el pa\u00eds, recordando adem\u00e1s que Chile atraviesa un periodo de bajo crecimiento econ\u00f3mico, lo que termina afectando a las propias comunidades. \u201cNo queremos que el pa\u00eds gaste en pago de intereses anuales, lo que le significa el presupuesto completo del Ministerio de Obras P\u00fablicas, es decir, 4.500 millones de d\u00f3lares, que es el pago que hace Chile en intereses, todo para resguardar la deuda que se tiene\u201d, indic\u00f3.<\/p>\n<p style=\"text-align: justify;\">Sobre este ministerio, el parlamentario indic\u00f3 que tendr\u00e1 una ca\u00edda presupuestaria de m\u00e1s 820 millones de d\u00f3lares, donde si bien indic\u00f3 que es entendible que se deben hacer ajustes financieros, el problema es que el 96% de todas las iniciativas de inversi\u00f3n que plantea el MOP para 2026 son proyectos de arrastre. \u201cEs decir, toda la actividad econ\u00f3mica que hoy d\u00eda genera a trav\u00e9s de sus licitaciones y proyectos, solamente un 4% tiene un presupuesto adicional para iniciar, eventualmente, nuevas obras y eso tiene una afectaci\u00f3n directa, porque el MOP lo que genera hoy d\u00eda es por lo tanto sustantivamente lo que va a pasar el a\u00f1o que viene\u201d, precis\u00f3.<\/p>\n<p style=\"text-align: justify;\">En el caso de Vivienda, Sandoval explic\u00f3 que hay algunos incrementos presupuestarios \u201cque son un poco dif\u00edciles de entender\u201d. \u201cEl Serviu Metropolitano tendr\u00e1 un 44,4% adicional, donde si bien tambi\u00e9n aumenta el Maule, Atacama, Valpara\u00edso, BioBio y tambi\u00e9n Ays\u00e9n, el tema es que gran parte de este presupuesto est\u00e1 destinado para pagar los compromisos de arrastre\u201d, puntualiz\u00f3.<\/p>\n<p style=\"text-align: justify;\">Finalmente, el legislador dijo que se produce una curiosidad en el caso de la partida de Presidencia de la Rep\u00fablica, que experimenta una ca\u00edda de 17% de los recursos para 2026 destinados a actividades presidenciales. \u201cSon parte de las discusiones que se vendr\u00e1n en los pr\u00f3ximos d\u00edas en el Presupuesto 2026\u201d, concluy\u00f3.<\/p>\n<\/div><\/section><\/div><div  style='height:50px' class='hr hr-invisible   avia-builder-el-6  el_after_av_one_full  el_before_av_social_share '><span class='hr-inner ' ><span class='hr-inner-style'><\/span><\/span><\/div><\/p>\n<div  class='av-social-sharing-box  avia-builder-el-7  el_after_av_hr  el_before_av_hr  '><div class='av-share-box'><h5 class='av-share-link-description av-no-toc '>Compartir esta noticia<\/h5><ul class='av-share-box-list noLightbox'><li class='av-share-link av-social-link-facebook' ><a target=\"_blank\" aria-label=\"Compartir en Facebook\" href='https:\/\/www.facebook.com\/sharer.php?u=https:\/\/radiorevelacionfm.cl\/?p=60947&#038;t=Sandoval%20record%C3%B3%20las%20complejidades%20econ%C3%B3micas%20del%20pa%C3%ADs%20al%20iniciarse%20discusi%C3%B3n%20del%20Presupuesto%202026' aria-hidden='false' data-av_icon='\ue8f3' data-av_iconfont='entypo-fontello' title='' data-avia-related-tooltip='Compartir en Facebook' rel=\"noopener\"><span class='avia_hidden_link_text'>Compartir en Facebook<\/span><\/a><\/li><li class='av-share-link av-social-link-twitter' ><a target=\"_blank\" aria-label=\"Compartir en Twitter\" href='https:\/\/twitter.com\/share?text=Sandoval%20record%C3%B3%20las%20complejidades%20econ%C3%B3micas%20del%20pa%C3%ADs%20al%20iniciarse%20discusi%C3%B3n%20del%20Presupuesto%202026&#038;url=https:\/\/radiorevelacionfm.cl\/?p=60947' aria-hidden='false' data-av_icon='\ue8f1' data-av_iconfont='entypo-fontello' title='' data-avia-related-tooltip='Compartir en Twitter' rel=\"noopener\"><span class='avia_hidden_link_text'>Compartir en Twitter<\/span><\/a><\/li><li class='av-share-link av-social-link-whatsapp' ><a target=\"_blank\" aria-label=\"Compartir en Whatsapp\" href='https:\/\/api.whatsapp.com\/send?text=https:\/\/radiorevelacionfm.cl\/?p=60947' aria-hidden='false' data-av_icon='\uf232' data-av_iconfont='entypo-fontello' title='' data-avia-related-tooltip='Compartir en Whatsapp' rel=\"noopener\"><span class='avia_hidden_link_text'>Compartir en Whatsapp<\/span><\/a><\/li><li class='av-share-link av-social-link-linkedin' ><a target=\"_blank\" aria-label=\"Compartir en LinkedIn\" href='https:\/\/linkedin.com\/shareArticle?mini=true&#038;title=Sandoval%20record%C3%B3%20las%20complejidades%20econ%C3%B3micas%20del%20pa%C3%ADs%20al%20iniciarse%20discusi%C3%B3n%20del%20Presupuesto%202026&#038;url=https:\/\/radiorevelacionfm.cl\/?p=60947' aria-hidden='false' data-av_icon='\ue8fc' data-av_iconfont='entypo-fontello' title='' data-avia-related-tooltip='Compartir en LinkedIn' rel=\"noopener\"><span class='avia_hidden_link_text'>Compartir en LinkedIn<\/span><\/a><\/li><li class='av-share-link av-social-link-mail' ><a  aria-label=\"Compartir por correo\" href='mailto:?subject=Sandoval%20record%C3%B3%20las%20complejidades%20econ%C3%B3micas%20del%20pa%C3%ADs%20al%20iniciarse%20discusi%C3%B3n%20del%20Presupuesto%202026&#038;body=https:\/\/radiorevelacionfm.cl\/?p=60947' aria-hidden='false' data-av_icon='\ue805' data-av_iconfont='entypo-fontello' title='' data-avia-related-tooltip='Compartir por correo'><span class='avia_hidden_link_text'>Compartir por correo<\/span><\/a><\/li><\/ul><\/div><\/div>\n<div  style='height:50px' class='hr hr-invisible   avia-builder-el-8  el_after_av_social_share  el_before_av_comments_list '><span class='hr-inner ' ><span class='hr-inner-style'><\/span><\/span><\/div>\n<div  class='av-buildercomment  av-blog-meta-html-info-disabled av-blog-meta-tag-disabled  '><\/div>\n","protected":false},"excerpt":{"rendered":"<p>\ufeff\ufeff<\/p>\n","protected":false},"author":1,"featured_media":60948,"comment_status":"closed","ping_status":"closed","sticky":false,"template":"","format":"standard","meta":{"footnotes":""},"categories":[35],"tags":[],"class_list":["post-60947","post","type-post","status-publish","format-standard","has-post-thumbnail","hentry","category-politica"],"jetpack_featured_media_url":"https:\/\/radiorevelacionfm.cl\/wp-content\/uploads\/2025\/10\/senador-sandoval-29.10.2025-1-1.jpg","_links":{"self":[{"href":"https:\/\/radiorevelacionfm.cl\/index.php?rest_route=\/wp\/v2\/posts\/60947","targetHints":{"allow":["GET"]}}],"collection":[{"href":"https:\/\/radiorevelacionfm.cl\/index.php?rest_route=\/wp\/v2\/posts"}],"about":[{"href":"https:\/\/radiorevelacionfm.cl\/index.php?rest_route=\/wp\/v2\/types\/post"}],"author":[{"embeddable":true,"href":"https:\/\/radiorevelacionfm.cl\/index.php?rest_route=\/wp\/v2\/users\/1"}],"replies":[{"embeddable":true,"href":"https:\/\/radiorevelacionfm.cl\/index.php?rest_route=%2Fwp%2Fv2%2Fcomments&post=60947"}],"version-history":[{"count":3,"href":"https:\/\/radiorevelacionfm.cl\/index.php?rest_route=\/wp\/v2\/posts\/60947\/revisions"}],"predecessor-version":[{"id":60998,"href":"https:\/\/radiorevelacionfm.cl\/index.php?rest_route=\/wp\/v2\/posts\/60947\/revisions\/60998"}],"wp:featuredmedia":[{"embeddable":true,"href":"https:\/\/radiorevelacionfm.cl\/index.php?rest_route=\/wp\/v2\/media\/60948"}],"wp:attachment":[{"href":"https:\/\/radiorevelacionfm.cl\/index.php?rest_route=%2Fwp%2Fv2%2Fmedia&parent=60947"}],"wp:term":[{"taxonomy":"category","embeddable":true,"href":"https:\/\/radiorevelacionfm.cl\/index.php?rest_route=%2Fwp%2Fv2%2Fcategories&post=60947"},{"taxonomy":"post_tag","embeddable":true,"href":"https:\/\/radiorevelacionfm.cl\/index.php?rest_route=%2Fwp%2Fv2%2Ftags&post=60947"}],"curies":[{"name":"wp","href":"https:\/\/api.w.org\/{rel}","templated":true}]}}