{"id":60940,"date":"2025-10-29T21:07:41","date_gmt":"2025-10-30T00:07:41","guid":{"rendered":"https:\/\/radiorevelacionfm.cl\/?p=60940"},"modified":"2025-10-29T21:07:41","modified_gmt":"2025-10-30T00:07:41","slug":"estudiantes-y-profesor-de-inacap-destacan-higiene-y-adecuado-proceso-de-la-faenadora-rio-pangal","status":"publish","type":"post","link":"https:\/\/radiorevelacionfm.cl\/?p=60940","title":{"rendered":"Estudiantes y profesor de Inacap destacan higiene y adecuado proceso de la faenadora Rio Pangal"},"content":{"rendered":"<div class=\"flex_column av_one_full  flex_column_div av-zero-column-padding first  avia-builder-el-0  el_before_av_one_full  avia-builder-el-first  \" style='border-radius:0px; '><div  class='avia-image-container  av-styling-    avia-builder-el-1  avia-builder-el-no-sibling  avia-align-center '  itemprop=\"image\" itemscope=\"itemscope\" itemtype=\"https:\/\/schema.org\/ImageObject\"  ><div class='avia-image-container-inner'><div class='avia-image-overlay-wrap'><img decoding=\"async\" class='wp-image-60941 avia-img-lazy-loading-not-60941 avia_image' src=\"https:\/\/radiorevelacionfm.cl\/wp-content\/uploads\/2025\/10\/inacap-planta-1-1_optimized-1.jpg\" alt='' title='inacap-planta-1-(1)_optimized (1)' height=\"600\" width=\"1067\"  itemprop=\"thumbnailUrl\" srcset=\"https:\/\/radiorevelacionfm.cl\/wp-content\/uploads\/2025\/10\/inacap-planta-1-1_optimized-1.jpg 1067w, https:\/\/radiorevelacionfm.cl\/wp-content\/uploads\/2025\/10\/inacap-planta-1-1_optimized-1-300x169.jpg 300w, https:\/\/radiorevelacionfm.cl\/wp-content\/uploads\/2025\/10\/inacap-planta-1-1_optimized-1-1030x579.jpg 1030w, https:\/\/radiorevelacionfm.cl\/wp-content\/uploads\/2025\/10\/inacap-planta-1-1_optimized-1-768x432.jpg 768w, https:\/\/radiorevelacionfm.cl\/wp-content\/uploads\/2025\/10\/inacap-planta-1-1_optimized-1-705x396.jpg 705w, https:\/\/radiorevelacionfm.cl\/wp-content\/uploads\/2025\/10\/inacap-planta-1-1_optimized-1-450x253.jpg 450w, https:\/\/radiorevelacionfm.cl\/wp-content\/uploads\/2025\/10\/inacap-planta-1-1_optimized-1-600x337.jpg 600w\" sizes=\"(max-width: 1067px) 100vw, 1067px\" \/><\/div><\/div><\/div><\/div><div class=\"flex_column av_one_full  flex_column_div av-zero-column-padding first  avia-builder-el-2  el_after_av_one_full  el_before_av_one_full  column-top-margin\" style='border-radius:0px; '><section class=\"av_textblock_section \"  itemscope=\"itemscope\" itemtype=\"https:\/\/schema.org\/BlogPosting\" itemprop=\"blogPost\" ><div class='avia_textblock  '   itemprop=\"text\" ><p style=\"text-align: center;\"><strong><span style=\"font-size: 18pt;\">Estudiantes y profesor de Inacap destacan higiene y adecuado proceso de la faenadora Rio Pangal<\/span><\/strong><\/p>\n<div id=\"gtx-trans\" style=\"position: absolute; left: -50px; top: 4.31534px;\">\n<div class=\"gtx-trans-icon\"><\/div>\n<\/div>\n<\/div><\/section><\/div><div class=\"flex_column av_one_full  flex_column_div av-zero-column-padding first  avia-builder-el-4  el_after_av_one_full  el_before_av_hr  column-top-margin\" style='border-radius:0px; '><section class=\"av_textblock_section \"  itemscope=\"itemscope\" itemtype=\"https:\/\/schema.org\/BlogPosting\" itemprop=\"blogPost\" ><div class='avia_textblock  '   itemprop=\"text\" ><p style=\"text-align: justify;\"><em>Los j\u00f3venes junto a un docente pudieron recorrer las distintas \u00e1reas de la planta, hacer preguntas, ver los procesos e interactuar con cada uno de los trabajadores de la empresa.<\/em><\/p>\n<p style=\"text-align: justify;\">Hasta la planta faenadora Rio Pangal llegaron 18 estudiantes junto un profesor de la carrera de Ingenier\u00eda y Tecnolog\u00eda Agr\u00edcola de Inacap, David Bahamondes. En la oportunidad los j\u00f3venes y el docente pudieron recorrer desde el ingreso, los corrales, las \u00e1reas de tratamiento de residuos y tambi\u00e9n bajo todas las medidas de resguardo, ingresar a la planta faenadora.<\/p>\n<p style=\"text-align: justify;\">La visita fue guiada en todo momento por el encargado del recinto, Mauricio Ibacache, quien de forma clara y did\u00e1ctica fue explicando la funci\u00f3n de cada punto de la planta, la normativa bajo la cual funcionan y cada proceso, donde los asistentes resolvieron todas sus dudas e incluso pudieron interactuar con las y los trabajadores de la empresa de Puerto Ays\u00e9n.<\/p>\n<p style=\"text-align: justify;\">\u201cEl d\u00eda de hoy tuvimos la grata visita de los alumnos de INACAP, a los cuales le dimos un recorrido por toda la planta, mostrando nuestra \u00e1rea de faena, nuestra \u00e1rea de residuos y todos los procesos que hacemos para dar cuenta de todo lo que como planta hacemos para la regi\u00f3n, ya sea faena de productos, subproductos, canales. Con el fin de mostrar que la faena en la regi\u00f3n se est\u00e1 haciendo de la manera adecuada junto con la normativa, los decretos que nos respaldan, bienestar animal, ley de la carne, todo para que los muchachos se fueran con las mayores expectativas y conociendo ya la realidad de lo que viene siendo una planta faenadora de carne en la producci\u00f3n animal\u201d, se\u00f1al\u00f3 Mauricio Ibacache.<\/p>\n<p style=\"text-align: justify;\"><strong>\u201cLa mejor planta a nivel regional\u201d<\/strong><\/p>\n<p style=\"text-align: justify;\">Desde el punto de vista educativo, este fue un espacio de mucho aprendizaje en terreno y una instancia bastante fruct\u00edfera, destac\u00f3 el m\u00e9dico veterinario y profesor de la carrera de Ingenier\u00eda y Tecnolog\u00eda Agr\u00edcola de Inacap, David Bahamondes. Quien, adem\u00e1s, valid\u00f3 el buen desempe\u00f1o de la planta que a su juicio es una de las mejores de la regi\u00f3n.<\/p>\n<p style=\"text-align: justify;\">\u201cEsta visita fue bastante fruct\u00edfera, debido a que es una de las plantas, si es que no es la mejor planta a nivel regional y presenta todos los procesos desde principio a fin en una cadena la cual permite un producto de muy buena calidad y con los est\u00e1ndares de alta seguridad alimentaria. Y me sorprende tambi\u00e9n el tema de c\u00f3mo ayudan a no generar un impacto negativo al ambiente con los residuos que se generan por esta faena, que es un producto que de forma natural puede tener un uso y aqu\u00ed van muy bien encaminados en ese tema. Aqu\u00ed lo que me gust\u00f3 bastante tambi\u00e9n es la interacci\u00f3n que tienen las personas dentro de la faena, debido a que no es una cadena fr\u00eda, por as\u00ed decirlo, hay una conversaci\u00f3n y hay un compa\u00f1erismo que se nota en su equipo y obviamente la limpieza de toda la infraestructura y todos los procesos que se est\u00e1n pasando y que est\u00e1n bajo las m\u00e1s estrictas reglas e incluso sobrepasando los est\u00e1ndares m\u00ednimos exigidos por las instituciones\u201d.<\/p>\n<p style=\"text-align: justify;\"><strong>\u201cMuy bonita experiencia, la limpieza, el orden y el compa\u00f1erismo\u201d<\/strong><\/p>\n<p style=\"text-align: justify;\">Son alrededor de 25 la personas que trabajan a diario en la planta faenadora Rio Pangal de Puerto Ays\u00e9n y el trabajo en equipo, el compa\u00f1erismo sumado a la higiene en cada proceso, se nota y sobresale. Tal como lo menciona uno de los alumnos de INACAP, que visit\u00f3 el recinto, Basti\u00e1n Meza. \u201cMuy bonita experiencia, mirar desde adentro el trabajo porque estamos acostumbrados a verlo por fuera, como era el trabajo por fuera de los corrales, as\u00ed que ver la perspectiva desde adentro es otra cosa. Todos los trabajos, la limpieza, el orden que lleva es muy satisfactorio saberlo. Claro, y el compa\u00f1erismo igual con los trabajadores, la alegr\u00eda, o sea, la forma de trabajar adentro y la limpieza, sobre todo lo que conlleva hasta los residuos, el orden, todo. Me voy con una buena experiencia, bonito venir para ac\u00e1 y ver que todo es muy ordenado\u201d.<\/p>\n<p style=\"text-align: justify;\">La planta faenadora Rio Pangal se ubica en calle Pangal, en el sector Pedro Aguirre Cerda de Puerto Ays\u00e9n, es una empresa con m\u00e1s de 30 a\u00f1os al servicio de la comunidad, que ha ido creciendo en infraestructura, pero tambi\u00e9n en personal. Adem\u00e1s, ha ido modernizando sus procesos, implementando nuevas tecnolog\u00edas, maquinaria moderna, mejorando los espacios, es m\u00e1s, hace poco se mejor\u00f3 el piso de toda la planta con una importante inversi\u00f3n. Se espera pronto sumar m\u00e1s tecnolog\u00eda, todo esto con el fin de entregar un buen servicio con productos de calidad, que hoy en d\u00eda, abastecen a carnicer\u00edas y locales de la comuna y regi\u00f3n de Ays\u00e9n.<\/p>\n<p style=\"text-align: justify;\">Por \u00faltimo, desde la administraci\u00f3n de Rio Pangal, se\u00f1alaron que est\u00e1n las puertas abiertas a las autoridades, comunidad organizada, colegios, quienes previa coordinaci\u00f3n pueden visitar y conocer el trabajo serio, responsable, cumpliendo con todas las normativas vigentes, a fin de convertirse y tal como lo mencionaba el profesor y m\u00e9dico veterinario, en la mejor planta faenadora de la regi\u00f3n de Ays\u00e9n.<\/p>\n<\/div><\/section><\/div><div  style='height:50px' class='hr hr-invisible   avia-builder-el-6  el_after_av_one_full  el_before_av_social_share '><span class='hr-inner ' ><span class='hr-inner-style'><\/span><\/span><\/div><\/p>\n<div  class='av-social-sharing-box  avia-builder-el-7  el_after_av_hr  el_before_av_hr  '><div class='av-share-box'><h5 class='av-share-link-description av-no-toc '>Compartir esta noticia<\/h5><ul class='av-share-box-list noLightbox'><li class='av-share-link av-social-link-facebook' ><a target=\"_blank\" aria-label=\"Compartir en Facebook\" href='https:\/\/www.facebook.com\/sharer.php?u=https:\/\/radiorevelacionfm.cl\/?p=60940&#038;t=Estudiantes%20y%20profesor%20de%20Inacap%20destacan%20higiene%20y%20adecuado%20proceso%20de%20la%20faenadora%20Rio%20Pangal' aria-hidden='false' data-av_icon='\ue8f3' data-av_iconfont='entypo-fontello' title='' data-avia-related-tooltip='Compartir en Facebook' rel=\"noopener\"><span class='avia_hidden_link_text'>Compartir en Facebook<\/span><\/a><\/li><li class='av-share-link av-social-link-twitter' ><a target=\"_blank\" aria-label=\"Compartir en Twitter\" href='https:\/\/twitter.com\/share?text=Estudiantes%20y%20profesor%20de%20Inacap%20destacan%20higiene%20y%20adecuado%20proceso%20de%20la%20faenadora%20Rio%20Pangal&#038;url=https:\/\/radiorevelacionfm.cl\/?p=60940' aria-hidden='false' data-av_icon='\ue8f1' data-av_iconfont='entypo-fontello' title='' data-avia-related-tooltip='Compartir en Twitter' rel=\"noopener\"><span class='avia_hidden_link_text'>Compartir en Twitter<\/span><\/a><\/li><li class='av-share-link av-social-link-whatsapp' ><a target=\"_blank\" aria-label=\"Compartir en Whatsapp\" href='https:\/\/api.whatsapp.com\/send?text=https:\/\/radiorevelacionfm.cl\/?p=60940' aria-hidden='false' data-av_icon='\uf232' data-av_iconfont='entypo-fontello' title='' data-avia-related-tooltip='Compartir en Whatsapp' rel=\"noopener\"><span class='avia_hidden_link_text'>Compartir en Whatsapp<\/span><\/a><\/li><li class='av-share-link av-social-link-linkedin' ><a target=\"_blank\" aria-label=\"Compartir en LinkedIn\" href='https:\/\/linkedin.com\/shareArticle?mini=true&#038;title=Estudiantes%20y%20profesor%20de%20Inacap%20destacan%20higiene%20y%20adecuado%20proceso%20de%20la%20faenadora%20Rio%20Pangal&#038;url=https:\/\/radiorevelacionfm.cl\/?p=60940' aria-hidden='false' data-av_icon='\ue8fc' data-av_iconfont='entypo-fontello' title='' data-avia-related-tooltip='Compartir en LinkedIn' rel=\"noopener\"><span class='avia_hidden_link_text'>Compartir en LinkedIn<\/span><\/a><\/li><li class='av-share-link av-social-link-mail' ><a  aria-label=\"Compartir por correo\" href='mailto:?subject=Estudiantes%20y%20profesor%20de%20Inacap%20destacan%20higiene%20y%20adecuado%20proceso%20de%20la%20faenadora%20Rio%20Pangal&#038;body=https:\/\/radiorevelacionfm.cl\/?p=60940' aria-hidden='false' data-av_icon='\ue805' data-av_iconfont='entypo-fontello' title='' data-avia-related-tooltip='Compartir por correo'><span class='avia_hidden_link_text'>Compartir por correo<\/span><\/a><\/li><\/ul><\/div><\/div>\n<div  style='height:50px' class='hr hr-invisible   avia-builder-el-8  el_after_av_social_share  el_before_av_comments_list '><span class='hr-inner ' ><span class='hr-inner-style'><\/span><\/span><\/div>\n<div  class='av-buildercomment  av-blog-meta-html-info-disabled av-blog-meta-tag-disabled  '><\/div>\n","protected":false},"excerpt":{"rendered":"","protected":false},"author":1,"featured_media":60941,"comment_status":"closed","ping_status":"closed","sticky":false,"template":"","format":"standard","meta":{"footnotes":""},"categories":[38],"tags":[],"class_list":["post-60940","post","type-post","status-publish","format-standard","has-post-thumbnail","hentry","category-regional"],"jetpack_featured_media_url":"https:\/\/radiorevelacionfm.cl\/wp-content\/uploads\/2025\/10\/inacap-planta-1-1_optimized-1.jpg","_links":{"self":[{"href":"https:\/\/radiorevelacionfm.cl\/index.php?rest_route=\/wp\/v2\/posts\/60940","targetHints":{"allow":["GET"]}}],"collection":[{"href":"https:\/\/radiorevelacionfm.cl\/index.php?rest_route=\/wp\/v2\/posts"}],"about":[{"href":"https:\/\/radiorevelacionfm.cl\/index.php?rest_route=\/wp\/v2\/types\/post"}],"author":[{"embeddable":true,"href":"https:\/\/radiorevelacionfm.cl\/index.php?rest_route=\/wp\/v2\/users\/1"}],"replies":[{"embeddable":true,"href":"https:\/\/radiorevelacionfm.cl\/index.php?rest_route=%2Fwp%2Fv2%2Fcomments&post=60940"}],"version-history":[{"count":2,"href":"https:\/\/radiorevelacionfm.cl\/index.php?rest_route=\/wp\/v2\/posts\/60940\/revisions"}],"predecessor-version":[{"id":60945,"href":"https:\/\/radiorevelacionfm.cl\/index.php?rest_route=\/wp\/v2\/posts\/60940\/revisions\/60945"}],"wp:featuredmedia":[{"embeddable":true,"href":"https:\/\/radiorevelacionfm.cl\/index.php?rest_route=\/wp\/v2\/media\/60941"}],"wp:attachment":[{"href":"https:\/\/radiorevelacionfm.cl\/index.php?rest_route=%2Fwp%2Fv2%2Fmedia&parent=60940"}],"wp:term":[{"taxonomy":"category","embeddable":true,"href":"https:\/\/radiorevelacionfm.cl\/index.php?rest_route=%2Fwp%2Fv2%2Fcategories&post=60940"},{"taxonomy":"post_tag","embeddable":true,"href":"https:\/\/radiorevelacionfm.cl\/index.php?rest_route=%2Fwp%2Fv2%2Ftags&post=60940"}],"curies":[{"name":"wp","href":"https:\/\/api.w.org\/{rel}","templated":true}]}}