{"id":60932,"date":"2025-10-29T19:59:42","date_gmt":"2025-10-29T22:59:42","guid":{"rendered":"https:\/\/radiorevelacionfm.cl\/?p=60932"},"modified":"2025-10-29T19:59:42","modified_gmt":"2025-10-29T22:59:42","slug":"villa-cerro-castillo-celebrara-semana-aniversario-con-actividades-comunitarias-y-nueva-version-del-festival-ranchero","status":"publish","type":"post","link":"https:\/\/radiorevelacionfm.cl\/?p=60932","title":{"rendered":"Villa Cerro Castillo celebrar\u00e1 semana aniversario con actividades comunitarias y nueva versi\u00f3n del festival ranchero"},"content":{"rendered":"<div class=\"flex_column av_one_full  flex_column_div av-zero-column-padding first  avia-builder-el-0  el_before_av_one_full  avia-builder-el-first  \" style='border-radius:0px; '><div  class='avia-image-container  av-styling-    avia-builder-el-1  avia-builder-el-no-sibling  avia-align-center '  itemprop=\"image\" itemscope=\"itemscope\" itemtype=\"https:\/\/schema.org\/ImageObject\"  ><div class='avia-image-container-inner'><div class='avia-image-overlay-wrap'><img decoding=\"async\" class='wp-image-60933 avia-img-lazy-loading-not-60933 avia_image' src=\"https:\/\/radiorevelacionfm.cl\/wp-content\/uploads\/2025\/10\/02_EstatuaElPioneroVillaCerroCastillo-1-1.jpg\" alt='' title='02_EstatuaElPioneroVillaCerroCastillo (1) (1)' height=\"600\" width=\"837\"  itemprop=\"thumbnailUrl\" srcset=\"https:\/\/radiorevelacionfm.cl\/wp-content\/uploads\/2025\/10\/02_EstatuaElPioneroVillaCerroCastillo-1-1.jpg 837w, https:\/\/radiorevelacionfm.cl\/wp-content\/uploads\/2025\/10\/02_EstatuaElPioneroVillaCerroCastillo-1-1-300x215.jpg 300w, https:\/\/radiorevelacionfm.cl\/wp-content\/uploads\/2025\/10\/02_EstatuaElPioneroVillaCerroCastillo-1-1-768x551.jpg 768w, https:\/\/radiorevelacionfm.cl\/wp-content\/uploads\/2025\/10\/02_EstatuaElPioneroVillaCerroCastillo-1-1-260x185.jpg 260w, https:\/\/radiorevelacionfm.cl\/wp-content\/uploads\/2025\/10\/02_EstatuaElPioneroVillaCerroCastillo-1-1-705x505.jpg 705w, https:\/\/radiorevelacionfm.cl\/wp-content\/uploads\/2025\/10\/02_EstatuaElPioneroVillaCerroCastillo-1-1-450x323.jpg 450w, https:\/\/radiorevelacionfm.cl\/wp-content\/uploads\/2025\/10\/02_EstatuaElPioneroVillaCerroCastillo-1-1-600x430.jpg 600w\" sizes=\"(max-width: 837px) 100vw, 837px\" \/><\/div><\/div><\/div><\/div><div class=\"flex_column av_one_full  flex_column_div av-zero-column-padding first  avia-builder-el-2  el_after_av_one_full  el_before_av_one_full  column-top-margin\" style='border-radius:0px; '><section class=\"av_textblock_section \"  itemscope=\"itemscope\" itemtype=\"https:\/\/schema.org\/BlogPosting\" itemprop=\"blogPost\" ><div class='avia_textblock  '   itemprop=\"text\" ><p style=\"text-align: center;\"><strong><span style=\"font-size: 18pt;\">Villa Cerro Castillo celebrar\u00e1 semana aniversario con actividades comunitarias y nueva versi\u00f3n del festival ranchero<\/span><\/strong><\/p>\n<div id=\"gtx-trans\" style=\"position: absolute; left: -50px; top: 4.31534px;\">\n<div class=\"gtx-trans-icon\"><\/div>\n<\/div>\n<\/div><\/section><\/div><div class=\"flex_column av_one_full  flex_column_div av-zero-column-padding first  avia-builder-el-4  el_after_av_one_full  el_before_av_hr  column-top-margin\" style='border-radius:0px; '><section class=\"av_textblock_section \"  itemscope=\"itemscope\" itemtype=\"https:\/\/schema.org\/BlogPosting\" itemprop=\"blogPost\" ><div class='avia_textblock  '   itemprop=\"text\" ><ul>\n<li style=\"text-align: justify;\"><em>La localidad festejar\u00e1 en grande sus 59 a\u00f1os de historia, desde su fundaci\u00f3n en 1966.<\/em><\/li>\n<\/ul>\n<p style=\"text-align: justify;\">Del 3 al 9 de noviembre, Villa Cerro Castillo se vestir\u00e1 de gala para conmemorar en grande sus 59 a\u00f1os de historia, desde su fundaci\u00f3n en 1966. Durante toda la semana, la comunidad disfrutar\u00e1 de actividades recreativas y deportivas por alianzas, shows musicales y art\u00edsticos, un emotivo homenaje a los pioneros y la esperada coronaci\u00f3n de la reina.<\/p>\n<p style=\"text-align: justify;\">La jornada m\u00e1s esperada llegar\u00e1 el s\u00e1bado 8 de noviembre, en el gimnasio de la localidad, con la segunda noche del Festival Ranchero \u201cJuan Hueitra Llaitureo\u201d, que contar\u00e1 con las presentaciones estelares de Alex y El Clan Azabache y Los Inc\u00f3gnitos del Sabor.<\/p>\n<p style=\"text-align: justify;\">Adem\u00e1s, desde las 11:00 hrs. de ese mismo d\u00eda, se desarrollar\u00e1 la Feria Productiva \u201cAniversario Villa Cerro Castillo\u201d, con lo mejor del talento local de sus emprendedores y artesanos, gracias al financiamiento del Programa de Fortalecimiento Productivo del Gobierno Regional de Ays\u00e9n.<\/p>\n<p style=\"text-align: justify;\">El director de Dideco de R\u00edo Ib\u00e1\u00f1ez, Fernando Gallardo Pillancari, se\u00f1al\u00f3 respecto a esta importante conmemoraci\u00f3n que \u201ces una fecha especial para nuestros vecinos de Villa Cerro Castillo. Por ello, ha sido clave la participaci\u00f3n de la comunidad local para desarrollar un evento significativo, que busca resaltar el legado de nuestros pioneros y el gran potencial tur\u00edstico y productivo de la localidad\u201d.<\/p>\n<p style=\"text-align: justify;\">Cabe destacar que, estas actividades han sido organizadas de manera colaborativa entre la I. Municipalidad de R\u00edo Ib\u00e1\u00f1ez y la Junta de Vecinos N\u00b03 de Villa Cerro Castillo.<\/p>\n<\/div><\/section><\/div><div  style='height:50px' class='hr hr-invisible   avia-builder-el-6  el_after_av_one_full  el_before_av_social_share '><span class='hr-inner ' ><span class='hr-inner-style'><\/span><\/span><\/div><\/p>\n<div  class='av-social-sharing-box  avia-builder-el-7  el_after_av_hr  el_before_av_hr  '><div class='av-share-box'><h5 class='av-share-link-description av-no-toc '>Compartir esta noticia<\/h5><ul class='av-share-box-list noLightbox'><li class='av-share-link av-social-link-facebook' ><a target=\"_blank\" aria-label=\"Compartir en Facebook\" href='https:\/\/www.facebook.com\/sharer.php?u=https:\/\/radiorevelacionfm.cl\/?p=60932&#038;t=Villa%20Cerro%20Castillo%20celebrar%C3%A1%20semana%20aniversario%20con%20actividades%20comunitarias%20y%20nueva%20versi%C3%B3n%20del%20festival%20ranchero' aria-hidden='false' data-av_icon='\ue8f3' data-av_iconfont='entypo-fontello' title='' data-avia-related-tooltip='Compartir en Facebook' rel=\"noopener\"><span class='avia_hidden_link_text'>Compartir en Facebook<\/span><\/a><\/li><li class='av-share-link av-social-link-twitter' ><a target=\"_blank\" aria-label=\"Compartir en Twitter\" href='https:\/\/twitter.com\/share?text=Villa%20Cerro%20Castillo%20celebrar%C3%A1%20semana%20aniversario%20con%20actividades%20comunitarias%20y%20nueva%20versi%C3%B3n%20del%20festival%20ranchero&#038;url=https:\/\/radiorevelacionfm.cl\/?p=60932' aria-hidden='false' data-av_icon='\ue8f1' data-av_iconfont='entypo-fontello' title='' data-avia-related-tooltip='Compartir en Twitter' rel=\"noopener\"><span class='avia_hidden_link_text'>Compartir en Twitter<\/span><\/a><\/li><li class='av-share-link av-social-link-whatsapp' ><a target=\"_blank\" aria-label=\"Compartir en Whatsapp\" href='https:\/\/api.whatsapp.com\/send?text=https:\/\/radiorevelacionfm.cl\/?p=60932' aria-hidden='false' data-av_icon='\uf232' data-av_iconfont='entypo-fontello' title='' data-avia-related-tooltip='Compartir en Whatsapp' rel=\"noopener\"><span class='avia_hidden_link_text'>Compartir en Whatsapp<\/span><\/a><\/li><li class='av-share-link av-social-link-linkedin' ><a target=\"_blank\" aria-label=\"Compartir en LinkedIn\" href='https:\/\/linkedin.com\/shareArticle?mini=true&#038;title=Villa%20Cerro%20Castillo%20celebrar%C3%A1%20semana%20aniversario%20con%20actividades%20comunitarias%20y%20nueva%20versi%C3%B3n%20del%20festival%20ranchero&#038;url=https:\/\/radiorevelacionfm.cl\/?p=60932' aria-hidden='false' data-av_icon='\ue8fc' data-av_iconfont='entypo-fontello' title='' data-avia-related-tooltip='Compartir en LinkedIn' rel=\"noopener\"><span class='avia_hidden_link_text'>Compartir en LinkedIn<\/span><\/a><\/li><li class='av-share-link av-social-link-mail' ><a  aria-label=\"Compartir por correo\" href='mailto:?subject=Villa%20Cerro%20Castillo%20celebrar%C3%A1%20semana%20aniversario%20con%20actividades%20comunitarias%20y%20nueva%20versi%C3%B3n%20del%20festival%20ranchero&#038;body=https:\/\/radiorevelacionfm.cl\/?p=60932' aria-hidden='false' data-av_icon='\ue805' data-av_iconfont='entypo-fontello' title='' data-avia-related-tooltip='Compartir por correo'><span class='avia_hidden_link_text'>Compartir por correo<\/span><\/a><\/li><\/ul><\/div><\/div>\n<div  style='height:50px' class='hr hr-invisible   avia-builder-el-8  el_after_av_social_share  el_before_av_comments_list '><span class='hr-inner ' ><span class='hr-inner-style'><\/span><\/span><\/div>\n<div  class='av-buildercomment  av-blog-meta-html-info-disabled av-blog-meta-tag-disabled  '><\/div>\n","protected":false},"excerpt":{"rendered":"","protected":false},"author":1,"featured_media":60933,"comment_status":"closed","ping_status":"closed","sticky":false,"template":"","format":"standard","meta":{"footnotes":""},"categories":[38],"tags":[],"class_list":["post-60932","post","type-post","status-publish","format-standard","has-post-thumbnail","hentry","category-regional"],"jetpack_featured_media_url":"https:\/\/radiorevelacionfm.cl\/wp-content\/uploads\/2025\/10\/02_EstatuaElPioneroVillaCerroCastillo-1-1.jpg","_links":{"self":[{"href":"https:\/\/radiorevelacionfm.cl\/index.php?rest_route=\/wp\/v2\/posts\/60932","targetHints":{"allow":["GET"]}}],"collection":[{"href":"https:\/\/radiorevelacionfm.cl\/index.php?rest_route=\/wp\/v2\/posts"}],"about":[{"href":"https:\/\/radiorevelacionfm.cl\/index.php?rest_route=\/wp\/v2\/types\/post"}],"author":[{"embeddable":true,"href":"https:\/\/radiorevelacionfm.cl\/index.php?rest_route=\/wp\/v2\/users\/1"}],"replies":[{"embeddable":true,"href":"https:\/\/radiorevelacionfm.cl\/index.php?rest_route=%2Fwp%2Fv2%2Fcomments&post=60932"}],"version-history":[{"count":2,"href":"https:\/\/radiorevelacionfm.cl\/index.php?rest_route=\/wp\/v2\/posts\/60932\/revisions"}],"predecessor-version":[{"id":60943,"href":"https:\/\/radiorevelacionfm.cl\/index.php?rest_route=\/wp\/v2\/posts\/60932\/revisions\/60943"}],"wp:featuredmedia":[{"embeddable":true,"href":"https:\/\/radiorevelacionfm.cl\/index.php?rest_route=\/wp\/v2\/media\/60933"}],"wp:attachment":[{"href":"https:\/\/radiorevelacionfm.cl\/index.php?rest_route=%2Fwp%2Fv2%2Fmedia&parent=60932"}],"wp:term":[{"taxonomy":"category","embeddable":true,"href":"https:\/\/radiorevelacionfm.cl\/index.php?rest_route=%2Fwp%2Fv2%2Fcategories&post=60932"},{"taxonomy":"post_tag","embeddable":true,"href":"https:\/\/radiorevelacionfm.cl\/index.php?rest_route=%2Fwp%2Fv2%2Ftags&post=60932"}],"curies":[{"name":"wp","href":"https:\/\/api.w.org\/{rel}","templated":true}]}}