{"id":60928,"date":"2025-10-30T09:08:57","date_gmt":"2025-10-30T12:08:57","guid":{"rendered":"https:\/\/radiorevelacionfm.cl\/?p=60928"},"modified":"2025-10-30T09:08:57","modified_gmt":"2025-10-30T12:08:57","slug":"acmu-pitipalena-anihue-avanza-revision-participativa-de-plan-de-manejo","status":"publish","type":"post","link":"https:\/\/radiorevelacionfm.cl\/?p=60928","title":{"rendered":"ACMU Pitipalena-A\u00f1ihu\u00e9: Avanza revisi\u00f3n participativa de Plan de Manejo"},"content":{"rendered":"<div class=\"flex_column av_one_full  flex_column_div av-zero-column-padding first  avia-builder-el-0  el_before_av_one_full  avia-builder-el-first  \" style='border-radius:0px; '><div  class='avia-image-container  av-styling-    avia-builder-el-1  avia-builder-el-no-sibling  avia-align-center '  itemprop=\"image\" itemscope=\"itemscope\" itemtype=\"https:\/\/schema.org\/ImageObject\"  ><div class='avia-image-container-inner'><div class='avia-image-overlay-wrap'><img decoding=\"async\" class='wp-image-60929 avia-img-lazy-loading-not-60929 avia_image' src=\"https:\/\/radiorevelacionfm.cl\/wp-content\/uploads\/2025\/10\/20251016_180952-1_optimized.jpg\" alt='' title='20251016_180952-(1)_optimized' height=\"600\" width=\"1066\"  itemprop=\"thumbnailUrl\" srcset=\"https:\/\/radiorevelacionfm.cl\/wp-content\/uploads\/2025\/10\/20251016_180952-1_optimized.jpg 1066w, https:\/\/radiorevelacionfm.cl\/wp-content\/uploads\/2025\/10\/20251016_180952-1_optimized-300x169.jpg 300w, https:\/\/radiorevelacionfm.cl\/wp-content\/uploads\/2025\/10\/20251016_180952-1_optimized-1030x580.jpg 1030w, https:\/\/radiorevelacionfm.cl\/wp-content\/uploads\/2025\/10\/20251016_180952-1_optimized-768x432.jpg 768w, https:\/\/radiorevelacionfm.cl\/wp-content\/uploads\/2025\/10\/20251016_180952-1_optimized-705x397.jpg 705w, https:\/\/radiorevelacionfm.cl\/wp-content\/uploads\/2025\/10\/20251016_180952-1_optimized-450x253.jpg 450w, https:\/\/radiorevelacionfm.cl\/wp-content\/uploads\/2025\/10\/20251016_180952-1_optimized-600x338.jpg 600w\" sizes=\"(max-width: 1066px) 100vw, 1066px\" \/><\/div><\/div><\/div><\/div><div class=\"flex_column av_one_full  flex_column_div av-zero-column-padding first  avia-builder-el-2  el_after_av_one_full  el_before_av_one_full  column-top-margin\" style='border-radius:0px; '><section class=\"av_textblock_section \"  itemscope=\"itemscope\" itemtype=\"https:\/\/schema.org\/BlogPosting\" itemprop=\"blogPost\" ><div class='avia_textblock  '   itemprop=\"text\" ><p style=\"text-align: center;\"><strong><span style=\"font-size: 18pt;\">ACMU Pitipalena-A\u00f1ihu\u00e9: Avanza revisi\u00f3n participativa de Plan de Manejo<\/span><\/strong><\/p>\n<div id=\"gtx-trans\" style=\"position: absolute; left: -50px; top: 4.31534px;\">\n<div class=\"gtx-trans-icon\"><\/div>\n<\/div>\n<\/div><\/section><\/div><div class=\"flex_column av_one_full  flex_column_div av-zero-column-padding first  avia-builder-el-4  el_after_av_one_full  el_before_av_hr  column-top-margin\" style='border-radius:0px; '><section class=\"av_textblock_section \"  itemscope=\"itemscope\" itemtype=\"https:\/\/schema.org\/BlogPosting\" itemprop=\"blogPost\" ><div class='avia_textblock  '   itemprop=\"text\" ><p style=\"text-align: justify;\">Con una serie de encuentros de trabajo que congregaron a representantes de diversos sectores de la comunidad de Ra\u00fal Mar\u00edn Balmaceda, sigue adelante el proceso de revisi\u00f3n del Plan de Manejo del \u00c1rea de Conservaci\u00f3n de M\u00faltiples Usos (ACMU) Pitipalena-A\u00f1ihu\u00e9.<\/p>\n<p style=\"text-align: justify;\">La actualizaci\u00f3n del Plan de Manejo es una acci\u00f3n priorizada por la Seremi del Medio Ambiente y la comunidad de Ra\u00fal Mar\u00edn Balmaceda, que gracias al trabajo del Fondo Naturaleza Chile, con financiamiento del Banco de Desarrollo de Am\u00e9rica Latina y el Caribe (CAF), y acompa\u00f1amiento t\u00e9cnico de WWF Chile, organizaci\u00f3n que ha trabajado en el \u00e1rea desde 2015, avanza en tierra derecha a convertirse en el primer Plan De Manejo Actualizado de un \u00c1rea de Conservaci\u00f3n\u00a0en\u00a0Chile.<\/p>\n<p style=\"text-align: justify;\">En espec\u00edfico, se trat\u00f3 de tres talleres de conceptualizaci\u00f3n y un cuarto enfocado en el consenso y validaci\u00f3n de los resultados logrados en cada instancia previa, los cuales fueron facilitados por \u00d3scar Maldonado, coach guatemalteco experto en\u00a0la metodolog\u00eda de los Est\u00e1ndares Abiertos para la Pr\u00e1ctica de la Conservaci\u00f3n. Junto a \u00e9l, participaron profesionales de la Seremi del Medio Ambiente, del Fondo Naturaleza Chile y WWF Chile.<\/p>\n<p style=\"text-align: justify;\">Los resultados fueron luego presentados en Coyhaique ante representantes de servicios p\u00fablicos que son parte del consejo local de gesti\u00f3n del ACMU, como el Gobierno Regional, Subsecretar\u00eda de Pesca (Subpesca), Servicio Nacional de Pesca y Acuicultura (Sernapesca), Corporaci\u00f3n Nacional Forestal (CONAF), Servicio Nacional de Turismo (Sernatur) y el propio MMA.<\/p>\n<p style=\"text-align: justify;\">\u201cLa comunidad tuvo una participaci\u00f3n particularmente activa en la generaci\u00f3n de ideas\u201d destac\u00f3 Maldonado, explicando que esta visi\u00f3n local es distinta en algunos aspectos a la que tienen los servicios p\u00fablicos, \u201cpero la idea es seguir construyendo con estas dos perspectivas para lograr un Plan de Manejo exitoso en su implementaci\u00f3n\u201d. De este modo, se seguir\u00e1 avanzando en este proceso en noviembre, con la realizaci\u00f3n de talleres de dise\u00f1o estrat\u00e9gico.<\/p>\n<p style=\"text-align: justify;\">\u201cParticipamos gran parte de la comunidad, lo que tiene una importancia tremenda porque al final aqu\u00ed nadie puede quedar ajeno a lo que est\u00e1 pasando, y tiene que estar respaldado por toda la comunidad (\u2026) Se ha hecho una invitaci\u00f3n amplia para que todos participen y hemos tenido una buena respuesta\u201d, coment\u00f3 Kurt Klein, representante de la C\u00e1mara de Turismo de Ra\u00fal Mar\u00edn Balmaceda y presidente del Sindicato de Pescadores. Respecto al trabajo liderado por el Ministerio del Medio Ambiente, en colaboraci\u00f3n con Fondo Naturaleza Chile y WWF, el dirigente relev\u00f3 que \u201cha sido una pega ardua que la han desarrollado de muy buena manera, han logrado alinear a todos los entes pertinentes de Ra\u00fal Mar\u00edn Balmaceda donde todos estamos al final tirando la carreta para el mismo lado, llegando a consensos, para que el d\u00eda de ma\u00f1ana este plan de manejo sea hecho por todos los marinenses y validado por todos\u201d, agreg\u00f3.<\/p>\n<p style=\"text-align: justify;\">Por su parte, el seremi del Medio Ambiente, Yoal D\u00edaz, indic\u00f3 que \u201cla actualizaci\u00f3n del Plan de Manejo del ACMU Pitipalena- A\u00f1ihu\u00e9 es un paso importante en nuestra regi\u00f3n porque es un instrumento que ya fue probado en el territorio, que tiene una actualizaci\u00f3n que mira las perspectivas nuevas que tenemos tambi\u00e9n en la realidad territorial de Ra\u00fal Mar\u00edn Balmaceda. En ese sentido para el MMA es un gran desaf\u00edo generar un instrumento que sea innovador y con pertinencia territorial, y que eso tambi\u00e9n sea una forma de llegar m\u00e1s lejos con el trabajo que se hace en Pitipalena-A\u00f1ihu\u00e9\u201d.<\/p>\n<p style=\"text-align: justify;\">\u201cLa comunidad est\u00e1 muy interesada en este proceso porque los distintos sectores productivos y grupos de inter\u00e9s que hay en la comunidad tienen distintos usos de esta \u00e1rea marina protegida. As\u00ed que hemos tenido instancias espec\u00edficas para cada grupo y tambi\u00e9n otras ampliadas. Vinimos a hacer los primeros talleres en septiembre y vamos a seguir realiz\u00e1ndolo hasta abril, as\u00ed que van a haber muchas m\u00e1s instancias de participaci\u00f3n con la comunidad\u201d, explic\u00f3 Carla Germani, coordinadora del Programa de \u00c1reas Marinas Protegidas del Fondo Naturaleza Chile.<\/p>\n<p style=\"text-align: justify;\"><strong>Experiencia pionera en Chile <\/strong><\/p>\n<p style=\"text-align: justify;\">La actualizaci\u00f3n del Plan de Manejo del ACMU Pitipalena-A\u00f1ihu\u00e9 marca un nuevo hito en esta experiencia pionera de conservaci\u00f3n participativa en Chile. El primer plan, aprobado en 2020, se caracteriz\u00f3 por su enfoque comunitario, y su revisi\u00f3n quinquenal busca fortalecer la gesti\u00f3n del \u00e1rea, incorporar aprendizajes y responder a los nuevos desaf\u00edos socioambientales del territorio y su ecosistema.<\/p>\n<p style=\"text-align: justify;\">\u201cEste proceso es muy importante, no solo para el \u00e1rea marina protegida, sino que tambi\u00e9n como el primer proceso de actualizaci\u00f3n que va a entrar a revisi\u00f3n al Servicio de Biodiversidad y \u00c1reas Protegidas (SBAP). Por lo tanto, todo lo que estamos haciendo hoy, aprendiendo de las lecciones que tuvimos en el proceso pasado y enfoc\u00e1ndonos en el nuevo contexto local donde hay nuevos actores, como los puyeros, y en esta nueva institucionalidad, va a ser un proceso de aprendizaje clave para esta y las dem\u00e1s \u00e1reas marinas protegidas del pa\u00eds\u201d, se\u00f1al\u00f3 Mar\u00eda Elisa Arroyo, Coordinadora de \u00c1reas Protegidas de WWF Chile.<\/p>\n<p style=\"text-align: justify;\">En la misma l\u00ednea, el director regional de Subpesca, Blas Quiroga, sostuvo que esta ACMU es un ejemplo \u00fanico en Chile, por lo cual la actual etapa de revisi\u00f3n cobra una gran relevancia a nivel regional. \u201cEstamos todos involucrados para llegar a establecer un Plan de Manejo que responda a las necesidades de la comunidad que est\u00e1 m\u00e1s cercana al ACMU, y a su propia realidad. Tambi\u00e9n estamos en el trabajo que se est\u00e1 haciendo en conjunto determinando cu\u00e1les son los objetos de conservaci\u00f3n, cu\u00e1les son los recursos estrat\u00e9gicos ya sea desde el punto de vista comercial o incluso tur\u00edstico\u201d, indic\u00f3.<\/p>\n<p style=\"text-align: justify;\">\u201cComo Servicio nos parece s\u00faper importante, debido a que el involucrar a las bases, a los servicios p\u00fablicos y establecer di\u00e1logos para saber en qu\u00e9 punto de discusi\u00f3n estamos es relevante; no se puede argumentar si uno no sabe y no tiene todas las cartas de informaci\u00f3n al momento de la toma de decisiones. As\u00ed que como Servicio agradecemos el llamado y estamos dispuestos a seguir trabajando y colaborando desde nuestra \u00e1rea en todo lo que se necesite\u201d, concluy\u00f3 Nicol\u00e1s Leiva, representante de Sernapesca en el taller realizado con los servicios p\u00fablicos.<\/p>\n<\/div><\/section><\/div><div  style='height:50px' class='hr hr-invisible   avia-builder-el-6  el_after_av_one_full  el_before_av_social_share '><span class='hr-inner ' ><span class='hr-inner-style'><\/span><\/span><\/div><\/p>\n<div  class='av-social-sharing-box  avia-builder-el-7  el_after_av_hr  el_before_av_hr  '><div class='av-share-box'><h5 class='av-share-link-description av-no-toc '>Compartir esta noticia<\/h5><ul class='av-share-box-list noLightbox'><li class='av-share-link av-social-link-facebook' ><a target=\"_blank\" aria-label=\"Compartir en Facebook\" href='https:\/\/www.facebook.com\/sharer.php?u=https:\/\/radiorevelacionfm.cl\/?p=60928&#038;t=ACMU%20Pitipalena-A%C3%B1ihu%C3%A9%3A%20Avanza%20revisi%C3%B3n%20participativa%20de%20Plan%20de%20Manejo' aria-hidden='false' data-av_icon='\ue8f3' data-av_iconfont='entypo-fontello' title='' data-avia-related-tooltip='Compartir en Facebook' rel=\"noopener\"><span class='avia_hidden_link_text'>Compartir en Facebook<\/span><\/a><\/li><li class='av-share-link av-social-link-twitter' ><a target=\"_blank\" aria-label=\"Compartir en Twitter\" href='https:\/\/twitter.com\/share?text=ACMU%20Pitipalena-A%C3%B1ihu%C3%A9%3A%20Avanza%20revisi%C3%B3n%20participativa%20de%20Plan%20de%20Manejo&#038;url=https:\/\/radiorevelacionfm.cl\/?p=60928' aria-hidden='false' data-av_icon='\ue8f1' data-av_iconfont='entypo-fontello' title='' data-avia-related-tooltip='Compartir en Twitter' rel=\"noopener\"><span class='avia_hidden_link_text'>Compartir en Twitter<\/span><\/a><\/li><li class='av-share-link av-social-link-whatsapp' ><a target=\"_blank\" aria-label=\"Compartir en Whatsapp\" href='https:\/\/api.whatsapp.com\/send?text=https:\/\/radiorevelacionfm.cl\/?p=60928' aria-hidden='false' data-av_icon='\uf232' data-av_iconfont='entypo-fontello' title='' data-avia-related-tooltip='Compartir en Whatsapp' rel=\"noopener\"><span class='avia_hidden_link_text'>Compartir en Whatsapp<\/span><\/a><\/li><li class='av-share-link av-social-link-linkedin' ><a target=\"_blank\" aria-label=\"Compartir en LinkedIn\" href='https:\/\/linkedin.com\/shareArticle?mini=true&#038;title=ACMU%20Pitipalena-A%C3%B1ihu%C3%A9%3A%20Avanza%20revisi%C3%B3n%20participativa%20de%20Plan%20de%20Manejo&#038;url=https:\/\/radiorevelacionfm.cl\/?p=60928' aria-hidden='false' data-av_icon='\ue8fc' data-av_iconfont='entypo-fontello' title='' data-avia-related-tooltip='Compartir en LinkedIn' rel=\"noopener\"><span class='avia_hidden_link_text'>Compartir en LinkedIn<\/span><\/a><\/li><li class='av-share-link av-social-link-mail' ><a  aria-label=\"Compartir por correo\" href='mailto:?subject=ACMU%20Pitipalena-A%C3%B1ihu%C3%A9%3A%20Avanza%20revisi%C3%B3n%20participativa%20de%20Plan%20de%20Manejo&#038;body=https:\/\/radiorevelacionfm.cl\/?p=60928' aria-hidden='false' data-av_icon='\ue805' data-av_iconfont='entypo-fontello' title='' data-avia-related-tooltip='Compartir por correo'><span class='avia_hidden_link_text'>Compartir por correo<\/span><\/a><\/li><\/ul><\/div><\/div>\n<div  style='height:50px' class='hr hr-invisible   avia-builder-el-8  el_after_av_social_share  el_before_av_comments_list '><span class='hr-inner ' ><span class='hr-inner-style'><\/span><\/span><\/div>\n<div  class='av-buildercomment  av-blog-meta-html-info-disabled av-blog-meta-tag-disabled  '><\/div>\n","protected":false},"excerpt":{"rendered":"","protected":false},"author":1,"featured_media":60929,"comment_status":"closed","ping_status":"closed","sticky":false,"template":"","format":"standard","meta":{"footnotes":""},"categories":[38],"tags":[],"class_list":["post-60928","post","type-post","status-publish","format-standard","has-post-thumbnail","hentry","category-regional"],"jetpack_featured_media_url":"https:\/\/radiorevelacionfm.cl\/wp-content\/uploads\/2025\/10\/20251016_180952-1_optimized.jpg","_links":{"self":[{"href":"https:\/\/radiorevelacionfm.cl\/index.php?rest_route=\/wp\/v2\/posts\/60928","targetHints":{"allow":["GET"]}}],"collection":[{"href":"https:\/\/radiorevelacionfm.cl\/index.php?rest_route=\/wp\/v2\/posts"}],"about":[{"href":"https:\/\/radiorevelacionfm.cl\/index.php?rest_route=\/wp\/v2\/types\/post"}],"author":[{"embeddable":true,"href":"https:\/\/radiorevelacionfm.cl\/index.php?rest_route=\/wp\/v2\/users\/1"}],"replies":[{"embeddable":true,"href":"https:\/\/radiorevelacionfm.cl\/index.php?rest_route=%2Fwp%2Fv2%2Fcomments&post=60928"}],"version-history":[{"count":2,"href":"https:\/\/radiorevelacionfm.cl\/index.php?rest_route=\/wp\/v2\/posts\/60928\/revisions"}],"predecessor-version":[{"id":60950,"href":"https:\/\/radiorevelacionfm.cl\/index.php?rest_route=\/wp\/v2\/posts\/60928\/revisions\/60950"}],"wp:featuredmedia":[{"embeddable":true,"href":"https:\/\/radiorevelacionfm.cl\/index.php?rest_route=\/wp\/v2\/media\/60929"}],"wp:attachment":[{"href":"https:\/\/radiorevelacionfm.cl\/index.php?rest_route=%2Fwp%2Fv2%2Fmedia&parent=60928"}],"wp:term":[{"taxonomy":"category","embeddable":true,"href":"https:\/\/radiorevelacionfm.cl\/index.php?rest_route=%2Fwp%2Fv2%2Fcategories&post=60928"},{"taxonomy":"post_tag","embeddable":true,"href":"https:\/\/radiorevelacionfm.cl\/index.php?rest_route=%2Fwp%2Fv2%2Ftags&post=60928"}],"curies":[{"name":"wp","href":"https:\/\/api.w.org\/{rel}","templated":true}]}}