{"id":60925,"date":"2025-10-30T09:30:30","date_gmt":"2025-10-30T12:30:30","guid":{"rendered":"https:\/\/radiorevelacionfm.cl\/?p=60925"},"modified":"2025-10-30T09:30:30","modified_gmt":"2025-10-30T12:30:30","slug":"ampliacion-hotel-diego-de-almagro-100-personas-aproximadamente-estan-trabajando-en-la-obra-que-apuesta-por-el-turismo-regional-con-una-inversion-cercana-a-los-10-millones-de-dolares","status":"publish","type":"post","link":"https:\/\/radiorevelacionfm.cl\/?p=60925","title":{"rendered":"Ampliaci\u00f3n Hotel Diego de Almagro: 100 personas aproximadamente est\u00e1n trabajando en la obra que apuesta por el turismo regional con una inversi\u00f3n cercana a los 10 millones de d\u00f3lares"},"content":{"rendered":"<div class=\"flex_column av_one_full  flex_column_div av-zero-column-padding first  avia-builder-el-0  el_before_av_one_full  avia-builder-el-first  \" style='border-radius:0px; '><div  class='avia-image-container  av-styling-    avia-builder-el-1  avia-builder-el-no-sibling  avia-align-center '  itemprop=\"image\" itemscope=\"itemscope\" itemtype=\"https:\/\/schema.org\/ImageObject\"  ><div class='avia-image-container-inner'><div class='avia-image-overlay-wrap'><img decoding=\"async\" class='wp-image-60926 avia-img-lazy-loading-not-60926 avia_image' src=\"https:\/\/radiorevelacionfm.cl\/wp-content\/uploads\/2025\/10\/visita-obra-hotel-diegodealmagro_oct2025_1-1_optimized-1.jpg\" alt='' title='visita-obra-hotel-diegodealmagro_oct2025_1-(1)_optimized (1)' height=\"600\" width=\"800\"  itemprop=\"thumbnailUrl\" srcset=\"https:\/\/radiorevelacionfm.cl\/wp-content\/uploads\/2025\/10\/visita-obra-hotel-diegodealmagro_oct2025_1-1_optimized-1.jpg 800w, https:\/\/radiorevelacionfm.cl\/wp-content\/uploads\/2025\/10\/visita-obra-hotel-diegodealmagro_oct2025_1-1_optimized-1-300x225.jpg 300w, https:\/\/radiorevelacionfm.cl\/wp-content\/uploads\/2025\/10\/visita-obra-hotel-diegodealmagro_oct2025_1-1_optimized-1-768x576.jpg 768w, https:\/\/radiorevelacionfm.cl\/wp-content\/uploads\/2025\/10\/visita-obra-hotel-diegodealmagro_oct2025_1-1_optimized-1-705x529.jpg 705w, https:\/\/radiorevelacionfm.cl\/wp-content\/uploads\/2025\/10\/visita-obra-hotel-diegodealmagro_oct2025_1-1_optimized-1-450x338.jpg 450w, https:\/\/radiorevelacionfm.cl\/wp-content\/uploads\/2025\/10\/visita-obra-hotel-diegodealmagro_oct2025_1-1_optimized-1-600x450.jpg 600w\" sizes=\"(max-width: 800px) 100vw, 800px\" \/><\/div><\/div><\/div><\/div><div class=\"flex_column av_one_full  flex_column_div av-zero-column-padding first  avia-builder-el-2  el_after_av_one_full  el_before_av_one_full  column-top-margin\" style='border-radius:0px; '><section class=\"av_textblock_section \"  itemscope=\"itemscope\" itemtype=\"https:\/\/schema.org\/BlogPosting\" itemprop=\"blogPost\" ><div class='avia_textblock  '   itemprop=\"text\" ><p style=\"text-align: center;\"><span style=\"font-size: 18pt;\"><b>Ampliaci\u00f3n Hotel Diego de Almagro: 100 personas aproximadamente est\u00e1n trabajando en la obra que apuesta por el turismo regional con una inversi\u00f3n cercana a los 10 millones de d\u00f3lares<\/b><\/span><\/p>\n<div id=\"gtx-trans\" style=\"position: absolute; left: -50px; top: 4.31534px;\">\n<div class=\"gtx-trans-icon\"><\/div>\n<\/div>\n<\/div><\/section><\/div><div class=\"flex_column av_one_full  flex_column_div av-zero-column-padding first  avia-builder-el-4  el_after_av_one_full  el_before_av_hr  column-top-margin\" style='border-radius:0px; '><section class=\"av_textblock_section \"  itemscope=\"itemscope\" itemtype=\"https:\/\/schema.org\/BlogPosting\" itemprop=\"blogPost\" ><div class='avia_textblock  '   itemprop=\"text\" ><p style=\"font-weight: 400; text-align: justify;\"><em>M\u00e1s del 50% de ejecuci\u00f3n tiene la obra, en un edificio de 6 pisos y subterr\u00e1neo, el cual tendr\u00e1 90 habitaciones m\u00e1s, las que se sumar\u00e1n a las 90 existentes en el hotel actualmente.<\/em><\/p>\n<p style=\"font-weight: 400; text-align: justify;\">Al llegar a Coyhaique desde su entrada sur se ve instalada una gr\u00faa y un edificio que se asoma detr\u00e1s del Hotel Diego de Almagro. Se trata de la ampliaci\u00f3n del hotel, que contar\u00e1 con 90 habitaciones, subterr\u00e1neo y sal\u00f3n de eventos. El Seremi(s) del Trabajo y Previsi\u00f3n Social, Rodrigo D\u00edaz Cordaro realiz\u00f3 una visita en terreno a la obra, recorriendo la construcci\u00f3n junto al director regional de la Direcci\u00f3n del Trabajo, Christian Aros Troncoso, al jefe de la oficina de la Inspecci\u00f3n Provincial de Coyhaique, \u00d3scar Avenda\u00f1o Torres y coordinar inspectivo, quienes fueron recibidos por los encargados de la obra, explicando sus detalles con planos y posteriormente, en la misma obra.<\/p>\n<p style=\"font-weight: 400; text-align: justify;\">Luego del recorrido, el Seremi(s) del Trabajo y Previsi\u00f3n Social, Rodrigo D\u00edaz Cordaro, destac\u00f3 la inversi\u00f3n privada que se une a la inversi\u00f3n p\u00fablica de las carteras de MOP y MINVU, las cuales han impulsado el \u00e1mbito de la construcci\u00f3n y, por consiguiente, del empleo, \u201cHoy d\u00eda hemos recorrido esta obra privada, la ampliaci\u00f3n del Hotel Diego de Almagro, que est\u00e1 aportando con casi 100 empleos en la obra. Reconocer este esfuerzo privado que est\u00e1 impulsando las obras en la regi\u00f3n, as\u00ed como tambi\u00e9n lo hace el sector p\u00fablico. Esta es una gran obra, la inversi\u00f3n son aproximadamente 10 millones de d\u00f3lares, que va a ser un impulso para el turismo en la regi\u00f3n, as\u00ed que muy contento de haber podido recorrer esta obra y agradecer el apoyo de la gerencia del Diego de Almagro, que nos permiti\u00f3 visitarla con el director regional del Trabajo y todo su equipo\u201d.<\/p>\n<p style=\"font-weight: 400; text-align: justify;\">Por su parte, Christian Aros, director regional del Trabajo, mencion\u00f3 sobre la visita, \u201cEn el mes del Trabajo Decente vinimos como Direcci\u00f3n del Trabajo, como Inspecci\u00f3n Provincial del Trabajo de Coyhaique, en conjunto con nuestro Seremi del Trabajo a visitar esta importante obra, la ampliaci\u00f3n del Hotel Diego de Almagro aqu\u00ed en Coyhaique. Nosotros hemos estado constantemente fiscalizando la obra, hasta el minuto se ha desarrollado sin mayores inconvenientes y esperamos que contin\u00fae as\u00ed hasta su t\u00e9rmino\u201d.<\/p>\n<p style=\"font-weight: 400; text-align: justify;\">Con respecto a las especificaciones de la construcci\u00f3n, el administrador Claudio Moraga detall\u00f3, \u201cEste es un edificio de hotel, tiene 90 habitaciones, es un edificio de altura de 6 pisos y un subterr\u00e1neo. Tiene 32 estacionamientos en el subterr\u00e1neo, 45 estacionamientos de superficie, en el piso 1 est\u00e1 el hall, lo que es el sal\u00f3n, restaurant, cocina y del piso 2 hacia el piso 6 tenemos las 90 habitaciones que les coment\u00e9. Aqu\u00ed trabajan actualmente 96 personas, entre subcontrato y la empresa principal, y pretendemos avanzar o tener esta obra funcionando, en marzo del a\u00f1o 2026. Y en esa fecha ya debi\u00e9semos estar comenzando a adosarnos al edificio antiguo, porque estamos trabajando del cerco hacia atr\u00e1s, despu\u00e9s de eso viene la segunda etapa, que es adosarnos al edificio antiguo, conectarnos y poder unir el complejo\u201d. De esta manera la obra, parte de\u00a0Comercial Successo Ltda., aumentar\u00eda al doble la cantidad de camas disponibles del hotel.<\/p>\n<p style=\"font-weight: 400; text-align: justify;\">De quienes est\u00e1n trabajando en estos momentos en la obra, aproximadamente el 40% son habitantes de la regi\u00f3n. La presidenta del Comit\u00e9 Paritario de Higiene y Seguridad, Tomasa Caicedo Arboleda, acompa\u00f1\u00f3 a las autoridades en el recorrido, comentando, \u201cA m\u00ed me parece que es s\u00faper buena esta obra. \u00bfPorqu\u00e9 raz\u00f3n? Primero que todo gener\u00f3 acceso al trabajo a las personas y es una obra muy importante, para que las personas tengan donde alejarse y pues, es como un ingreso m\u00e1s que todo de trabajo tambi\u00e9n para las personas de ac\u00e1 de la regi\u00f3n y de muchos lados\u201d.<\/p>\n<p style=\"font-weight: 400; text-align: justify;\">Tanto el Seremi(s) D\u00edaz Cordaro como el director Aros Troncoso destacaron la formalidad de los contratos de trabajo que entregan las empresas que est\u00e1n participando de esta construcci\u00f3n, lo que representa el impulso de trabajo decente, con seguridad social y estabilidad.<\/p>\n<\/div><\/section><\/div><div  style='height:50px' class='hr hr-invisible   avia-builder-el-6  el_after_av_one_full  el_before_av_social_share '><span class='hr-inner ' ><span class='hr-inner-style'><\/span><\/span><\/div><\/p>\n<div  class='av-social-sharing-box  avia-builder-el-7  el_after_av_hr  el_before_av_hr  '><div class='av-share-box'><h5 class='av-share-link-description av-no-toc '>Compartir esta noticia<\/h5><ul class='av-share-box-list noLightbox'><li class='av-share-link av-social-link-facebook' ><a target=\"_blank\" aria-label=\"Compartir en Facebook\" href='https:\/\/www.facebook.com\/sharer.php?u=https:\/\/radiorevelacionfm.cl\/?p=60925&#038;t=Ampliaci%C3%B3n%20Hotel%20Diego%20de%20Almagro%3A%20100%20personas%20aproximadamente%20est%C3%A1n%20trabajando%20en%20la%20obra%20que%20apuesta%20por%20el%20turismo%20regional%20con%20una%20inversi%C3%B3n%20cercana%20a%20los%2010%20millones%20de%20d%C3%B3lares' aria-hidden='false' data-av_icon='\ue8f3' data-av_iconfont='entypo-fontello' title='' data-avia-related-tooltip='Compartir en Facebook' rel=\"noopener\"><span class='avia_hidden_link_text'>Compartir en Facebook<\/span><\/a><\/li><li class='av-share-link av-social-link-twitter' ><a target=\"_blank\" aria-label=\"Compartir en Twitter\" href='https:\/\/twitter.com\/share?text=Ampliaci%C3%B3n%20Hotel%20Diego%20de%20Almagro%3A%20100%20personas%20aproximadamente%20est%C3%A1n%20trabajando%20en%20la%20obra%20que%20apuesta%20por%20el%20turismo%20regional%20con%20una%20inversi%C3%B3n%20cercana%20a%20los%2010%20millones%20de%20d%C3%B3lares&#038;url=https:\/\/radiorevelacionfm.cl\/?p=60925' aria-hidden='false' data-av_icon='\ue8f1' data-av_iconfont='entypo-fontello' title='' data-avia-related-tooltip='Compartir en Twitter' rel=\"noopener\"><span class='avia_hidden_link_text'>Compartir en Twitter<\/span><\/a><\/li><li class='av-share-link av-social-link-whatsapp' ><a target=\"_blank\" aria-label=\"Compartir en Whatsapp\" href='https:\/\/api.whatsapp.com\/send?text=https:\/\/radiorevelacionfm.cl\/?p=60925' aria-hidden='false' data-av_icon='\uf232' data-av_iconfont='entypo-fontello' title='' data-avia-related-tooltip='Compartir en Whatsapp' rel=\"noopener\"><span class='avia_hidden_link_text'>Compartir en Whatsapp<\/span><\/a><\/li><li class='av-share-link av-social-link-linkedin' ><a target=\"_blank\" aria-label=\"Compartir en LinkedIn\" href='https:\/\/linkedin.com\/shareArticle?mini=true&#038;title=Ampliaci%C3%B3n%20Hotel%20Diego%20de%20Almagro%3A%20100%20personas%20aproximadamente%20est%C3%A1n%20trabajando%20en%20la%20obra%20que%20apuesta%20por%20el%20turismo%20regional%20con%20una%20inversi%C3%B3n%20cercana%20a%20los%2010%20millones%20de%20d%C3%B3lares&#038;url=https:\/\/radiorevelacionfm.cl\/?p=60925' aria-hidden='false' data-av_icon='\ue8fc' data-av_iconfont='entypo-fontello' title='' data-avia-related-tooltip='Compartir en LinkedIn' rel=\"noopener\"><span class='avia_hidden_link_text'>Compartir en LinkedIn<\/span><\/a><\/li><li class='av-share-link av-social-link-mail' ><a  aria-label=\"Compartir por correo\" href='mailto:?subject=Ampliaci%C3%B3n%20Hotel%20Diego%20de%20Almagro%3A%20100%20personas%20aproximadamente%20est%C3%A1n%20trabajando%20en%20la%20obra%20que%20apuesta%20por%20el%20turismo%20regional%20con%20una%20inversi%C3%B3n%20cercana%20a%20los%2010%20millones%20de%20d%C3%B3lares&#038;body=https:\/\/radiorevelacionfm.cl\/?p=60925' aria-hidden='false' data-av_icon='\ue805' data-av_iconfont='entypo-fontello' title='' data-avia-related-tooltip='Compartir por correo'><span class='avia_hidden_link_text'>Compartir por correo<\/span><\/a><\/li><\/ul><\/div><\/div>\n<div  style='height:50px' class='hr hr-invisible   avia-builder-el-8  el_after_av_social_share  el_before_av_comments_list '><span class='hr-inner ' ><span class='hr-inner-style'><\/span><\/span><\/div>\n<div  class='av-buildercomment  av-blog-meta-html-info-disabled av-blog-meta-tag-disabled  '><\/div>\n","protected":false},"excerpt":{"rendered":"","protected":false},"author":1,"featured_media":60926,"comment_status":"closed","ping_status":"closed","sticky":false,"template":"","format":"standard","meta":{"footnotes":""},"categories":[56],"tags":[],"class_list":["post-60925","post","type-post","status-publish","format-standard","has-post-thumbnail","hentry","category-trabajo"],"jetpack_featured_media_url":"https:\/\/radiorevelacionfm.cl\/wp-content\/uploads\/2025\/10\/visita-obra-hotel-diegodealmagro_oct2025_1-1_optimized-1.jpg","_links":{"self":[{"href":"https:\/\/radiorevelacionfm.cl\/index.php?rest_route=\/wp\/v2\/posts\/60925","targetHints":{"allow":["GET"]}}],"collection":[{"href":"https:\/\/radiorevelacionfm.cl\/index.php?rest_route=\/wp\/v2\/posts"}],"about":[{"href":"https:\/\/radiorevelacionfm.cl\/index.php?rest_route=\/wp\/v2\/types\/post"}],"author":[{"embeddable":true,"href":"https:\/\/radiorevelacionfm.cl\/index.php?rest_route=\/wp\/v2\/users\/1"}],"replies":[{"embeddable":true,"href":"https:\/\/radiorevelacionfm.cl\/index.php?rest_route=%2Fwp%2Fv2%2Fcomments&post=60925"}],"version-history":[{"count":2,"href":"https:\/\/radiorevelacionfm.cl\/index.php?rest_route=\/wp\/v2\/posts\/60925\/revisions"}],"predecessor-version":[{"id":60954,"href":"https:\/\/radiorevelacionfm.cl\/index.php?rest_route=\/wp\/v2\/posts\/60925\/revisions\/60954"}],"wp:featuredmedia":[{"embeddable":true,"href":"https:\/\/radiorevelacionfm.cl\/index.php?rest_route=\/wp\/v2\/media\/60926"}],"wp:attachment":[{"href":"https:\/\/radiorevelacionfm.cl\/index.php?rest_route=%2Fwp%2Fv2%2Fmedia&parent=60925"}],"wp:term":[{"taxonomy":"category","embeddable":true,"href":"https:\/\/radiorevelacionfm.cl\/index.php?rest_route=%2Fwp%2Fv2%2Fcategories&post=60925"},{"taxonomy":"post_tag","embeddable":true,"href":"https:\/\/radiorevelacionfm.cl\/index.php?rest_route=%2Fwp%2Fv2%2Ftags&post=60925"}],"curies":[{"name":"wp","href":"https:\/\/api.w.org\/{rel}","templated":true}]}}