{"id":60921,"date":"2025-10-29T18:27:10","date_gmt":"2025-10-29T21:27:10","guid":{"rendered":"https:\/\/radiorevelacionfm.cl\/?p=60921"},"modified":"2025-10-29T18:27:10","modified_gmt":"2025-10-29T21:27:10","slug":"cochrane-despide-octubre-celebrando-la-sabiduria-y-legado-de-sus-personas-mayores","status":"publish","type":"post","link":"https:\/\/radiorevelacionfm.cl\/?p=60921","title":{"rendered":"Cochrane despide octubre celebrando la sabidur\u00eda y legado de sus personas mayores"},"content":{"rendered":"<div class=\"flex_column av_one_full  flex_column_div av-zero-column-padding first  avia-builder-el-0  el_before_av_one_full  avia-builder-el-first  \" style='border-radius:0px; '><div  class='avia-image-container  av-styling-    avia-builder-el-1  avia-builder-el-no-sibling  avia-align-center '  itemprop=\"image\" itemscope=\"itemscope\" itemtype=\"https:\/\/schema.org\/ImageObject\"  ><div class='avia-image-container-inner'><div class='avia-image-overlay-wrap'><img decoding=\"async\" class='wp-image-60922 avia-img-lazy-loading-not-60922 avia_image' src=\"https:\/\/radiorevelacionfm.cl\/wp-content\/uploads\/2025\/10\/mes-personas-mayores_cochrane-8-1_optimized.jpg\" alt='' title='mes-personas-mayores_cochrane-(8)-(1)_optimized' height=\"600\" width=\"800\"  itemprop=\"thumbnailUrl\" srcset=\"https:\/\/radiorevelacionfm.cl\/wp-content\/uploads\/2025\/10\/mes-personas-mayores_cochrane-8-1_optimized.jpg 800w, https:\/\/radiorevelacionfm.cl\/wp-content\/uploads\/2025\/10\/mes-personas-mayores_cochrane-8-1_optimized-300x225.jpg 300w, https:\/\/radiorevelacionfm.cl\/wp-content\/uploads\/2025\/10\/mes-personas-mayores_cochrane-8-1_optimized-768x576.jpg 768w, https:\/\/radiorevelacionfm.cl\/wp-content\/uploads\/2025\/10\/mes-personas-mayores_cochrane-8-1_optimized-705x529.jpg 705w, https:\/\/radiorevelacionfm.cl\/wp-content\/uploads\/2025\/10\/mes-personas-mayores_cochrane-8-1_optimized-450x338.jpg 450w, https:\/\/radiorevelacionfm.cl\/wp-content\/uploads\/2025\/10\/mes-personas-mayores_cochrane-8-1_optimized-600x450.jpg 600w\" sizes=\"(max-width: 800px) 100vw, 800px\" \/><\/div><\/div><\/div><\/div><div class=\"flex_column av_one_full  flex_column_div av-zero-column-padding first  avia-builder-el-2  el_after_av_one_full  el_before_av_one_full  column-top-margin\" style='border-radius:0px; '><section class=\"av_textblock_section \"  itemscope=\"itemscope\" itemtype=\"https:\/\/schema.org\/BlogPosting\" itemprop=\"blogPost\" ><div class='avia_textblock  '   itemprop=\"text\" ><p style=\"text-align: center;\"><strong><span style=\"font-size: 18pt;\">Cochrane despide octubre celebrando la sabidur\u00eda y legado de sus personas mayores<\/span><\/strong><\/p>\n<div id=\"gtx-trans\" style=\"position: absolute; left: -50px; top: 4.31534px;\">\n<div class=\"gtx-trans-icon\"><\/div>\n<\/div>\n<\/div><\/section><\/div><div class=\"flex_column av_one_full  flex_column_div av-zero-column-padding first  avia-builder-el-4  el_after_av_one_full  el_before_av_hr  column-top-margin\" style='border-radius:0px; '><section class=\"av_textblock_section \"  itemscope=\"itemscope\" itemtype=\"https:\/\/schema.org\/BlogPosting\" itemprop=\"blogPost\" ><div class='avia_textblock  '   itemprop=\"text\" ><p style=\"text-align: justify;\">Durante el mes de octubre, la Ilustre Municipalidad de Cochrane, junto a distintos programas municipales y regionales, desarroll\u00f3 una completa agenda de actividades destinadas a homenajear y acompa\u00f1ar a las personas mayores de la comuna, reconociendo su aporte y legado en el desarrollo de la comunidad.<\/p>\n<p style=\"text-align: justify;\">El desayuno de gratitud realizado en el ELEAM dio inicio al mes con una jornada de encuentro y afecto junto a residentes y funcionarios del establecimiento.<\/p>\n<p style=\"text-align: justify;\">Sobre el sentido de estas instancias, el\u00a0alcalde de Cochrane Patricio Ulloa Georgia\u00a0destac\u00f3, \u201cTodo el mes de octubre hemos estado con distintas actividades para reconocer, destacar y tener presente a nuestras personas mayores de la comuna de Cochrane; hombres y mujeres que han forjado esta linda tierra y a quienes, indudablemente, les debemos todo lo que tenemos. Hemos querido generar espacios que mejoren su calidad de vida, y hoy cerramos este mes con un almuerzo, m\u00fasica y alegr\u00eda, como a ellos les gusta. Nos transmiten conocimiento, sabidur\u00eda y ense\u00f1anzas que nos inspiran a seguir guiando el destino de una comuna tan pujante y maravillosa como la nuestra.\u201d<\/p>\n<p style=\"text-align: justify;\">Durante el mes se desarrollaron los Talleres de Pintura al \u00d3leo y Porcelana Fr\u00eda, impulsados por el Programa Red Cultura, adem\u00e1s del Taller del Programa V\u00ednculo, que promovi\u00f3 la creatividad y la expresi\u00f3n art\u00edstica. En paralelo, se realiz\u00f3 el Desayuno de gratitud y afecto a domicilio, que llev\u00f3 compa\u00f1\u00eda y reconocimiento a personas mayores con movilidad reducida.<\/p>\n<p style=\"text-align: justify;\">La\u00a0encargada de la Oficina del Adulto Mayor, Nilda Soto Mansilla, enfatiz\u00f3 la importancia del cuidado y acompa\u00f1amiento, \u201cdebemos cuidar a nuestros adultos mayores. Como municipio lo estamos haciendo, siempre preocupados de ellos, pero tambi\u00e9n es importante la acogida y el cari\u00f1o de la familia. Ellos lucharon por esta tierra cuando todo era dif\u00edcil. Gracias a su esfuerzo hoy tenemos lo que tenemos, y por eso debemos devolverles la mano.\u201d<\/p>\n<p style=\"text-align: justify;\">Dentro de las actividades tambi\u00e9n se desarroll\u00f3 el Bingo del Recuerdo y la jornada \u201cEntrega de amor y sonrisas\u201d en el ELEAM de Cochrane, que reunieron a cuidadores, funcionarios del Programa Red Local de Apoyos y Cuidados y residentes en un ambiente de alegr\u00eda y emoci\u00f3n.<\/p>\n<p style=\"text-align: justify;\">El ciclo \u201cEsta es mi historia\u201d tuvo como protagonista a\u00a0Luisa Galindo Mart\u00ednez, quien comparti\u00f3 su testimonio sobre la llegada a la comuna y su vida como pionera, adem\u00e1s de ser una de las primeras concejales de la comuna, reforzando el valor de la memoria y la identidad local. En la oportunidad, junto a\u00a0Mireya Dom\u00ednguez, ambas destacaron la importancia de mantenerse activas y alegres: \u201cTratemos de estar bien para que as\u00ed acudamos todos los a\u00f1os que podamos a celebrar el mes del adulto mayor. Participamos casi siempre juntas. Estamos en modo paz, tranquilidad y felicidad, porque de acuerdo a nuestro \u00e1nimo va tambi\u00e9n nuestra salud. Y lo mejor es compartir, porque ac\u00e1 la gente es muy cari\u00f1osa y de coraz\u00f3n.\u201d<\/p>\n<p style=\"text-align: justify;\">El cierre del mes se realiz\u00f3 con un almuerzo de camarader\u00eda en el Parque Costumbrista, junto a m\u00fasicos regionales donde m\u00e1s de un centenar de personas mayores disfrutaron de m\u00fasica, actividad f\u00edsica dorada y juegos recreativos organizados por diversos programas sociales, deportivos y culturales.<\/p>\n<p style=\"text-align: justify;\">En la ocasi\u00f3n tambi\u00e9n se anunci\u00f3 que 30 personas mayores viajar\u00e1n pr\u00f3ximamente en el programa \u201cVacaciones Tercera Edad de SERNATUR\u201d, que los llevar\u00e1 a La Junta, Parque Nacional Queulat y Termas El Sauce.<\/p>\n<p style=\"text-align: justify;\">La\u00a0presidenta de la Uni\u00f3n Comunal de Adultos Mayores de Cochrane, Gavi Vel\u00e1squez Cruces,\u00a0expres\u00f3 su gratitud en nombre de los Clubes: \u201cHemos tenido muchas actividades maravillosas, donde revivimos recuerdos y compartimos con alegr\u00eda. Agradecemos a la Municipalidad por habernos tomado en cuenta y reconocido como personas mayores. La edad no es un l\u00edmite: seguimos aprendiendo, ense\u00f1ando y disfrutando cada d\u00eda.\u201d<\/p>\n<p style=\"text-align: justify;\">Como cierre del programa, este mi\u00e9rcoles 30 de octubre se realizar\u00e1 en la Plaza de Armas de Cochrane una exposici\u00f3n de los objetos creados en porcelana fr\u00eda por las personas mayores durante el taller del Programa Red Cultura. En la misma jornada se desarrollar\u00e1 un Taller de Tango, abierto a la comunidad, impulsado por los programas Red Cultura, para quienes deseen aprender y disfrutar de esta experiencia art\u00edstica y social.<\/p>\n<p style=\"text-align: justify;\">Finalmente, el\u00a0alcalde de Cochrane Patricio Ulloa Georgia\u00a0reafirm\u00f3 el compromiso municipal de continuar fortaleciendo los espacios de encuentro, acompa\u00f1amiento y recreaci\u00f3n: \u201cComo municipio seguiremos impulsando iniciativas que fortalezcan el bienestar, la participaci\u00f3n y la calidad de vida de nuestros mayores, porque ellos son y seguir\u00e1n siendo el coraz\u00f3n de nuestra comunidad.\u201d<\/p>\n<\/div><\/section><\/div><div  style='height:50px' class='hr hr-invisible   avia-builder-el-6  el_after_av_one_full  el_before_av_social_share '><span class='hr-inner ' ><span class='hr-inner-style'><\/span><\/span><\/div><\/p>\n<div  class='av-social-sharing-box  avia-builder-el-7  el_after_av_hr  el_before_av_hr  '><div class='av-share-box'><h5 class='av-share-link-description av-no-toc '>Compartir esta noticia<\/h5><ul class='av-share-box-list noLightbox'><li class='av-share-link av-social-link-facebook' ><a target=\"_blank\" aria-label=\"Compartir en Facebook\" href='https:\/\/www.facebook.com\/sharer.php?u=https:\/\/radiorevelacionfm.cl\/?p=60921&#038;t=Cochrane%20despide%20octubre%20celebrando%20la%20sabidur%C3%ADa%20y%20legado%20de%20sus%20personas%20mayores' aria-hidden='false' data-av_icon='\ue8f3' data-av_iconfont='entypo-fontello' title='' data-avia-related-tooltip='Compartir en Facebook' rel=\"noopener\"><span class='avia_hidden_link_text'>Compartir en Facebook<\/span><\/a><\/li><li class='av-share-link av-social-link-twitter' ><a target=\"_blank\" aria-label=\"Compartir en Twitter\" href='https:\/\/twitter.com\/share?text=Cochrane%20despide%20octubre%20celebrando%20la%20sabidur%C3%ADa%20y%20legado%20de%20sus%20personas%20mayores&#038;url=https:\/\/radiorevelacionfm.cl\/?p=60921' aria-hidden='false' data-av_icon='\ue8f1' data-av_iconfont='entypo-fontello' title='' data-avia-related-tooltip='Compartir en Twitter' rel=\"noopener\"><span class='avia_hidden_link_text'>Compartir en Twitter<\/span><\/a><\/li><li class='av-share-link av-social-link-whatsapp' ><a target=\"_blank\" aria-label=\"Compartir en Whatsapp\" href='https:\/\/api.whatsapp.com\/send?text=https:\/\/radiorevelacionfm.cl\/?p=60921' aria-hidden='false' data-av_icon='\uf232' data-av_iconfont='entypo-fontello' title='' data-avia-related-tooltip='Compartir en Whatsapp' rel=\"noopener\"><span class='avia_hidden_link_text'>Compartir en Whatsapp<\/span><\/a><\/li><li class='av-share-link av-social-link-linkedin' ><a target=\"_blank\" aria-label=\"Compartir en LinkedIn\" href='https:\/\/linkedin.com\/shareArticle?mini=true&#038;title=Cochrane%20despide%20octubre%20celebrando%20la%20sabidur%C3%ADa%20y%20legado%20de%20sus%20personas%20mayores&#038;url=https:\/\/radiorevelacionfm.cl\/?p=60921' aria-hidden='false' data-av_icon='\ue8fc' data-av_iconfont='entypo-fontello' title='' data-avia-related-tooltip='Compartir en LinkedIn' rel=\"noopener\"><span class='avia_hidden_link_text'>Compartir en LinkedIn<\/span><\/a><\/li><li class='av-share-link av-social-link-mail' ><a  aria-label=\"Compartir por correo\" href='mailto:?subject=Cochrane%20despide%20octubre%20celebrando%20la%20sabidur%C3%ADa%20y%20legado%20de%20sus%20personas%20mayores&#038;body=https:\/\/radiorevelacionfm.cl\/?p=60921' aria-hidden='false' data-av_icon='\ue805' data-av_iconfont='entypo-fontello' title='' data-avia-related-tooltip='Compartir por correo'><span class='avia_hidden_link_text'>Compartir por correo<\/span><\/a><\/li><\/ul><\/div><\/div>\n<div  style='height:50px' class='hr hr-invisible   avia-builder-el-8  el_after_av_social_share  el_before_av_comments_list '><span class='hr-inner ' ><span class='hr-inner-style'><\/span><\/span><\/div>\n<div  class='av-buildercomment  av-blog-meta-html-info-disabled av-blog-meta-tag-disabled  '><\/div>\n","protected":false},"excerpt":{"rendered":"","protected":false},"author":1,"featured_media":60922,"comment_status":"closed","ping_status":"closed","sticky":false,"template":"","format":"standard","meta":{"footnotes":""},"categories":[38],"tags":[],"class_list":["post-60921","post","type-post","status-publish","format-standard","has-post-thumbnail","hentry","category-regional"],"jetpack_featured_media_url":"https:\/\/radiorevelacionfm.cl\/wp-content\/uploads\/2025\/10\/mes-personas-mayores_cochrane-8-1_optimized.jpg","_links":{"self":[{"href":"https:\/\/radiorevelacionfm.cl\/index.php?rest_route=\/wp\/v2\/posts\/60921","targetHints":{"allow":["GET"]}}],"collection":[{"href":"https:\/\/radiorevelacionfm.cl\/index.php?rest_route=\/wp\/v2\/posts"}],"about":[{"href":"https:\/\/radiorevelacionfm.cl\/index.php?rest_route=\/wp\/v2\/types\/post"}],"author":[{"embeddable":true,"href":"https:\/\/radiorevelacionfm.cl\/index.php?rest_route=\/wp\/v2\/users\/1"}],"replies":[{"embeddable":true,"href":"https:\/\/radiorevelacionfm.cl\/index.php?rest_route=%2Fwp%2Fv2%2Fcomments&post=60921"}],"version-history":[{"count":2,"href":"https:\/\/radiorevelacionfm.cl\/index.php?rest_route=\/wp\/v2\/posts\/60921\/revisions"}],"predecessor-version":[{"id":60924,"href":"https:\/\/radiorevelacionfm.cl\/index.php?rest_route=\/wp\/v2\/posts\/60921\/revisions\/60924"}],"wp:featuredmedia":[{"embeddable":true,"href":"https:\/\/radiorevelacionfm.cl\/index.php?rest_route=\/wp\/v2\/media\/60922"}],"wp:attachment":[{"href":"https:\/\/radiorevelacionfm.cl\/index.php?rest_route=%2Fwp%2Fv2%2Fmedia&parent=60921"}],"wp:term":[{"taxonomy":"category","embeddable":true,"href":"https:\/\/radiorevelacionfm.cl\/index.php?rest_route=%2Fwp%2Fv2%2Fcategories&post=60921"},{"taxonomy":"post_tag","embeddable":true,"href":"https:\/\/radiorevelacionfm.cl\/index.php?rest_route=%2Fwp%2Fv2%2Ftags&post=60921"}],"curies":[{"name":"wp","href":"https:\/\/api.w.org\/{rel}","templated":true}]}}