{"id":60917,"date":"2025-10-29T18:48:02","date_gmt":"2025-10-29T21:48:02","guid":{"rendered":"https:\/\/radiorevelacionfm.cl\/?p=60917"},"modified":"2025-10-29T18:48:02","modified_gmt":"2025-10-29T21:48:02","slug":"mideso-se-reune-con-beneficiarias-de-fondos-conadi-y-fosis-en-islas-huichas-y-cochrane","status":"publish","type":"post","link":"https:\/\/radiorevelacionfm.cl\/?p=60917","title":{"rendered":"Mideso se re\u00fane con beneficiarias de fondos Conadi y Fosis en Islas Huichas y Cochrane"},"content":{"rendered":"<div class=\"flex_column av_one_full  flex_column_div av-zero-column-padding first  avia-builder-el-0  el_before_av_one_full  avia-builder-el-first  \" style='border-radius:0px; '><div  class='avia-image-container  av-styling-    avia-builder-el-1  avia-builder-el-no-sibling  avia-align-center '  itemprop=\"image\" itemscope=\"itemscope\" itemtype=\"https:\/\/schema.org\/ImageObject\"  ><div class='avia-image-container-inner'><div class='avia-image-overlay-wrap'><img decoding=\"async\" class='wp-image-60918 avia-img-lazy-loading-not-60918 avia_image' src=\"https:\/\/radiorevelacionfm.cl\/wp-content\/uploads\/2025\/10\/cochrane-2-2-1_optimized.jpeg\" alt='' title='cochrane-2-(2)-(1)_optimized' height=\"600\" width=\"800\"  itemprop=\"thumbnailUrl\" srcset=\"https:\/\/radiorevelacionfm.cl\/wp-content\/uploads\/2025\/10\/cochrane-2-2-1_optimized.jpeg 800w, https:\/\/radiorevelacionfm.cl\/wp-content\/uploads\/2025\/10\/cochrane-2-2-1_optimized-300x225.jpeg 300w, https:\/\/radiorevelacionfm.cl\/wp-content\/uploads\/2025\/10\/cochrane-2-2-1_optimized-768x576.jpeg 768w, https:\/\/radiorevelacionfm.cl\/wp-content\/uploads\/2025\/10\/cochrane-2-2-1_optimized-705x529.jpeg 705w, https:\/\/radiorevelacionfm.cl\/wp-content\/uploads\/2025\/10\/cochrane-2-2-1_optimized-450x338.jpeg 450w, https:\/\/radiorevelacionfm.cl\/wp-content\/uploads\/2025\/10\/cochrane-2-2-1_optimized-600x450.jpeg 600w\" sizes=\"(max-width: 800px) 100vw, 800px\" \/><\/div><\/div><\/div><\/div><div class=\"flex_column av_one_full  flex_column_div av-zero-column-padding first  avia-builder-el-2  el_after_av_one_full  el_before_av_one_full  column-top-margin\" style='border-radius:0px; '><section class=\"av_textblock_section \"  itemscope=\"itemscope\" itemtype=\"https:\/\/schema.org\/BlogPosting\" itemprop=\"blogPost\" ><div class='avia_textblock  '   itemprop=\"text\" ><p style=\"text-align: center;\"><strong><span style=\"font-size: 18pt;\">Mideso se re\u00fane con beneficiarias de fondos Conadi y Fosis en Islas Huichas y Cochrane<\/span><\/strong><\/p>\n<div id=\"gtx-trans\" style=\"position: absolute; left: -50px; top: 4.31534px;\">\n<div class=\"gtx-trans-icon\"><\/div>\n<\/div>\n<\/div><\/section><\/div><div class=\"flex_column av_one_full  flex_column_div av-zero-column-padding first  avia-builder-el-4  el_after_av_one_full  el_before_av_hr  column-top-margin\" style='border-radius:0px; '><section class=\"av_textblock_section \"  itemscope=\"itemscope\" itemtype=\"https:\/\/schema.org\/BlogPosting\" itemprop=\"blogPost\" ><div class='avia_textblock  '   itemprop=\"text\" ><p style=\"text-align: justify;\">Un recorrido que abarc\u00f3 Caleta Tortel, Cochrane e Islas Huichas es el que realiz\u00f3 la Seremi de Desarrollo Social y Familia Karina Acevedo con el objetivo de visitar a mujeres beneficiarias a trav\u00e9s de fondos del Fosis y Conadi, instancia en la que adem\u00e1s de atender consultas de la comunidad respecto a la oferta program\u00e1tica ministerial.<\/p>\n<p style=\"text-align: justify;\">Es as\u00ed que la autoridad tras la visita a las beneficiarias en Caleta Andrade, Estero Copa y Puerto Aguirre relev\u00f3 \u201cEstuvimos en Islas Huichas visitamos el jard\u00edn infantil, donde tuvimos una jornada de una feria saludable, compartimos con las t\u00edas, con las mam\u00e1s y con los ni\u00f1os, por supuesto, entregamos material de Elige Vivir Sano y lo que hacemos a trav\u00e9s de este programa. Adem\u00e1s, pudimos ver en terreno el trabajo que ha realizado Fosis con mujeres emprendedoras en este territorio y pudimos tambi\u00e9n promover lo que es el Registro Social de Hogares, donde disipamos dudas e invitamos a participar a nuestros programas de emprendimiento. Estamos tremendamente contentos de este d\u00eda laboral que tuvimos en Islas Huichas y nos vamos con tareas que nos encomendaron los vecinos donde esperamos darle pronta respuesta a las consultas de la ciudadan\u00eda a las cuales atendimos\u201d se\u00f1al\u00f3 Karina Acevedo Auad.<\/p>\n<p style=\"text-align: justify;\">Susana Chiguay de Estero Copa pudo mejorar las condiciones de su almac\u00e9n, cambiando luminaria, techumbre y revestimiento \u201cFue un tremendo apoyo que nos dieron con este financiamiento, imag\u00ednese un emprendimiento que tiene m\u00e1s fuerza para seguir adelante, porque a pesar que vivimos en una isla este apoyo que nos dieron nos sirvi\u00f3 bastante, como ha estado mal\u00edsima la situaci\u00f3n ac\u00e1 en Islas Huichas, entonces qu\u00e9 mejor que un impulso. Entonces yo feliz y seguir adelante y con m\u00e1s ganas porque no me la esperaba entonces qu\u00e9 mejor que el impulso para emprendedores\u201d, se\u00f1al\u00f3.<\/p>\n<p style=\"text-align: justify;\">En tanto Margarita Huenten de Puerto Aguirre, inici\u00f3 su emprendimiento con apoyo del Fosis y despu\u00e9s de un tiempo pudo acceder a otros programas que fortalecieron su idea de negocio, es as\u00ed que logr\u00f3 tener una planta de procesos y envasado de productos del mar, la que trabaja junto a sus padres \u201cyo empec\u00e9 de a poquito con Fosis con un proyecto de 450 mil pesos, esos fueron los primeros proyectos que saqu\u00e9 y despu\u00e9s ya fuimos aumentando el monto y sacando nuevos \u00a0proyectos y pudimos implementar una planta de procesos y estamos trabajando junto a mis pap\u00e1s, as\u00ed que estamos felices porque tenemos un espacio f\u00edsico donde podemos trabajar tranquilamente y eso es muy importante\u201d.<\/p>\n<p style=\"text-align: justify;\">Finalmente, en la provincia de Capit\u00e1n Prat y con la presencia de la Delegada Presidencial Provincial Marta Montiel, la seremi de Desarrollo Social y Familia se reuni\u00f3 en Cochrane con Mar\u00eda Francisca Z\u00fa\u00f1iga quien integra la Asociaci\u00f3n Ind\u00edgena Manke y se adjudic\u00f3 el proyecto de Medicina Ind\u00edgena Ancestral por un monto de 5 millones de pesos a trav\u00e9s del Fondo de Patrimonio de Conadi. Al respecto, valor\u00f3 el aporte que permitir\u00e1 fortalecer los conocimientos \u00a0de su comunidad \u201cvamos a tener un taller con una lawentuchefe y con una machi y estoy contenta, porque es la primera vez que vendr\u00e1 una a Cochrane, ella har\u00e1 diagn\u00f3stico de enfermedades y tratamientos, as\u00ed que estoy muy feliz porque podremos recuperar una ra\u00edz que estaba algo dormida ac\u00e1 y que para nosotros es muy importante\u201d.<\/p>\n<\/div><\/section><\/div><div  style='height:50px' class='hr hr-invisible   avia-builder-el-6  el_after_av_one_full  el_before_av_social_share '><span class='hr-inner ' ><span class='hr-inner-style'><\/span><\/span><\/div><\/p>\n<div  class='av-social-sharing-box  avia-builder-el-7  el_after_av_hr  el_before_av_hr  '><div class='av-share-box'><h5 class='av-share-link-description av-no-toc '>Compartir esta noticia<\/h5><ul class='av-share-box-list noLightbox'><li class='av-share-link av-social-link-facebook' ><a target=\"_blank\" aria-label=\"Compartir en Facebook\" href='https:\/\/www.facebook.com\/sharer.php?u=https:\/\/radiorevelacionfm.cl\/?p=60917&#038;t=Mideso%20se%20re%C3%BAne%20con%20beneficiarias%20de%20fondos%20Conadi%20y%20Fosis%20en%20Islas%20Huichas%20y%20Cochrane' aria-hidden='false' data-av_icon='\ue8f3' data-av_iconfont='entypo-fontello' title='' data-avia-related-tooltip='Compartir en Facebook' rel=\"noopener\"><span class='avia_hidden_link_text'>Compartir en Facebook<\/span><\/a><\/li><li class='av-share-link av-social-link-twitter' ><a target=\"_blank\" aria-label=\"Compartir en Twitter\" href='https:\/\/twitter.com\/share?text=Mideso%20se%20re%C3%BAne%20con%20beneficiarias%20de%20fondos%20Conadi%20y%20Fosis%20en%20Islas%20Huichas%20y%20Cochrane&#038;url=https:\/\/radiorevelacionfm.cl\/?p=60917' aria-hidden='false' data-av_icon='\ue8f1' data-av_iconfont='entypo-fontello' title='' data-avia-related-tooltip='Compartir en Twitter' rel=\"noopener\"><span class='avia_hidden_link_text'>Compartir en Twitter<\/span><\/a><\/li><li class='av-share-link av-social-link-whatsapp' ><a target=\"_blank\" aria-label=\"Compartir en Whatsapp\" href='https:\/\/api.whatsapp.com\/send?text=https:\/\/radiorevelacionfm.cl\/?p=60917' aria-hidden='false' data-av_icon='\uf232' data-av_iconfont='entypo-fontello' title='' data-avia-related-tooltip='Compartir en Whatsapp' rel=\"noopener\"><span class='avia_hidden_link_text'>Compartir en Whatsapp<\/span><\/a><\/li><li class='av-share-link av-social-link-linkedin' ><a target=\"_blank\" aria-label=\"Compartir en LinkedIn\" href='https:\/\/linkedin.com\/shareArticle?mini=true&#038;title=Mideso%20se%20re%C3%BAne%20con%20beneficiarias%20de%20fondos%20Conadi%20y%20Fosis%20en%20Islas%20Huichas%20y%20Cochrane&#038;url=https:\/\/radiorevelacionfm.cl\/?p=60917' aria-hidden='false' data-av_icon='\ue8fc' data-av_iconfont='entypo-fontello' title='' data-avia-related-tooltip='Compartir en LinkedIn' rel=\"noopener\"><span class='avia_hidden_link_text'>Compartir en LinkedIn<\/span><\/a><\/li><li class='av-share-link av-social-link-mail' ><a  aria-label=\"Compartir por correo\" href='mailto:?subject=Mideso%20se%20re%C3%BAne%20con%20beneficiarias%20de%20fondos%20Conadi%20y%20Fosis%20en%20Islas%20Huichas%20y%20Cochrane&#038;body=https:\/\/radiorevelacionfm.cl\/?p=60917' aria-hidden='false' data-av_icon='\ue805' data-av_iconfont='entypo-fontello' title='' data-avia-related-tooltip='Compartir por correo'><span class='avia_hidden_link_text'>Compartir por correo<\/span><\/a><\/li><\/ul><\/div><\/div>\n<div  style='height:50px' class='hr hr-invisible   avia-builder-el-8  el_after_av_social_share  el_before_av_comments_list '><span class='hr-inner ' ><span class='hr-inner-style'><\/span><\/span><\/div>\n<div  class='av-buildercomment  av-blog-meta-html-info-disabled av-blog-meta-tag-disabled  '><\/div>\n","protected":false},"excerpt":{"rendered":"","protected":false},"author":1,"featured_media":60918,"comment_status":"closed","ping_status":"closed","sticky":false,"template":"","format":"standard","meta":{"footnotes":""},"categories":[38],"tags":[],"class_list":["post-60917","post","type-post","status-publish","format-standard","has-post-thumbnail","hentry","category-regional"],"jetpack_featured_media_url":"https:\/\/radiorevelacionfm.cl\/wp-content\/uploads\/2025\/10\/cochrane-2-2-1_optimized.jpeg","_links":{"self":[{"href":"https:\/\/radiorevelacionfm.cl\/index.php?rest_route=\/wp\/v2\/posts\/60917","targetHints":{"allow":["GET"]}}],"collection":[{"href":"https:\/\/radiorevelacionfm.cl\/index.php?rest_route=\/wp\/v2\/posts"}],"about":[{"href":"https:\/\/radiorevelacionfm.cl\/index.php?rest_route=\/wp\/v2\/types\/post"}],"author":[{"embeddable":true,"href":"https:\/\/radiorevelacionfm.cl\/index.php?rest_route=\/wp\/v2\/users\/1"}],"replies":[{"embeddable":true,"href":"https:\/\/radiorevelacionfm.cl\/index.php?rest_route=%2Fwp%2Fv2%2Fcomments&post=60917"}],"version-history":[{"count":2,"href":"https:\/\/radiorevelacionfm.cl\/index.php?rest_route=\/wp\/v2\/posts\/60917\/revisions"}],"predecessor-version":[{"id":60935,"href":"https:\/\/radiorevelacionfm.cl\/index.php?rest_route=\/wp\/v2\/posts\/60917\/revisions\/60935"}],"wp:featuredmedia":[{"embeddable":true,"href":"https:\/\/radiorevelacionfm.cl\/index.php?rest_route=\/wp\/v2\/media\/60918"}],"wp:attachment":[{"href":"https:\/\/radiorevelacionfm.cl\/index.php?rest_route=%2Fwp%2Fv2%2Fmedia&parent=60917"}],"wp:term":[{"taxonomy":"category","embeddable":true,"href":"https:\/\/radiorevelacionfm.cl\/index.php?rest_route=%2Fwp%2Fv2%2Fcategories&post=60917"},{"taxonomy":"post_tag","embeddable":true,"href":"https:\/\/radiorevelacionfm.cl\/index.php?rest_route=%2Fwp%2Fv2%2Ftags&post=60917"}],"curies":[{"name":"wp","href":"https:\/\/api.w.org\/{rel}","templated":true}]}}