{"id":60914,"date":"2025-10-29T19:15:50","date_gmt":"2025-10-29T22:15:50","guid":{"rendered":"https:\/\/radiorevelacionfm.cl\/?p=60914"},"modified":"2025-10-29T19:15:50","modified_gmt":"2025-10-29T22:15:50","slug":"proceso-extraordinario-postula-para-ser-detective-de-la-policia-de-investigaciones-de-chile","status":"publish","type":"post","link":"https:\/\/radiorevelacionfm.cl\/?p=60914","title":{"rendered":"Proceso Extraordinario: Postula para ser detective de la Polic\u00eda de Investigaciones de Chile"},"content":{"rendered":"<div class=\"flex_column av_one_full  flex_column_div av-zero-column-padding first  avia-builder-el-0  el_before_av_one_full  avia-builder-el-first  \" style='border-radius:0px; '><div  class='avia-image-container  av-styling-    avia-builder-el-1  avia-builder-el-no-sibling  avia-align-center '  itemprop=\"image\" itemscope=\"itemscope\" itemtype=\"https:\/\/schema.org\/ImageObject\"  ><div class='avia-image-container-inner'><div class='avia-image-overlay-wrap'><img decoding=\"async\" class='wp-image-60915 avia-img-lazy-loading-not-60915 avia_image' src=\"https:\/\/radiorevelacionfm.cl\/wp-content\/uploads\/2025\/10\/bienvenida_optimized-1.jpg\" alt='' title='bienvenida_optimized (1)' height=\"602\" width=\"1223\"  itemprop=\"thumbnailUrl\" srcset=\"https:\/\/radiorevelacionfm.cl\/wp-content\/uploads\/2025\/10\/bienvenida_optimized-1.jpg 1223w, https:\/\/radiorevelacionfm.cl\/wp-content\/uploads\/2025\/10\/bienvenida_optimized-1-300x148.jpg 300w, https:\/\/radiorevelacionfm.cl\/wp-content\/uploads\/2025\/10\/bienvenida_optimized-1-1030x507.jpg 1030w, https:\/\/radiorevelacionfm.cl\/wp-content\/uploads\/2025\/10\/bienvenida_optimized-1-768x378.jpg 768w, https:\/\/radiorevelacionfm.cl\/wp-content\/uploads\/2025\/10\/bienvenida_optimized-1-705x347.jpg 705w, https:\/\/radiorevelacionfm.cl\/wp-content\/uploads\/2025\/10\/bienvenida_optimized-1-450x222.jpg 450w, https:\/\/radiorevelacionfm.cl\/wp-content\/uploads\/2025\/10\/bienvenida_optimized-1-600x295.jpg 600w\" sizes=\"(max-width: 1223px) 100vw, 1223px\" \/><\/div><\/div><\/div><\/div><div class=\"flex_column av_one_full  flex_column_div av-zero-column-padding first  avia-builder-el-2  el_after_av_one_full  el_before_av_one_full  column-top-margin\" style='border-radius:0px; '><section class=\"av_textblock_section \"  itemscope=\"itemscope\" itemtype=\"https:\/\/schema.org\/BlogPosting\" itemprop=\"blogPost\" ><div class='avia_textblock  '   itemprop=\"text\" ><p style=\"text-align: center;\"><strong><span style=\"font-size: 18pt;\">Proceso Extraordinario: Postula para ser detective de la Polic\u00eda de Investigaciones de Chile<\/span><\/strong><\/p>\n<div id=\"gtx-trans\" style=\"position: absolute; left: -50px; top: 4.31534px;\">\n<div class=\"gtx-trans-icon\"><\/div>\n<\/div>\n<\/div><\/section><\/div><div class=\"flex_column av_one_full  flex_column_div av-zero-column-padding first  avia-builder-el-4  el_after_av_one_full  el_before_av_hr  column-top-margin\" style='border-radius:0px; '><section class=\"av_textblock_section \"  itemscope=\"itemscope\" itemtype=\"https:\/\/schema.org\/BlogPosting\" itemprop=\"blogPost\" ><div class='avia_textblock  '   itemprop=\"text\" ><p style=\"text-align: justify;\">La Escuela de Investigaciones Policiales abri\u00f3 un proceso <strong>\u201cextraordinario\u201d<\/strong> de admisi\u00f3n para el escalaf\u00f3n de oficiales de l\u00ednea. El plazo ser\u00e1 hasta el 07 de noviembre del presente a\u00f1o y tiene como finalidad de darle la oportunidad a todos los j\u00f3venes que no alcanzaron a inscribirse en la convocatoria oficial de convertirse en futuros Detectives de Chile. Los postulantes que sean elegidos y que logren pasar todas las pruebas, se integrar\u00e1n la Promoci\u00f3n 2026-2029 de la Escuela de Investigaciones Policiales, Presidente Arturo Alessandri Palma.<\/p>\n<p style=\"text-align: justify;\">Para saber cu\u00e1les son los requisitos de ingreso a esta casa de estudios, puedes entrar en el siguiente enlace <a href=\"http:\/\/www.escuelapdi.cl\/admision\">www.escuelapdi.cl\/admision<\/a>.<\/p>\n<p style=\"text-align: justify;\">Una vez concretado este paso, los postulantes partir\u00e1n formalmente el camino para tener la opci\u00f3n de transformarse en los Investigadores Policiales de Chile. Para ello, deber\u00e1n rendir las siguientes evaluaciones: psicot\u00e9cnica; ingl\u00e9s; psicol\u00f3gica; salud; entrevista policial; f\u00edsica; declaraci\u00f3n del historial personal, y puntaje equivalente a las notas de ense\u00f1anza media (NEM). <strong>Un detalle importante, por ser un proceso \u201cextraordinario\u201d, todas las pruebas se rendir\u00e1n en la Regi\u00f3n Metropolitana. <\/strong><\/p>\n<p style=\"text-align: justify;\">Pata obtener m\u00e1s informaci\u00f3n sobre cada etapa del proceso, los interesados acceder a los canales de comunicaci\u00f3n oficiales de Escuela PDI: <a href=\"http:\/\/www.escuelapdi.cl\">http:\/\/www.escuelapdi.cl<\/a> y sus redes sociales.<\/p>\n<\/div><\/section><\/div><div  style='height:50px' class='hr hr-invisible   avia-builder-el-6  el_after_av_one_full  el_before_av_social_share '><span class='hr-inner ' ><span class='hr-inner-style'><\/span><\/span><\/div><\/p>\n<div  class='av-social-sharing-box  avia-builder-el-7  el_after_av_hr  el_before_av_hr  '><div class='av-share-box'><h5 class='av-share-link-description av-no-toc '>Compartir esta noticia<\/h5><ul class='av-share-box-list noLightbox'><li class='av-share-link av-social-link-facebook' ><a target=\"_blank\" aria-label=\"Compartir en Facebook\" href='https:\/\/www.facebook.com\/sharer.php?u=https:\/\/radiorevelacionfm.cl\/?p=60914&#038;t=Proceso%20Extraordinario%3A%20Postula%20para%20ser%20detective%20de%20la%20Polic%C3%ADa%20de%20Investigaciones%20de%20Chile' aria-hidden='false' data-av_icon='\ue8f3' data-av_iconfont='entypo-fontello' title='' data-avia-related-tooltip='Compartir en Facebook' rel=\"noopener\"><span class='avia_hidden_link_text'>Compartir en Facebook<\/span><\/a><\/li><li class='av-share-link av-social-link-twitter' ><a target=\"_blank\" aria-label=\"Compartir en Twitter\" href='https:\/\/twitter.com\/share?text=Proceso%20Extraordinario%3A%20Postula%20para%20ser%20detective%20de%20la%20Polic%C3%ADa%20de%20Investigaciones%20de%20Chile&#038;url=https:\/\/radiorevelacionfm.cl\/?p=60914' aria-hidden='false' data-av_icon='\ue8f1' data-av_iconfont='entypo-fontello' title='' data-avia-related-tooltip='Compartir en Twitter' rel=\"noopener\"><span class='avia_hidden_link_text'>Compartir en Twitter<\/span><\/a><\/li><li class='av-share-link av-social-link-whatsapp' ><a target=\"_blank\" aria-label=\"Compartir en Whatsapp\" href='https:\/\/api.whatsapp.com\/send?text=https:\/\/radiorevelacionfm.cl\/?p=60914' aria-hidden='false' data-av_icon='\uf232' data-av_iconfont='entypo-fontello' title='' data-avia-related-tooltip='Compartir en Whatsapp' rel=\"noopener\"><span class='avia_hidden_link_text'>Compartir en Whatsapp<\/span><\/a><\/li><li class='av-share-link av-social-link-linkedin' ><a target=\"_blank\" aria-label=\"Compartir en LinkedIn\" href='https:\/\/linkedin.com\/shareArticle?mini=true&#038;title=Proceso%20Extraordinario%3A%20Postula%20para%20ser%20detective%20de%20la%20Polic%C3%ADa%20de%20Investigaciones%20de%20Chile&#038;url=https:\/\/radiorevelacionfm.cl\/?p=60914' aria-hidden='false' data-av_icon='\ue8fc' data-av_iconfont='entypo-fontello' title='' data-avia-related-tooltip='Compartir en LinkedIn' rel=\"noopener\"><span class='avia_hidden_link_text'>Compartir en LinkedIn<\/span><\/a><\/li><li class='av-share-link av-social-link-mail' ><a  aria-label=\"Compartir por correo\" href='mailto:?subject=Proceso%20Extraordinario%3A%20Postula%20para%20ser%20detective%20de%20la%20Polic%C3%ADa%20de%20Investigaciones%20de%20Chile&#038;body=https:\/\/radiorevelacionfm.cl\/?p=60914' aria-hidden='false' data-av_icon='\ue805' data-av_iconfont='entypo-fontello' title='' data-avia-related-tooltip='Compartir por correo'><span class='avia_hidden_link_text'>Compartir por correo<\/span><\/a><\/li><\/ul><\/div><\/div>\n<div  style='height:50px' class='hr hr-invisible   avia-builder-el-8  el_after_av_social_share  el_before_av_comments_list '><span class='hr-inner ' ><span class='hr-inner-style'><\/span><\/span><\/div>\n<div  class='av-buildercomment  av-blog-meta-html-info-disabled av-blog-meta-tag-disabled  '><\/div>\n","protected":false},"excerpt":{"rendered":"","protected":false},"author":1,"featured_media":60915,"comment_status":"closed","ping_status":"closed","sticky":false,"template":"","format":"standard","meta":{"footnotes":""},"categories":[36],"tags":[],"class_list":["post-60914","post","type-post","status-publish","format-standard","has-post-thumbnail","hentry","category-policial"],"jetpack_featured_media_url":"https:\/\/radiorevelacionfm.cl\/wp-content\/uploads\/2025\/10\/bienvenida_optimized-1.jpg","_links":{"self":[{"href":"https:\/\/radiorevelacionfm.cl\/index.php?rest_route=\/wp\/v2\/posts\/60914","targetHints":{"allow":["GET"]}}],"collection":[{"href":"https:\/\/radiorevelacionfm.cl\/index.php?rest_route=\/wp\/v2\/posts"}],"about":[{"href":"https:\/\/radiorevelacionfm.cl\/index.php?rest_route=\/wp\/v2\/types\/post"}],"author":[{"embeddable":true,"href":"https:\/\/radiorevelacionfm.cl\/index.php?rest_route=\/wp\/v2\/users\/1"}],"replies":[{"embeddable":true,"href":"https:\/\/radiorevelacionfm.cl\/index.php?rest_route=%2Fwp%2Fv2%2Fcomments&post=60914"}],"version-history":[{"count":2,"href":"https:\/\/radiorevelacionfm.cl\/index.php?rest_route=\/wp\/v2\/posts\/60914\/revisions"}],"predecessor-version":[{"id":60939,"href":"https:\/\/radiorevelacionfm.cl\/index.php?rest_route=\/wp\/v2\/posts\/60914\/revisions\/60939"}],"wp:featuredmedia":[{"embeddable":true,"href":"https:\/\/radiorevelacionfm.cl\/index.php?rest_route=\/wp\/v2\/media\/60915"}],"wp:attachment":[{"href":"https:\/\/radiorevelacionfm.cl\/index.php?rest_route=%2Fwp%2Fv2%2Fmedia&parent=60914"}],"wp:term":[{"taxonomy":"category","embeddable":true,"href":"https:\/\/radiorevelacionfm.cl\/index.php?rest_route=%2Fwp%2Fv2%2Fcategories&post=60914"},{"taxonomy":"post_tag","embeddable":true,"href":"https:\/\/radiorevelacionfm.cl\/index.php?rest_route=%2Fwp%2Fv2%2Ftags&post=60914"}],"curies":[{"name":"wp","href":"https:\/\/api.w.org\/{rel}","templated":true}]}}