{"id":60910,"date":"2025-10-30T15:21:25","date_gmt":"2025-10-30T18:21:25","guid":{"rendered":"https:\/\/radiorevelacionfm.cl\/?p=60910"},"modified":"2025-10-30T15:21:25","modified_gmt":"2025-10-30T18:21:25","slug":"diputado-calisto-y-apaca-reiteran-urgencia-por-cardiologo-permanente-en-puerto-aysen","status":"publish","type":"post","link":"https:\/\/radiorevelacionfm.cl\/?p=60910","title":{"rendered":"Diputado Calisto y APACA reiteran urgencia por cardi\u00f3logo permanente en Puerto Ays\u00e9n"},"content":{"rendered":"<div class=\"flex_column av_one_full  flex_column_div av-zero-column-padding first  avia-builder-el-0  el_before_av_one_full  avia-builder-el-first  \" style='border-radius:0px; '><div  class='avia-image-container  av-styling-    avia-builder-el-1  avia-builder-el-no-sibling  avia-align-center '  itemprop=\"image\" itemscope=\"itemscope\" itemtype=\"https:\/\/schema.org\/ImageObject\"  ><div class='avia-image-container-inner'><div class='avia-image-overlay-wrap'><img decoding=\"async\" class='wp-image-60911 avia-img-lazy-loading-not-60911 avia_image' src=\"https:\/\/radiorevelacionfm.cl\/wp-content\/uploads\/2025\/10\/FOTO-APACA-1-1.jpeg\" alt='' title='FOTO APACA (1) (1)' height=\"600\" width=\"800\"  itemprop=\"thumbnailUrl\" srcset=\"https:\/\/radiorevelacionfm.cl\/wp-content\/uploads\/2025\/10\/FOTO-APACA-1-1.jpeg 800w, https:\/\/radiorevelacionfm.cl\/wp-content\/uploads\/2025\/10\/FOTO-APACA-1-1-300x225.jpeg 300w, https:\/\/radiorevelacionfm.cl\/wp-content\/uploads\/2025\/10\/FOTO-APACA-1-1-768x576.jpeg 768w, https:\/\/radiorevelacionfm.cl\/wp-content\/uploads\/2025\/10\/FOTO-APACA-1-1-705x529.jpeg 705w, https:\/\/radiorevelacionfm.cl\/wp-content\/uploads\/2025\/10\/FOTO-APACA-1-1-450x338.jpeg 450w, https:\/\/radiorevelacionfm.cl\/wp-content\/uploads\/2025\/10\/FOTO-APACA-1-1-600x450.jpeg 600w\" sizes=\"(max-width: 800px) 100vw, 800px\" \/><\/div><\/div><\/div><\/div><div class=\"flex_column av_one_full  flex_column_div av-zero-column-padding first  avia-builder-el-2  el_after_av_one_full  el_before_av_one_full  column-top-margin\" style='border-radius:0px; '><section class=\"av_textblock_section \"  itemscope=\"itemscope\" itemtype=\"https:\/\/schema.org\/BlogPosting\" itemprop=\"blogPost\" ><div class='avia_textblock  '   itemprop=\"text\" ><p style=\"text-align: center;\"><span style=\"font-size: 18pt;\"><b>Diputado Calisto y APACA reiteran urgencia por cardi\u00f3logo permanente en Puerto Ays\u00e9n<\/b><\/span><\/p>\n<div id=\"gtx-trans\" style=\"position: absolute; left: -50px; top: 4.31534px;\">\n<div class=\"gtx-trans-icon\"><\/div>\n<\/div>\n<\/div><\/section><\/div><div class=\"flex_column av_one_full  flex_column_div av-zero-column-padding first  avia-builder-el-4  el_after_av_one_full  el_before_av_hr  column-top-margin\" style='border-radius:0px; '><section class=\"av_textblock_section \"  itemscope=\"itemscope\" itemtype=\"https:\/\/schema.org\/BlogPosting\" itemprop=\"blogPost\" ><div class='avia_textblock  '   itemprop=\"text\" ><p style=\"font-weight: 400; text-align: justify;\">El diputado Miguel \u00c1ngel Calisto se reuni\u00f3 con la Agrupaci\u00f3n de Pacientes Cardiol\u00f3gicos de Ays\u00e9n (APACA) para abordar la cr\u00edtica necesidad de fortalecer la dotaci\u00f3n m\u00e9dica en la Regi\u00f3n, especialmente la de un cardi\u00f3logo permanente para la ciudad de Puerto Ays\u00e9n. La instancia se realiz\u00f3 en el contexto de la discusi\u00f3n del Presupuesto de la Naci\u00f3n en el Congreso y la preocupaci\u00f3n por la propuesta gubernamental de cargos para el Servicio de Salud Ays\u00e9n.<\/p>\n<p style=\"font-weight: 400; text-align: justify;\">El parlamentario, junto a la presidenta de APACA, Cecilia Echand\u00eda, y socios de la agrupaci\u00f3n, manifest\u00f3 su inquietud ante el d\u00e9ficit de especialistas, especialmente en cardiolog\u00eda, que afecta la resolutividad del Hospital de Puerto Ays\u00e9n y pone en riesgo la salud de los habitantes de la zona.<\/p>\n<p style=\"font-weight: 400; text-align: justify;\">El diputado Calisto subray\u00f3 la gravedad de la situaci\u00f3n, indicando que, si bien se ha logrado contar con un cardi\u00f3logo para toda la regi\u00f3n, esto es insuficiente. \u00abHoy d\u00eda tenemos una cifra importante, solamente ac\u00e1 en Ays\u00e9n cerca de 500 personas que est\u00e1n esperando atenci\u00f3n por primera vez de un cardi\u00f3logo, y sobre 800 que est\u00e1n esperando control por cardiolog\u00eda. Es una situaci\u00f3n grav\u00edsima, porque los problemas card\u00edacos han aumentado, y evidentemente, si no tenemos control por parte de un m\u00e9dico, estamos desprotegidos. Ac\u00e1 necesitamos tener un cardi\u00f3logo permanente en Puerto Ays\u00e9n, y esa es la pelea que estamos dando junto a la agrupaci\u00f3n\u00bb, enfatiz\u00f3 Calisto.<\/p>\n<p style=\"font-weight: 400; text-align: justify;\">Por su parte, la presidenta de APACA, Cecilia Echand\u00eda, expres\u00f3 la frustraci\u00f3n de los pacientes ante los compromisos incumplidos y la lucha constante. Echand\u00eda explic\u00f3 que solo para Puerto Ays\u00e9n la cifra de pacientes es alarmante: \u00abTenemos 248 pacientes que est\u00e1n esperando en lista de espera, entre atenci\u00f3n primaria, personas quir\u00fargicas y controles. Nosotros, desde el a\u00f1o pasado, estamos peleando por un cardi\u00f3logo ac\u00e1, en Ays\u00e9n&#8230; Necesitamos un cardi\u00f3logo para Ays\u00e9n. Con uno no basta\u00bb.<\/p>\n<p style=\"font-weight: 400; text-align: justify;\">La dirigenta aprovech\u00f3 de agradecer el constante apoyo del diputado. \u00abAgradecerle, primero que nada, porque ha sido uno de los \u00fanicos que se ha acercado a nosotros, que ha trabajado junto a nosotros desde un principio. As\u00ed que agradecerle, y comprometerlo tambi\u00e9n de que no nos deje solos, porque nosotros, lo que hemos logrado, lo hemos hecho solos\u00bb, puntualiz\u00f3 Echand\u00eda, reiterando la necesidad de que las autoridades escuchen sus demandas.<\/p>\n<p style=\"font-weight: 400; text-align: justify;\">El diputado Calisto se comprometi\u00f3 a gestionar una reuni\u00f3n con el Servicio de Salud Ays\u00e9n y otras autoridades en los pr\u00f3ximos d\u00edas para llevar la solicitud de APACA directamente a la discusi\u00f3n presupuestaria y a la planificaci\u00f3n de recursos humanos, buscando asegurar el cargo de un cardi\u00f3logo para Puerto Ays\u00e9n. La urgencia radica en que la falta de esta especialidad de forma permanente menoscaba la calidad de vida y la posibilidad de un tratamiento oportuno para cientos de pacientes de la regi\u00f3n, siendo fundamental que el Gobierno ingrese la propuesta de cargos necesaria para dar una respuesta definitiva a esta sentida demanda ciudadana.<\/p>\n<\/div><\/section><\/div><div  style='height:50px' class='hr hr-invisible   avia-builder-el-6  el_after_av_one_full  el_before_av_social_share '><span class='hr-inner ' ><span class='hr-inner-style'><\/span><\/span><\/div><\/p>\n<div  class='av-social-sharing-box  avia-builder-el-7  el_after_av_hr  el_before_av_hr  '><div class='av-share-box'><h5 class='av-share-link-description av-no-toc '>Compartir esta noticia<\/h5><ul class='av-share-box-list noLightbox'><li class='av-share-link av-social-link-facebook' ><a target=\"_blank\" aria-label=\"Compartir en Facebook\" href='https:\/\/www.facebook.com\/sharer.php?u=https:\/\/radiorevelacionfm.cl\/?p=60910&#038;t=Diputado%20Calisto%20y%20APACA%20reiteran%20urgencia%20por%20cardi%C3%B3logo%20permanente%20en%20Puerto%20Ays%C3%A9n' aria-hidden='false' data-av_icon='\ue8f3' data-av_iconfont='entypo-fontello' title='' data-avia-related-tooltip='Compartir en Facebook' rel=\"noopener\"><span class='avia_hidden_link_text'>Compartir en Facebook<\/span><\/a><\/li><li class='av-share-link av-social-link-twitter' ><a target=\"_blank\" aria-label=\"Compartir en Twitter\" href='https:\/\/twitter.com\/share?text=Diputado%20Calisto%20y%20APACA%20reiteran%20urgencia%20por%20cardi%C3%B3logo%20permanente%20en%20Puerto%20Ays%C3%A9n&#038;url=https:\/\/radiorevelacionfm.cl\/?p=60910' aria-hidden='false' data-av_icon='\ue8f1' data-av_iconfont='entypo-fontello' title='' data-avia-related-tooltip='Compartir en Twitter' rel=\"noopener\"><span class='avia_hidden_link_text'>Compartir en Twitter<\/span><\/a><\/li><li class='av-share-link av-social-link-whatsapp' ><a target=\"_blank\" aria-label=\"Compartir en Whatsapp\" href='https:\/\/api.whatsapp.com\/send?text=https:\/\/radiorevelacionfm.cl\/?p=60910' aria-hidden='false' data-av_icon='\uf232' data-av_iconfont='entypo-fontello' title='' data-avia-related-tooltip='Compartir en Whatsapp' rel=\"noopener\"><span class='avia_hidden_link_text'>Compartir en Whatsapp<\/span><\/a><\/li><li class='av-share-link av-social-link-linkedin' ><a target=\"_blank\" aria-label=\"Compartir en LinkedIn\" href='https:\/\/linkedin.com\/shareArticle?mini=true&#038;title=Diputado%20Calisto%20y%20APACA%20reiteran%20urgencia%20por%20cardi%C3%B3logo%20permanente%20en%20Puerto%20Ays%C3%A9n&#038;url=https:\/\/radiorevelacionfm.cl\/?p=60910' aria-hidden='false' data-av_icon='\ue8fc' data-av_iconfont='entypo-fontello' title='' data-avia-related-tooltip='Compartir en LinkedIn' rel=\"noopener\"><span class='avia_hidden_link_text'>Compartir en LinkedIn<\/span><\/a><\/li><li class='av-share-link av-social-link-mail' ><a  aria-label=\"Compartir por correo\" href='mailto:?subject=Diputado%20Calisto%20y%20APACA%20reiteran%20urgencia%20por%20cardi%C3%B3logo%20permanente%20en%20Puerto%20Ays%C3%A9n&#038;body=https:\/\/radiorevelacionfm.cl\/?p=60910' aria-hidden='false' data-av_icon='\ue805' data-av_iconfont='entypo-fontello' title='' data-avia-related-tooltip='Compartir por correo'><span class='avia_hidden_link_text'>Compartir por correo<\/span><\/a><\/li><\/ul><\/div><\/div>\n<div  style='height:50px' class='hr hr-invisible   avia-builder-el-8  el_after_av_social_share  el_before_av_comments_list '><span class='hr-inner ' ><span class='hr-inner-style'><\/span><\/span><\/div>\n<div  class='av-buildercomment  av-blog-meta-html-info-disabled av-blog-meta-tag-disabled  '><\/div>\n","protected":false},"excerpt":{"rendered":"","protected":false},"author":1,"featured_media":60911,"comment_status":"closed","ping_status":"closed","sticky":false,"template":"","format":"standard","meta":{"footnotes":""},"categories":[35],"tags":[],"class_list":["post-60910","post","type-post","status-publish","format-standard","has-post-thumbnail","hentry","category-politica"],"jetpack_featured_media_url":"https:\/\/radiorevelacionfm.cl\/wp-content\/uploads\/2025\/10\/FOTO-APACA-1-1.jpeg","_links":{"self":[{"href":"https:\/\/radiorevelacionfm.cl\/index.php?rest_route=\/wp\/v2\/posts\/60910","targetHints":{"allow":["GET"]}}],"collection":[{"href":"https:\/\/radiorevelacionfm.cl\/index.php?rest_route=\/wp\/v2\/posts"}],"about":[{"href":"https:\/\/radiorevelacionfm.cl\/index.php?rest_route=\/wp\/v2\/types\/post"}],"author":[{"embeddable":true,"href":"https:\/\/radiorevelacionfm.cl\/index.php?rest_route=\/wp\/v2\/users\/1"}],"replies":[{"embeddable":true,"href":"https:\/\/radiorevelacionfm.cl\/index.php?rest_route=%2Fwp%2Fv2%2Fcomments&post=60910"}],"version-history":[{"count":2,"href":"https:\/\/radiorevelacionfm.cl\/index.php?rest_route=\/wp\/v2\/posts\/60910\/revisions"}],"predecessor-version":[{"id":60979,"href":"https:\/\/radiorevelacionfm.cl\/index.php?rest_route=\/wp\/v2\/posts\/60910\/revisions\/60979"}],"wp:featuredmedia":[{"embeddable":true,"href":"https:\/\/radiorevelacionfm.cl\/index.php?rest_route=\/wp\/v2\/media\/60911"}],"wp:attachment":[{"href":"https:\/\/radiorevelacionfm.cl\/index.php?rest_route=%2Fwp%2Fv2%2Fmedia&parent=60910"}],"wp:term":[{"taxonomy":"category","embeddable":true,"href":"https:\/\/radiorevelacionfm.cl\/index.php?rest_route=%2Fwp%2Fv2%2Fcategories&post=60910"},{"taxonomy":"post_tag","embeddable":true,"href":"https:\/\/radiorevelacionfm.cl\/index.php?rest_route=%2Fwp%2Fv2%2Ftags&post=60910"}],"curies":[{"name":"wp","href":"https:\/\/api.w.org\/{rel}","templated":true}]}}