{"id":60905,"date":"2025-10-30T18:20:24","date_gmt":"2025-10-30T21:20:24","guid":{"rendered":"https:\/\/radiorevelacionfm.cl\/?p=60905"},"modified":"2025-10-30T18:20:24","modified_gmt":"2025-10-30T21:20:24","slug":"columna-de-opinion-biodiversidad-una-palabra-incomoda","status":"publish","type":"post","link":"https:\/\/radiorevelacionfm.cl\/?p=60905","title":{"rendered":"Columna de Opini\u00f3n| Biodiversidad, una palabra inc\u00f3moda"},"content":{"rendered":"<div class=\"flex_column av_one_full  flex_column_div av-zero-column-padding first  avia-builder-el-0  el_before_av_one_full  avia-builder-el-first  \" style='border-radius:0px; '><div  class='avia-image-container  av-styling-    avia-builder-el-1  avia-builder-el-no-sibling  avia-align-center '  itemprop=\"image\" itemscope=\"itemscope\" itemtype=\"https:\/\/schema.org\/ImageObject\"  ><div class='avia-image-container-inner'><div class='avia-image-overlay-wrap'><img decoding=\"async\" class='wp-image-60906 avia-img-lazy-loading-not-60906 avia_image' src=\"https:\/\/radiorevelacionfm.cl\/wp-content\/uploads\/2025\/10\/biodiversidad1-1_optimized-1.jpg\" alt='' title='biodiversidad1-(1)_optimized (1)' height=\"600\" width=\"898\"  itemprop=\"thumbnailUrl\" srcset=\"https:\/\/radiorevelacionfm.cl\/wp-content\/uploads\/2025\/10\/biodiversidad1-1_optimized-1.jpg 898w, https:\/\/radiorevelacionfm.cl\/wp-content\/uploads\/2025\/10\/biodiversidad1-1_optimized-1-300x200.jpg 300w, https:\/\/radiorevelacionfm.cl\/wp-content\/uploads\/2025\/10\/biodiversidad1-1_optimized-1-768x513.jpg 768w, https:\/\/radiorevelacionfm.cl\/wp-content\/uploads\/2025\/10\/biodiversidad1-1_optimized-1-705x471.jpg 705w, https:\/\/radiorevelacionfm.cl\/wp-content\/uploads\/2025\/10\/biodiversidad1-1_optimized-1-450x301.jpg 450w, https:\/\/radiorevelacionfm.cl\/wp-content\/uploads\/2025\/10\/biodiversidad1-1_optimized-1-600x401.jpg 600w\" sizes=\"(max-width: 898px) 100vw, 898px\" \/><\/div><\/div><\/div><\/div><div class=\"flex_column av_one_full  flex_column_div av-zero-column-padding first  avia-builder-el-2  el_after_av_one_full  el_before_av_one_full  column-top-margin\" style='border-radius:0px; '><section class=\"av_textblock_section \"  itemscope=\"itemscope\" itemtype=\"https:\/\/schema.org\/BlogPosting\" itemprop=\"blogPost\" ><div class='avia_textblock  '   itemprop=\"text\" ><p style=\"text-align: center;\"><strong><span style=\"font-size: 18pt;\">Columna de Opini\u00f3n| Biodiversidad, una palabra inc\u00f3moda<\/span><\/strong><\/p>\n<div id=\"gtx-trans\" style=\"position: absolute; left: -50px; top: 4.31534px;\">\n<div class=\"gtx-trans-icon\"><\/div>\n<\/div>\n<\/div><\/section><\/div><div class=\"flex_column av_one_full  flex_column_div av-zero-column-padding first  avia-builder-el-4  el_after_av_one_full  el_before_av_hr  column-top-margin\" style='border-radius:0px; '><section class=\"av_textblock_section \"  itemscope=\"itemscope\" itemtype=\"https:\/\/schema.org\/BlogPosting\" itemprop=\"blogPost\" ><div class='avia_textblock  '   itemprop=\"text\" ><p style=\"font-weight: 400; text-align: justify;\">La\u00a0<a href=\"https:\/\/www.terram.cl\/sonami-reitera-preocupacion-por-sitios-prioritarios-y-solicita-conformar-mesa-de-trabajo-con-el-ministerio-del-medio-ambiente\/\" data-saferedirecturl=\"https:\/\/www.google.com\/url?q=https:\/\/www.terram.cl\/sonami-reitera-preocupacion-por-sitios-prioritarios-y-solicita-conformar-mesa-de-trabajo-con-el-ministerio-del-medio-ambiente\/&amp;source=gmail&amp;ust=1761848240222000&amp;usg=AOvVaw3wFKJA00R0pp0BXPjKdCuL\">Sociedad Nacional de Miner\u00eda<\/a>\u00a0(SONAMI), la\u00a0<a href=\"https:\/\/www.sna.cl\/2025\/06\/27\/sna-se-reune-con-segpres-por-impactos-de-nuevos-reglamentos\/\" data-saferedirecturl=\"https:\/\/www.google.com\/url?q=https:\/\/www.sna.cl\/2025\/06\/27\/sna-se-reune-con-segpres-por-impactos-de-nuevos-reglamentos\/&amp;source=gmail&amp;ust=1761848240222000&amp;usg=AOvVaw2_m2KcCN5LD6bp1WhUwR2L\">Sociedad Nacional de Agricultura<\/a>\u00a0(SNA) y\u00a0<a href=\"https:\/\/www.emol.com\/noticias\/Nacional\/2023\/05\/26\/1096326\/consejo-del-salmon-proyecto-sbap.html\" data-saferedirecturl=\"https:\/\/www.google.com\/url?q=https:\/\/www.emol.com\/noticias\/Nacional\/2023\/05\/26\/1096326\/consejo-del-salmon-proyecto-sbap.html&amp;source=gmail&amp;ust=1761848240222000&amp;usg=AOvVaw0AK6Mc_G2yTpge8yfk24tw\">parte de la industria del salm\u00f3n<\/a>, conjuntamente con sectores pol\u00edticos\u00a0<a href=\"https:\/\/johanneskaiser.cl\/2024\/10\/15\/el-cambio-climatico-es-un-negocio-que-nos-afecta-a-todos\/\" data-saferedirecturl=\"https:\/\/www.google.com\/url?q=https:\/\/johanneskaiser.cl\/2024\/10\/15\/el-cambio-climatico-es-un-negocio-que-nos-afecta-a-todos\/&amp;source=gmail&amp;ust=1761848240222000&amp;usg=AOvVaw1qNNVVqvjGPFGe80Pb_WqP\">negacionistas<\/a> de la crisis clim\u00e1tica y sus efectos, lograron lo que parec\u00eda imposible. Que \u201cbiodiversidad\u201d, palabra llena de sentido y belleza, guardiana de la prosperidad de largo plazo, fuera expulsada del sal\u00f3n que cobija los conocimientos anclados a la magia de la existencia.<\/p>\n<p style=\"font-weight: 400; text-align: justify;\">En su empe\u00f1o por desmantelar el Servicio de Biodiversidad y \u00c1reas Protegidas (SBAP), previo a su aprobaci\u00f3n incluso, han transformado este concepto en el enemigo p\u00fablico n\u00famero uno de la econom\u00eda. No s\u00f3lo de la propia, por la mala prensa que tiene proteger los intereses de las grandes corporaciones, sino de pymes, trabajadores y ciudadanos de a pie.<\/p>\n<p style=\"font-weight: 400; text-align: justify;\">Hoy, con la consulta p\u00fablica sobre los sitios prioritarios para la conservaci\u00f3n de la biodiversidad,\u00a0<a href=\"https:\/\/www.sonami.cl\/v2\/noticias\/sonami-se-reune-con-ministra-de-medio-ambiente-e-insiste-en-conformacion-de-mesa-de-trabajo-para-abordar-sitios-prioritarios\/\" data-saferedirecturl=\"https:\/\/www.google.com\/url?q=https:\/\/www.sonami.cl\/v2\/noticias\/sonami-se-reune-con-ministra-de-medio-ambiente-e-insiste-en-conformacion-de-mesa-de-trabajo-para-abordar-sitios-prioritarios\/&amp;source=gmail&amp;ust=1761848240223000&amp;usg=AOvVaw1JEfQB-9wPU-4kxpprt__t\">han redoblado sus esfuerzos<\/a>\u00a0amenazando, una vez m\u00e1s, con una debacle si definimos, en conjunto, qu\u00e9 ecosistemas usar, pero tambi\u00e9n en cu\u00e1les actuar con consideraci\u00f3n.<\/p>\n<p style=\"font-weight: 400; text-align: justify;\">\u201c<em>Aqu\u00ed lo que hay es una verdadera expropiaci\u00f3n regulatoria<\/em>\u201d\u00a0<a href=\"https:\/\/www.pauta.cl\/economia\/2025\/10\/10\/jorge-riesco-sonami-sobre-ley-de-biodiversidad-y-areas-protegidas-aqui-lo-que-hay-es-una-verdadera-expropiacion-regulatoria.html\" data-saferedirecturl=\"https:\/\/www.google.com\/url?q=https:\/\/www.pauta.cl\/economia\/2025\/10\/10\/jorge-riesco-sonami-sobre-ley-de-biodiversidad-y-areas-protegidas-aqui-lo-que-hay-es-una-verdadera-expropiacion-regulatoria.html&amp;source=gmail&amp;ust=1761848240223000&amp;usg=AOvVaw0A3ePd17M108uWFyZBji0z\">clamaba<\/a>\u00a0hace poco Jorge Riesco, de la SONAMI.<\/p>\n<p style=\"font-weight: 400; text-align: justify;\">Lo que no se ha dicho, convenientemente, es que en el proceso de los sitios prioritarios no se est\u00e1 creando ninguno nuevo. Ninguno. Todos fueron declarados previo a la Ley SBAP, varios hace a\u00f1os ya. Y en este tiempo no han significado mayores complicaciones para vecinos, comit\u00e9s de vivienda, campesinos, peque\u00f1os productores. S\u00f3lo han sido afectadas los proyectos que lo hacen mal. Porque no son parques, reservas ni monumentos, son s\u00f3lo lugares para no maltratar.<\/p>\n<p style=\"font-weight: 400; text-align: justify;\">Tampoco se ha aclarado que m\u00e1s de un 70 %\u00a0<a href=\"https:\/\/www.elciudadano.com\/actualidad\/organizaciones-advierten-que-el-70-de-sitios-prioritarios-de-biodiversidad-quedaron-fuera-de-la-proteccion-sbap\/09\/14\/\" data-saferedirecturl=\"https:\/\/www.google.com\/url?q=https:\/\/www.elciudadano.com\/actualidad\/organizaciones-advierten-que-el-70-de-sitios-prioritarios-de-biodiversidad-quedaron-fuera-de-la-proteccion-sbap\/09\/14\/&amp;source=gmail&amp;ust=1761848240223000&amp;usg=AOvVaw0-Cow1VT9UrG8CSX7T9xyg\">de los que existen<\/a> no son parte de los tres procesos de consulta ciudadana en curso en las macrozonas norte, centro y sur. Son 231, de 330, los que quedaron fuera, sin horizonte claro de constituci\u00f3n en el marco del SBAP. O que entre los que se incluyeron, el gobierno ha recortado muchos de ellos.<\/p>\n<p style=\"font-weight: 400; text-align: justify;\">Y menos a\u00fan han recordado qu\u00e9 es, qu\u00e9 funciones cumple y, en su faceta de servicios ambientales, para qu\u00e9 nos sirve a los seres humanos la biodiversidad.<\/p>\n<p style=\"font-weight: 400; text-align: justify;\">Biodiversidad es la bandurria, el caiqu\u00e9n y el tero que vuelan por los aires del sur de Chile, como banda sonora de nuestras noches m\u00e1s silenciosas. Es la morilla, el boletus y el dig\u00fce\u00f1e, alimento e ingresos para los habitantes de hoy y para los que estuvieron ayer.\u00a0\u00a0Y de los que ma\u00f1ana estar\u00e1n.<\/p>\n<p style=\"font-weight: 400; text-align: justify;\">Eso es biodiversidad.<\/p>\n<p style=\"font-weight: 400; text-align: justify;\">La que cuando se desequilibra, acarrea plagas como la\u00a0<a href=\"https:\/\/www.terram.cl\/cuncunas-espinosas-a-la-vista-los-impactos-de-una-especie-que-ha-defoliado-miles-de-hectareas-de-lenga-en-chile\/\" data-saferedirecturl=\"https:\/\/www.google.com\/url?q=https:\/\/www.terram.cl\/cuncunas-espinosas-a-la-vista-los-impactos-de-una-especie-que-ha-defoliado-miles-de-hectareas-de-lenga-en-chile\/&amp;source=gmail&amp;ust=1761848240223000&amp;usg=AOvVaw1QS8WZdxq3r2QS64phkv5P\">cuncuna espinosa<\/a>\u00a0que arrasa las hojas de miles de lengas en nuestros poblados, afectando la econom\u00eda familiar campesina.<\/p>\n<p style=\"font-weight: 400; text-align: justify;\">Biodiversidad es la que permite que a\u00fan puedas tomar agua limpia en muchos campos de la Patagonia y la que, a duras penas a veces, desintoxica el aire tan maltratado por nuestra particular forma de habitar.<\/p>\n<p style=\"font-weight: 400; text-align: justify;\">La biodiversidad nos ha abierto la puerta a creaciones que mejoran la vida, como el velcro, que emula los cardos por muchos percibidos como una molestia. O los aviones, que recrean el vuelo de las aves, junto a los trenes bala que imitan el pico del mart\u00edn pescador (<em>Alcedo atthis<\/em>) para cruzar en silencio los t\u00faneles en Jap\u00f3n.<\/p>\n<p style=\"font-weight: 400; text-align: justify;\">Y es gracias a la biodiversidad, a esa naturaleza tan vapuleada hoy, que la ciencia ha logrado controlar patolog\u00edas antes fatales. As\u00ed como los adhesivos quir\u00fargicos se inspiran en la baba de las sanguijuelas (<em>Hirudinea<\/em>) y las indoloras agujas hipod\u00e9rmicas en el aguij\u00f3n del mosquito (<em>Culicidae<\/em>).<\/p>\n<p style=\"font-weight: 400; text-align: justify;\">Es su protecci\u00f3n la que nos permite seguir contando gratuitamente con esos ambientes que en otros lugares m\u00e1s urbanizados hoy son una excepci\u00f3n.<\/p>\n<p style=\"font-weight: 400; text-align: justify;\">Como la foto de un plant\u00edn sobre un pomp\u00f3n (<em>Sphagnum magellanicum<\/em>) que hace pocos d\u00edas me enviaran desde una feria hort\u00edcola en Santiago. \u201c<em>Tu privilegio es mi sequ\u00eda<\/em>\u201d, podr\u00eda ir en la etiqueta bajo el precio. O bajo una palta, Nutella y tantos otros productos de alta huella h\u00eddrica, clim\u00e1tica. A fin de cuentas, ecosist\u00e9mica.<\/p>\n<p style=\"font-weight: 400; text-align: justify;\">Biodiversidad es, en conclusi\u00f3n, la que hace posible nuestra existencia, como los bosques que regulan el clima local, evitan deslizamientos de laderas e inundaciones. Lo mismo que los humedales. La biodiversidad habilita que cultivemos sanamente, que produzcamos con responsabilidad. Y que, a trav\u00e9s del turismo, se democratice la riqueza por el territorio.<\/p>\n<p style=\"font-weight: 400; text-align: justify;\">Y eso que no he aludido al componente \u00e9tico de cuidar la naturaleza: porque es lo correcto. Una trascendente aspiraci\u00f3n.<\/p>\n<p style=\"font-weight: 400; text-align: justify;\">En la ofensiva de la gran industria contra todo lo que suene a protecci\u00f3n ambiental, conservaci\u00f3n y, por cierto, biodiversidad, los da\u00f1os colaterales ser\u00e1n graves.\u00a0\u00a0Y de largo plazo.<\/p>\n<p style=\"font-weight: 400; text-align: justify;\">Como ocurri\u00f3 con HidroAys\u00e9n, que en su empe\u00f1o por imponer un proyecto que \u201c<em>s\u00f3lo usa agua<\/em>\u201d, sin hacerse cargo de la gigantesca escala y localizaci\u00f3n, ha afectado por m\u00e1s de una d\u00e9cada el impulso del desarrollo hidroel\u00e9ctrico de peque\u00f1o y mediano tama\u00f1o. Como sucedi\u00f3 esta semana, cuando al mencionar el Servicio de Biodiversidad y \u00c1reas Protegidas, mi interlocutor se sinti\u00f3 inc\u00f3modo con el noble sustantivo.<\/p>\n<p style=\"font-weight: 400; text-align: justify;\">Con todo el poder econ\u00f3mico y medi\u00e1tico, uno habr\u00eda esperado que los grandes sectores productivos de Chile hubieran actuado con perspectiva al enfrentar la discusi\u00f3n sobre un ordenamiento territorial que combine virtuosamente productividad con conservaci\u00f3n. Pero conservaci\u00f3n real, no s\u00f3lo la que s\u00f3lo hace sentido cuando se usa para turismo de \u00e9lite, vender las as\u00ed llamadas eco-parcelas con derecho real de conservaci\u00f3n o tener un jard\u00edn privado para los amigos.<\/p>\n<p style=\"font-weight: 400; text-align: justify;\">Eligieron el camino de tierra quemada, de arrasar con todo. Decisi\u00f3n que, al final del d\u00eda, afectar\u00e1 esencialmente a quienes hoy m\u00e1s dependen de la biodiversidad: peque\u00f1os poblados y productores rurales que s\u00f3lo mediante su protecci\u00f3n pueden asegurarse que en el futuro una industria contaminante no afecte su agua, su suelo, su aire.<\/p>\n<p style=\"font-weight: 400; text-align: justify;\">Sin biodiversidad no hay vida. Aunque por estos d\u00edas te intenten convencer de lo contrario. Porque m\u00e1s que una maldici\u00f3n, esta palabra es una bendici\u00f3n.<\/p>\n<p><em>Por: Patricio Segura Ortiz, periodista.\u00a0<\/em><\/p>\n<\/div><\/section><\/div><div  style='height:50px' class='hr hr-invisible   avia-builder-el-6  el_after_av_one_full  el_before_av_social_share '><span class='hr-inner ' ><span class='hr-inner-style'><\/span><\/span><\/div><\/p>\n<div  class='av-social-sharing-box  avia-builder-el-7  el_after_av_hr  el_before_av_hr  '><div class='av-share-box'><h5 class='av-share-link-description av-no-toc '>Compartir esta noticia<\/h5><ul class='av-share-box-list noLightbox'><li class='av-share-link av-social-link-facebook' ><a target=\"_blank\" aria-label=\"Compartir en Facebook\" href='https:\/\/www.facebook.com\/sharer.php?u=https:\/\/radiorevelacionfm.cl\/?p=60905&#038;t=Columna%20de%20Opini%C3%B3n%7C%20Biodiversidad%2C%20una%20palabra%20inc%C3%B3moda' aria-hidden='false' data-av_icon='\ue8f3' data-av_iconfont='entypo-fontello' title='' data-avia-related-tooltip='Compartir en Facebook' rel=\"noopener\"><span class='avia_hidden_link_text'>Compartir en Facebook<\/span><\/a><\/li><li class='av-share-link av-social-link-twitter' ><a target=\"_blank\" aria-label=\"Compartir en Twitter\" href='https:\/\/twitter.com\/share?text=Columna%20de%20Opini%C3%B3n%7C%20Biodiversidad%2C%20una%20palabra%20inc%C3%B3moda&#038;url=https:\/\/radiorevelacionfm.cl\/?p=60905' aria-hidden='false' data-av_icon='\ue8f1' data-av_iconfont='entypo-fontello' title='' data-avia-related-tooltip='Compartir en Twitter' rel=\"noopener\"><span class='avia_hidden_link_text'>Compartir en Twitter<\/span><\/a><\/li><li class='av-share-link av-social-link-whatsapp' ><a target=\"_blank\" aria-label=\"Compartir en Whatsapp\" href='https:\/\/api.whatsapp.com\/send?text=https:\/\/radiorevelacionfm.cl\/?p=60905' aria-hidden='false' data-av_icon='\uf232' data-av_iconfont='entypo-fontello' title='' data-avia-related-tooltip='Compartir en Whatsapp' rel=\"noopener\"><span class='avia_hidden_link_text'>Compartir en Whatsapp<\/span><\/a><\/li><li class='av-share-link av-social-link-linkedin' ><a target=\"_blank\" aria-label=\"Compartir en LinkedIn\" href='https:\/\/linkedin.com\/shareArticle?mini=true&#038;title=Columna%20de%20Opini%C3%B3n%7C%20Biodiversidad%2C%20una%20palabra%20inc%C3%B3moda&#038;url=https:\/\/radiorevelacionfm.cl\/?p=60905' aria-hidden='false' data-av_icon='\ue8fc' data-av_iconfont='entypo-fontello' title='' data-avia-related-tooltip='Compartir en LinkedIn' rel=\"noopener\"><span class='avia_hidden_link_text'>Compartir en LinkedIn<\/span><\/a><\/li><li class='av-share-link av-social-link-mail' ><a  aria-label=\"Compartir por correo\" href='mailto:?subject=Columna%20de%20Opini%C3%B3n%7C%20Biodiversidad%2C%20una%20palabra%20inc%C3%B3moda&#038;body=https:\/\/radiorevelacionfm.cl\/?p=60905' aria-hidden='false' data-av_icon='\ue805' data-av_iconfont='entypo-fontello' title='' data-avia-related-tooltip='Compartir por correo'><span class='avia_hidden_link_text'>Compartir por correo<\/span><\/a><\/li><\/ul><\/div><\/div>\n<div  style='height:50px' class='hr hr-invisible   avia-builder-el-8  el_after_av_social_share  el_before_av_comments_list '><span class='hr-inner ' ><span class='hr-inner-style'><\/span><\/span><\/div>\n<div  class='av-buildercomment  av-blog-meta-html-info-disabled av-blog-meta-tag-disabled  '><\/div>\n","protected":false},"excerpt":{"rendered":"","protected":false},"author":1,"featured_media":60906,"comment_status":"closed","ping_status":"closed","sticky":false,"template":"","format":"standard","meta":{"footnotes":""},"categories":[39],"tags":[],"class_list":["post-60905","post","type-post","status-publish","format-standard","has-post-thumbnail","hentry","category-medio-ambiente"],"jetpack_featured_media_url":"https:\/\/radiorevelacionfm.cl\/wp-content\/uploads\/2025\/10\/biodiversidad1-1_optimized-1.jpg","_links":{"self":[{"href":"https:\/\/radiorevelacionfm.cl\/index.php?rest_route=\/wp\/v2\/posts\/60905","targetHints":{"allow":["GET"]}}],"collection":[{"href":"https:\/\/radiorevelacionfm.cl\/index.php?rest_route=\/wp\/v2\/posts"}],"about":[{"href":"https:\/\/radiorevelacionfm.cl\/index.php?rest_route=\/wp\/v2\/types\/post"}],"author":[{"embeddable":true,"href":"https:\/\/radiorevelacionfm.cl\/index.php?rest_route=\/wp\/v2\/users\/1"}],"replies":[{"embeddable":true,"href":"https:\/\/radiorevelacionfm.cl\/index.php?rest_route=%2Fwp%2Fv2%2Fcomments&post=60905"}],"version-history":[{"count":2,"href":"https:\/\/radiorevelacionfm.cl\/index.php?rest_route=\/wp\/v2\/posts\/60905\/revisions"}],"predecessor-version":[{"id":60993,"href":"https:\/\/radiorevelacionfm.cl\/index.php?rest_route=\/wp\/v2\/posts\/60905\/revisions\/60993"}],"wp:featuredmedia":[{"embeddable":true,"href":"https:\/\/radiorevelacionfm.cl\/index.php?rest_route=\/wp\/v2\/media\/60906"}],"wp:attachment":[{"href":"https:\/\/radiorevelacionfm.cl\/index.php?rest_route=%2Fwp%2Fv2%2Fmedia&parent=60905"}],"wp:term":[{"taxonomy":"category","embeddable":true,"href":"https:\/\/radiorevelacionfm.cl\/index.php?rest_route=%2Fwp%2Fv2%2Fcategories&post=60905"},{"taxonomy":"post_tag","embeddable":true,"href":"https:\/\/radiorevelacionfm.cl\/index.php?rest_route=%2Fwp%2Fv2%2Ftags&post=60905"}],"curies":[{"name":"wp","href":"https:\/\/api.w.org\/{rel}","templated":true}]}}