{"id":60902,"date":"2025-10-29T18:15:06","date_gmt":"2025-10-29T21:15:06","guid":{"rendered":"https:\/\/radiorevelacionfm.cl\/?p=60902"},"modified":"2025-10-29T18:15:06","modified_gmt":"2025-10-29T21:15:06","slug":"personas-emprendedoras-de-la-comuna-de-aysen-buscan-concretar-sus-negocios-con-apoyo-del-fosis","status":"publish","type":"post","link":"https:\/\/radiorevelacionfm.cl\/?p=60902","title":{"rendered":"Personas emprendedoras de la comuna de Ays\u00e9n buscan concretar sus negocios con apoyo del FOSIS"},"content":{"rendered":"<div class=\"flex_column av_one_full  flex_column_div av-zero-column-padding first  avia-builder-el-0  el_before_av_one_full  avia-builder-el-first  \" style='border-radius:0px; '><div  class='avia-image-container  av-styling-    avia-builder-el-1  avia-builder-el-no-sibling  avia-align-center '  itemprop=\"image\" itemscope=\"itemscope\" itemtype=\"https:\/\/schema.org\/ImageObject\"  ><div class='avia-image-container-inner'><div class='avia-image-overlay-wrap'><img decoding=\"async\" class='wp-image-60903 avia-img-lazy-loading-not-60903 avia_image' src=\"https:\/\/radiorevelacionfm.cl\/wp-content\/uploads\/2025\/10\/es-ssyoo-aysen-1-1_optimized.jpeg\" alt='' title='es-ssyoo-ays\u00e9n-1-(1)_optimized' height=\"600\" width=\"978\"  itemprop=\"thumbnailUrl\" srcset=\"https:\/\/radiorevelacionfm.cl\/wp-content\/uploads\/2025\/10\/es-ssyoo-aysen-1-1_optimized.jpeg 978w, https:\/\/radiorevelacionfm.cl\/wp-content\/uploads\/2025\/10\/es-ssyoo-aysen-1-1_optimized-300x184.jpeg 300w, https:\/\/radiorevelacionfm.cl\/wp-content\/uploads\/2025\/10\/es-ssyoo-aysen-1-1_optimized-768x471.jpeg 768w, https:\/\/radiorevelacionfm.cl\/wp-content\/uploads\/2025\/10\/es-ssyoo-aysen-1-1_optimized-705x433.jpeg 705w, https:\/\/radiorevelacionfm.cl\/wp-content\/uploads\/2025\/10\/es-ssyoo-aysen-1-1_optimized-450x276.jpeg 450w, https:\/\/radiorevelacionfm.cl\/wp-content\/uploads\/2025\/10\/es-ssyoo-aysen-1-1_optimized-600x368.jpeg 600w\" sizes=\"(max-width: 978px) 100vw, 978px\" \/><\/div><\/div><\/div><\/div><div class=\"flex_column av_one_full  flex_column_div av-zero-column-padding first  avia-builder-el-2  el_after_av_one_full  el_before_av_one_full  column-top-margin\" style='border-radius:0px; '><section class=\"av_textblock_section \"  itemscope=\"itemscope\" itemtype=\"https:\/\/schema.org\/BlogPosting\" itemprop=\"blogPost\" ><div class='avia_textblock  '   itemprop=\"text\" ><p style=\"text-align: center;\"><strong><span style=\"font-size: 18pt;\">Personas emprendedoras de la comuna de Ays\u00e9n buscan concretar sus negocios con apoyo del FOSIS<\/span><\/strong><\/p>\n<div id=\"gtx-trans\" style=\"position: absolute; left: -50px; top: 4.31534px;\">\n<div class=\"gtx-trans-icon\"><\/div>\n<\/div>\n<\/div><\/section><\/div><div class=\"flex_column av_one_full  flex_column_div av-zero-column-padding first  avia-builder-el-4  el_after_av_one_full  el_before_av_hr  column-top-margin\" style='border-radius:0px; '><section class=\"av_textblock_section \"  itemscope=\"itemscope\" itemtype=\"https:\/\/schema.org\/BlogPosting\" itemprop=\"blogPost\" ><div class='avia_textblock  '   itemprop=\"text\" ><ul>\n<li style=\"text-align: justify;\"><em>14 usuarios y usuarias del programa Emprendamos Semilla se encuentran en la etapa de capacitaci\u00f3n para impulsar iniciativas productivas. La instancia tambi\u00e9n les entregar\u00e1 asesor\u00eda y financiamiento.<\/em><\/li>\n<\/ul>\n<p style=\"text-align: justify;\">El programa Emprendamos Semilla cuenta con el financiamiento del Fondo de Solidaridad e Inversi\u00f3n Social, FOSIS, y en esta oportunidad est\u00e1 interviniendo a 14 personas de Puerto Ays\u00e9n, Puerto Chacabuco y Villa Ma\u00f1ihuales, gracias al apoyo en la ejecuci\u00f3n de la consultora Nativo.<\/p>\n<p style=\"text-align: justify;\">Los y las participantes est\u00e1n concretando sus ideas de negocio y fortaleciendo sus emprendimientos incipientes gracias a la capacitaci\u00f3n, asesor\u00eda t\u00e9cnica y el financiamiento de un plan de negocios, que les permitir\u00e1 a los usuarios y usuarias de estos programas adquirir herramientas, maquinaria e insumos para desarrollar sus negocios y aumentar sus ingresos.<\/p>\n<p style=\"text-align: justify;\">El taller sobre canales de comercializaci\u00f3n, en que participan las personas usuarias, busca potenciar las capacidades personales de las personas usuarias para enfrentarse al mundo del trabajo independiente, orient\u00e1ndose al desarrollo de conocimientos y competencias t\u00e9cnicas necesarias para la implementaci\u00f3n de una actividad laboral.<\/p>\n<p style=\"text-align: justify;\">Soledad Contreras, emprendedora de Puerto Ays\u00e9n, asegur\u00f3 que \u201cme ha parecido muy divertido el tema de los talleres, me ha servido bastante el conocer a otras emprendedoras, tener contacto con personas que hacen sus propios trabajos y proyectos. Cuando uno se pone a emprender se encierra y no tiene mucho contacto con otras personas y esto te saca un poco de eso. El programa me va a aportar con una suma de dinero que me va a ser muy favorable para comprar implementaci\u00f3n para mejorar mi espacio, que es dentro de mi casa, y mejorar la calidad del producto que hago\u201d.<\/p>\n<p style=\"text-align: justify;\">La directora regional del FOSIS, Fernanda Leiva, destac\u00f3 que \u201cvinimos a saludar, conversar y conocer a las personas emprendedoras que son parte de este programa, quienes est\u00e1n en un taller de capacitaci\u00f3n de canales de comercializaci\u00f3n. Nos estuvieron contando de qu\u00e9 se tratan sus emprendimientos, qu\u00e9 han aprendido y qu\u00e9 quieren adquirir con el financiamiento que entrega este programa. Estamos contentos, hay mucha energ\u00eda y talento de personas que quieren salir adelante y nosotros seguiremos cumpliendo el mandato del presidente Gabriel Boric de estar presentes y acompa\u00f1ando a nuestros emprendedores y emprendedoras para mejorar su calidad de vida y la de sus familias\u201d.<\/p>\n<p style=\"text-align: justify;\">Los programas de autonom\u00eda econ\u00f3mica del FOSIS permiten aumentar y hacer m\u00e1s estable la generaci\u00f3n de ingresos, a trav\u00e9s del fortalecimiento de negocios, que se puede encontrar en distinto nivel de avance, desde concretar una idea de negocio hasta la consolidaci\u00f3n de un emprendimiento que ya est\u00e1 en funcionamiento.<\/p>\n<\/div><\/section><\/div><div  style='height:50px' class='hr hr-invisible   avia-builder-el-6  el_after_av_one_full  el_before_av_social_share '><span class='hr-inner ' ><span class='hr-inner-style'><\/span><\/span><\/div><\/p>\n<div  class='av-social-sharing-box  avia-builder-el-7  el_after_av_hr  el_before_av_hr  '><div class='av-share-box'><h5 class='av-share-link-description av-no-toc '>Compartir esta noticia<\/h5><ul class='av-share-box-list noLightbox'><li class='av-share-link av-social-link-facebook' ><a target=\"_blank\" aria-label=\"Compartir en Facebook\" href='https:\/\/www.facebook.com\/sharer.php?u=https:\/\/radiorevelacionfm.cl\/?p=60902&#038;t=Personas%20emprendedoras%20de%20la%20comuna%20de%20Ays%C3%A9n%20buscan%20concretar%20sus%20negocios%20con%20apoyo%20del%20FOSIS' aria-hidden='false' data-av_icon='\ue8f3' data-av_iconfont='entypo-fontello' title='' data-avia-related-tooltip='Compartir en Facebook' rel=\"noopener\"><span class='avia_hidden_link_text'>Compartir en Facebook<\/span><\/a><\/li><li class='av-share-link av-social-link-twitter' ><a target=\"_blank\" aria-label=\"Compartir en Twitter\" href='https:\/\/twitter.com\/share?text=Personas%20emprendedoras%20de%20la%20comuna%20de%20Ays%C3%A9n%20buscan%20concretar%20sus%20negocios%20con%20apoyo%20del%20FOSIS&#038;url=https:\/\/radiorevelacionfm.cl\/?p=60902' aria-hidden='false' data-av_icon='\ue8f1' data-av_iconfont='entypo-fontello' title='' data-avia-related-tooltip='Compartir en Twitter' rel=\"noopener\"><span class='avia_hidden_link_text'>Compartir en Twitter<\/span><\/a><\/li><li class='av-share-link av-social-link-whatsapp' ><a target=\"_blank\" aria-label=\"Compartir en Whatsapp\" href='https:\/\/api.whatsapp.com\/send?text=https:\/\/radiorevelacionfm.cl\/?p=60902' aria-hidden='false' data-av_icon='\uf232' data-av_iconfont='entypo-fontello' title='' data-avia-related-tooltip='Compartir en Whatsapp' rel=\"noopener\"><span class='avia_hidden_link_text'>Compartir en Whatsapp<\/span><\/a><\/li><li class='av-share-link av-social-link-linkedin' ><a target=\"_blank\" aria-label=\"Compartir en LinkedIn\" href='https:\/\/linkedin.com\/shareArticle?mini=true&#038;title=Personas%20emprendedoras%20de%20la%20comuna%20de%20Ays%C3%A9n%20buscan%20concretar%20sus%20negocios%20con%20apoyo%20del%20FOSIS&#038;url=https:\/\/radiorevelacionfm.cl\/?p=60902' aria-hidden='false' data-av_icon='\ue8fc' data-av_iconfont='entypo-fontello' title='' data-avia-related-tooltip='Compartir en LinkedIn' rel=\"noopener\"><span class='avia_hidden_link_text'>Compartir en LinkedIn<\/span><\/a><\/li><li class='av-share-link av-social-link-mail' ><a  aria-label=\"Compartir por correo\" href='mailto:?subject=Personas%20emprendedoras%20de%20la%20comuna%20de%20Ays%C3%A9n%20buscan%20concretar%20sus%20negocios%20con%20apoyo%20del%20FOSIS&#038;body=https:\/\/radiorevelacionfm.cl\/?p=60902' aria-hidden='false' data-av_icon='\ue805' data-av_iconfont='entypo-fontello' title='' data-avia-related-tooltip='Compartir por correo'><span class='avia_hidden_link_text'>Compartir por correo<\/span><\/a><\/li><\/ul><\/div><\/div>\n<div  style='height:50px' class='hr hr-invisible   avia-builder-el-8  el_after_av_social_share  el_before_av_comments_list '><span class='hr-inner ' ><span class='hr-inner-style'><\/span><\/span><\/div>\n<div  class='av-buildercomment  av-blog-meta-html-info-disabled av-blog-meta-tag-disabled  '><\/div>\n","protected":false},"excerpt":{"rendered":"","protected":false},"author":1,"featured_media":60903,"comment_status":"closed","ping_status":"closed","sticky":false,"template":"","format":"standard","meta":{"footnotes":""},"categories":[38],"tags":[],"class_list":["post-60902","post","type-post","status-publish","format-standard","has-post-thumbnail","hentry","category-regional"],"jetpack_featured_media_url":"https:\/\/radiorevelacionfm.cl\/wp-content\/uploads\/2025\/10\/es-ssyoo-aysen-1-1_optimized.jpeg","_links":{"self":[{"href":"https:\/\/radiorevelacionfm.cl\/index.php?rest_route=\/wp\/v2\/posts\/60902","targetHints":{"allow":["GET"]}}],"collection":[{"href":"https:\/\/radiorevelacionfm.cl\/index.php?rest_route=\/wp\/v2\/posts"}],"about":[{"href":"https:\/\/radiorevelacionfm.cl\/index.php?rest_route=\/wp\/v2\/types\/post"}],"author":[{"embeddable":true,"href":"https:\/\/radiorevelacionfm.cl\/index.php?rest_route=\/wp\/v2\/users\/1"}],"replies":[{"embeddable":true,"href":"https:\/\/radiorevelacionfm.cl\/index.php?rest_route=%2Fwp%2Fv2%2Fcomments&post=60902"}],"version-history":[{"count":2,"href":"https:\/\/radiorevelacionfm.cl\/index.php?rest_route=\/wp\/v2\/posts\/60902\/revisions"}],"predecessor-version":[{"id":60920,"href":"https:\/\/radiorevelacionfm.cl\/index.php?rest_route=\/wp\/v2\/posts\/60902\/revisions\/60920"}],"wp:featuredmedia":[{"embeddable":true,"href":"https:\/\/radiorevelacionfm.cl\/index.php?rest_route=\/wp\/v2\/media\/60903"}],"wp:attachment":[{"href":"https:\/\/radiorevelacionfm.cl\/index.php?rest_route=%2Fwp%2Fv2%2Fmedia&parent=60902"}],"wp:term":[{"taxonomy":"category","embeddable":true,"href":"https:\/\/radiorevelacionfm.cl\/index.php?rest_route=%2Fwp%2Fv2%2Fcategories&post=60902"},{"taxonomy":"post_tag","embeddable":true,"href":"https:\/\/radiorevelacionfm.cl\/index.php?rest_route=%2Fwp%2Fv2%2Ftags&post=60902"}],"curies":[{"name":"wp","href":"https:\/\/api.w.org\/{rel}","templated":true}]}}