{"id":60899,"date":"2025-10-29T17:52:38","date_gmt":"2025-10-29T20:52:38","guid":{"rendered":"https:\/\/radiorevelacionfm.cl\/?p=60899"},"modified":"2025-10-29T17:52:51","modified_gmt":"2025-10-29T20:52:51","slug":"universidad-de-aysen-y-corpaysen-firman-convenio-para-fortalecer-el-desarrollo-productivo-y-la-vinculacion-territorial","status":"publish","type":"post","link":"https:\/\/radiorevelacionfm.cl\/?p=60899","title":{"rendered":"Universidad de Ays\u00e9n y CorpAys\u00e9n firman convenio para fortalecer el desarrollo productivo y la vinculaci\u00f3n territorial"},"content":{"rendered":"<div class=\"flex_column av_one_full  flex_column_div av-zero-column-padding first  avia-builder-el-0  el_before_av_one_full  avia-builder-el-first  \" style='border-radius:0px; '><div  class='avia-image-container  av-styling-    avia-builder-el-1  avia-builder-el-no-sibling  avia-align-center '  itemprop=\"image\" itemscope=\"itemscope\" itemtype=\"https:\/\/schema.org\/ImageObject\"  ><div class='avia-image-container-inner'><div class='avia-image-overlay-wrap'><img decoding=\"async\" class='wp-image-60900 avia-img-lazy-loading-not-60900 avia_image' src=\"https:\/\/radiorevelacionfm.cl\/wp-content\/uploads\/2025\/10\/dsc03370-1_optimized.jpg\" alt='' title='dsc03370-(1)_optimized' height=\"600\" width=\"900\"  itemprop=\"thumbnailUrl\" srcset=\"https:\/\/radiorevelacionfm.cl\/wp-content\/uploads\/2025\/10\/dsc03370-1_optimized.jpg 900w, https:\/\/radiorevelacionfm.cl\/wp-content\/uploads\/2025\/10\/dsc03370-1_optimized-300x200.jpg 300w, https:\/\/radiorevelacionfm.cl\/wp-content\/uploads\/2025\/10\/dsc03370-1_optimized-768x512.jpg 768w, https:\/\/radiorevelacionfm.cl\/wp-content\/uploads\/2025\/10\/dsc03370-1_optimized-705x470.jpg 705w, https:\/\/radiorevelacionfm.cl\/wp-content\/uploads\/2025\/10\/dsc03370-1_optimized-450x300.jpg 450w, https:\/\/radiorevelacionfm.cl\/wp-content\/uploads\/2025\/10\/dsc03370-1_optimized-600x400.jpg 600w\" sizes=\"(max-width: 900px) 100vw, 900px\" \/><\/div><\/div><\/div><\/div><div class=\"flex_column av_one_full  flex_column_div av-zero-column-padding first  avia-builder-el-2  el_after_av_one_full  el_before_av_one_full  column-top-margin\" style='border-radius:0px; '><section class=\"av_textblock_section \"  itemscope=\"itemscope\" itemtype=\"https:\/\/schema.org\/BlogPosting\" itemprop=\"blogPost\" ><div class='avia_textblock  '   itemprop=\"text\" ><p style=\"text-align: center;\"><strong><span style=\"font-size: 18pt;\">Universidad de Ays\u00e9n y CorpAys\u00e9n firman convenio para fortalecer el desarrollo productivo y la vinculaci\u00f3n territorial<\/span><\/strong><\/p>\n<div id=\"gtx-trans\" style=\"position: absolute; left: -50px; top: 4.31534px;\">\n<div class=\"gtx-trans-icon\"><\/div>\n<\/div>\n<\/div><\/section><\/div><div class=\"flex_column av_one_full  flex_column_div av-zero-column-padding first  avia-builder-el-4  el_after_av_one_full  el_before_av_hr  column-top-margin\" style='border-radius:0px; '><section class=\"av_textblock_section \"  itemscope=\"itemscope\" itemtype=\"https:\/\/schema.org\/BlogPosting\" itemprop=\"blogPost\" ><div class='avia_textblock  '   itemprop=\"text\" ><p style=\"text-align: justify;\"><em>El acuerdo busca promover la investigaci\u00f3n aplicada, la formaci\u00f3n de capital humano y la articulaci\u00f3n entre el sector acad\u00e9mico y productivo del litoral de Ays\u00e9n.<\/em><\/p>\n<p style=\"text-align: justify;\">La Corporaci\u00f3n de Desarrollo Productivo del Litoral de Ays\u00e9n (CORPAYS\u00c9N) y la Universidad de Ays\u00e9n firmaron un convenio de colaboraci\u00f3n que marca un nuevo hito en la articulaci\u00f3n entre el mundo acad\u00e9mico, productivo y social del territorio.<\/p>\n<p style=\"text-align: justify;\">El acuerdo suscrito por el presidente de CORPAYS\u00c9N, Hern\u00e1n Rebolledo Fern\u00e1ndez, y el administrador provisional de la Universidad de Ays\u00e9n, Juan Pablo Prieto Cox establece un marco formal de trabajo conjunto orientado a fomentar la innovaci\u00f3n, la investigaci\u00f3n aplicada, la formaci\u00f3n profesional y la vinculaci\u00f3n con el medio en torno al desarrollo sostenible del litoral de Ays\u00e9n.<\/p>\n<p style=\"text-align: justify;\"><em>\u201cPara nosotros es un agrado haber venido a la casa de la Universidad de Ays\u00e9n a firmar un convenio que ven\u00edamos esperando hace mucho tiempo. Representamos tanto a empresas productoras como al ecosistema econ\u00f3mico y social del litoral, y creemos que este acuerdo ser\u00e1 clave para entregar herramientas que impulsen su desarrollo integral. No se trata solo de una firma, sino del puntapi\u00e9 inicial para concretar acciones que se traduzcan en resultados visibles para la comunidad y el sector productivo\u201d, <\/em>destac\u00f3 <strong>Hern\u00e1n Rebolledo<\/strong>, presidente de <strong>CORPAYS\u00c9N.<\/strong><\/p>\n<p style=\"text-align: justify;\">El convenio contempla l\u00edneas de trabajo en docencia, investigaci\u00f3n y vinculaci\u00f3n con el medio, incluyendo la realizaci\u00f3n de pasant\u00edas profesionales, talleres conjuntos, proyectos de innovaci\u00f3n, y programas de capacitaci\u00f3n y transferencia tecnol\u00f3gica. Tambi\u00e9n promueve la generaci\u00f3n de espacios colaborativos entre estudiantes, docentes y empresas, contribuyendo al fortalecimiento del capital humano regional.<\/p>\n<p style=\"text-align: justify;\">Por su parte, el administrador provisional de la Universidad de Ays\u00e9n, Juan Pablo Prieto Cox, valor\u00f3 la iniciativa se\u00f1alando que: <em>\u201cEstamos muy optimistas de este convenio, que busca no solo firmarse, sino ejecutarse con acciones concretas para beneficio mutuo. La Universidad de Ays\u00e9n es un activo estrat\u00e9gico de la regi\u00f3n, y queremos poner nuestras capacidades al servicio del territorio, particularmente del litoral, que es una fuente vital de trabajo y desarrollo para Ays\u00e9n.\u201d<\/em><\/p>\n<p style=\"text-align: justify;\">Con esta alianza, CORPAYS\u00c9N y la Universidad de Ays\u00e9n reafirman su compromiso con el desarrollo sostenible y equitativo de la regi\u00f3n, fortaleciendo la conexi\u00f3n entre la formaci\u00f3n acad\u00e9mica, la innovaci\u00f3n cient\u00edfica y las necesidades reales del territorio.<\/p>\n<p style=\"text-align: justify;\">El convenio no s\u00f3lo representa un marco de cooperaci\u00f3n institucional, sino tambi\u00e9n un acto de confianza y proyecci\u00f3n compartida, que busca transformar el conocimiento en oportunidades, y las oportunidades en bienestar para las comunidades costeras de Ays\u00e9n.<\/p>\n<\/div><\/section><\/div><div  style='height:50px' class='hr hr-invisible   avia-builder-el-6  el_after_av_one_full  el_before_av_social_share '><span class='hr-inner ' ><span class='hr-inner-style'><\/span><\/span><\/div><\/p>\n<div  class='av-social-sharing-box  avia-builder-el-7  el_after_av_hr  el_before_av_hr  '><div class='av-share-box'><h5 class='av-share-link-description av-no-toc '>Compartir esta noticia<\/h5><ul class='av-share-box-list noLightbox'><li class='av-share-link av-social-link-facebook' ><a target=\"_blank\" aria-label=\"Compartir en Facebook\" href='https:\/\/www.facebook.com\/sharer.php?u=https:\/\/radiorevelacionfm.cl\/?p=60899&#038;t=Universidad%20de%20Ays%C3%A9n%20y%20CorpAys%C3%A9n%20firman%20convenio%20para%20fortalecer%20el%20desarrollo%20productivo%20y%20la%20vinculaci%C3%B3n%20territorial' aria-hidden='false' data-av_icon='\ue8f3' data-av_iconfont='entypo-fontello' title='' data-avia-related-tooltip='Compartir en Facebook' rel=\"noopener\"><span class='avia_hidden_link_text'>Compartir en Facebook<\/span><\/a><\/li><li class='av-share-link av-social-link-twitter' ><a target=\"_blank\" aria-label=\"Compartir en Twitter\" href='https:\/\/twitter.com\/share?text=Universidad%20de%20Ays%C3%A9n%20y%20CorpAys%C3%A9n%20firman%20convenio%20para%20fortalecer%20el%20desarrollo%20productivo%20y%20la%20vinculaci%C3%B3n%20territorial&#038;url=https:\/\/radiorevelacionfm.cl\/?p=60899' aria-hidden='false' data-av_icon='\ue8f1' data-av_iconfont='entypo-fontello' title='' data-avia-related-tooltip='Compartir en Twitter' rel=\"noopener\"><span class='avia_hidden_link_text'>Compartir en Twitter<\/span><\/a><\/li><li class='av-share-link av-social-link-whatsapp' ><a target=\"_blank\" aria-label=\"Compartir en Whatsapp\" href='https:\/\/api.whatsapp.com\/send?text=https:\/\/radiorevelacionfm.cl\/?p=60899' aria-hidden='false' data-av_icon='\uf232' data-av_iconfont='entypo-fontello' title='' data-avia-related-tooltip='Compartir en Whatsapp' rel=\"noopener\"><span class='avia_hidden_link_text'>Compartir en Whatsapp<\/span><\/a><\/li><li class='av-share-link av-social-link-linkedin' ><a target=\"_blank\" aria-label=\"Compartir en LinkedIn\" href='https:\/\/linkedin.com\/shareArticle?mini=true&#038;title=Universidad%20de%20Ays%C3%A9n%20y%20CorpAys%C3%A9n%20firman%20convenio%20para%20fortalecer%20el%20desarrollo%20productivo%20y%20la%20vinculaci%C3%B3n%20territorial&#038;url=https:\/\/radiorevelacionfm.cl\/?p=60899' aria-hidden='false' data-av_icon='\ue8fc' data-av_iconfont='entypo-fontello' title='' data-avia-related-tooltip='Compartir en LinkedIn' rel=\"noopener\"><span class='avia_hidden_link_text'>Compartir en LinkedIn<\/span><\/a><\/li><li class='av-share-link av-social-link-mail' ><a  aria-label=\"Compartir por correo\" href='mailto:?subject=Universidad%20de%20Ays%C3%A9n%20y%20CorpAys%C3%A9n%20firman%20convenio%20para%20fortalecer%20el%20desarrollo%20productivo%20y%20la%20vinculaci%C3%B3n%20territorial&#038;body=https:\/\/radiorevelacionfm.cl\/?p=60899' aria-hidden='false' data-av_icon='\ue805' data-av_iconfont='entypo-fontello' title='' data-avia-related-tooltip='Compartir por correo'><span class='avia_hidden_link_text'>Compartir por correo<\/span><\/a><\/li><\/ul><\/div><\/div>\n<div  style='height:50px' class='hr hr-invisible   avia-builder-el-8  el_after_av_social_share  el_before_av_comments_list '><span class='hr-inner ' ><span class='hr-inner-style'><\/span><\/span><\/div>\n<div  class='av-buildercomment  av-blog-meta-html-info-disabled av-blog-meta-tag-disabled  '><\/div>\n","protected":false},"excerpt":{"rendered":"","protected":false},"author":1,"featured_media":60900,"comment_status":"closed","ping_status":"closed","sticky":false,"template":"","format":"standard","meta":{"footnotes":""},"categories":[49],"tags":[],"class_list":["post-60899","post","type-post","status-publish","format-standard","has-post-thumbnail","hentry","category-educacion"],"jetpack_featured_media_url":"https:\/\/radiorevelacionfm.cl\/wp-content\/uploads\/2025\/10\/dsc03370-1_optimized.jpg","_links":{"self":[{"href":"https:\/\/radiorevelacionfm.cl\/index.php?rest_route=\/wp\/v2\/posts\/60899","targetHints":{"allow":["GET"]}}],"collection":[{"href":"https:\/\/radiorevelacionfm.cl\/index.php?rest_route=\/wp\/v2\/posts"}],"about":[{"href":"https:\/\/radiorevelacionfm.cl\/index.php?rest_route=\/wp\/v2\/types\/post"}],"author":[{"embeddable":true,"href":"https:\/\/radiorevelacionfm.cl\/index.php?rest_route=\/wp\/v2\/users\/1"}],"replies":[{"embeddable":true,"href":"https:\/\/radiorevelacionfm.cl\/index.php?rest_route=%2Fwp%2Fv2%2Fcomments&post=60899"}],"version-history":[{"count":2,"href":"https:\/\/radiorevelacionfm.cl\/index.php?rest_route=\/wp\/v2\/posts\/60899\/revisions"}],"predecessor-version":[{"id":60913,"href":"https:\/\/radiorevelacionfm.cl\/index.php?rest_route=\/wp\/v2\/posts\/60899\/revisions\/60913"}],"wp:featuredmedia":[{"embeddable":true,"href":"https:\/\/radiorevelacionfm.cl\/index.php?rest_route=\/wp\/v2\/media\/60900"}],"wp:attachment":[{"href":"https:\/\/radiorevelacionfm.cl\/index.php?rest_route=%2Fwp%2Fv2%2Fmedia&parent=60899"}],"wp:term":[{"taxonomy":"category","embeddable":true,"href":"https:\/\/radiorevelacionfm.cl\/index.php?rest_route=%2Fwp%2Fv2%2Fcategories&post=60899"},{"taxonomy":"post_tag","embeddable":true,"href":"https:\/\/radiorevelacionfm.cl\/index.php?rest_route=%2Fwp%2Fv2%2Ftags&post=60899"}],"curies":[{"name":"wp","href":"https:\/\/api.w.org\/{rel}","templated":true}]}}