{"id":60895,"date":"2025-10-30T12:14:18","date_gmt":"2025-10-30T15:14:18","guid":{"rendered":"https:\/\/radiorevelacionfm.cl\/?p=60895"},"modified":"2025-10-30T12:14:18","modified_gmt":"2025-10-30T15:14:18","slug":"la-tasa-de-desocupacion-en-la-region-de-aysen-fue-47-en-el-trimestre-julio-septiembre-de-2025","status":"publish","type":"post","link":"https:\/\/radiorevelacionfm.cl\/?p=60895","title":{"rendered":"La tasa de desocupaci\u00f3n en la Regi\u00f3n de Ays\u00e9n fue 4,7% en el trimestre julio \u2013 septiembre de 2025"},"content":{"rendered":"<div class=\"flex_column av_one_full  flex_column_div av-zero-column-padding first  avia-builder-el-0  el_before_av_one_full  avia-builder-el-first  \" style='border-radius:0px; '><div  class='avia-image-container  av-styling-    avia-builder-el-1  avia-builder-el-no-sibling  avia-align-center '  itemprop=\"image\" itemscope=\"itemscope\" itemtype=\"https:\/\/schema.org\/ImageObject\"  ><div class='avia-image-container-inner'><div class='avia-image-overlay-wrap'><img decoding=\"async\" class='wp-image-60896 avia-img-lazy-loading-not-60896 avia_image' src=\"https:\/\/radiorevelacionfm.cl\/wp-content\/uploads\/2025\/10\/trabajos-img_9784-1_optimized-1.jpg\" alt='' title='trabajos-img_9784-(1)_optimized (1)' height=\"650\" width=\"803\"  itemprop=\"thumbnailUrl\" srcset=\"https:\/\/radiorevelacionfm.cl\/wp-content\/uploads\/2025\/10\/trabajos-img_9784-1_optimized-1.jpg 803w, https:\/\/radiorevelacionfm.cl\/wp-content\/uploads\/2025\/10\/trabajos-img_9784-1_optimized-1-300x243.jpg 300w, https:\/\/radiorevelacionfm.cl\/wp-content\/uploads\/2025\/10\/trabajos-img_9784-1_optimized-1-768x622.jpg 768w, https:\/\/radiorevelacionfm.cl\/wp-content\/uploads\/2025\/10\/trabajos-img_9784-1_optimized-1-495x400.jpg 495w, https:\/\/radiorevelacionfm.cl\/wp-content\/uploads\/2025\/10\/trabajos-img_9784-1_optimized-1-705x571.jpg 705w, https:\/\/radiorevelacionfm.cl\/wp-content\/uploads\/2025\/10\/trabajos-img_9784-1_optimized-1-450x364.jpg 450w, https:\/\/radiorevelacionfm.cl\/wp-content\/uploads\/2025\/10\/trabajos-img_9784-1_optimized-1-600x486.jpg 600w\" sizes=\"(max-width: 803px) 100vw, 803px\" \/><\/div><\/div><\/div><\/div><div class=\"flex_column av_one_full  flex_column_div av-zero-column-padding first  avia-builder-el-2  el_after_av_one_full  el_before_av_one_full  column-top-margin\" style='border-radius:0px; '><section class=\"av_textblock_section \"  itemscope=\"itemscope\" itemtype=\"https:\/\/schema.org\/BlogPosting\" itemprop=\"blogPost\" ><div class='avia_textblock  '   itemprop=\"text\" ><p style=\"text-align: center;\"><strong><span style=\"font-size: 18pt;\">La tasa de desocupaci\u00f3n en la Regi\u00f3n de Ays\u00e9n fue 4,7% en el trimestre julio \u2013 septiembre de 2025<\/span><\/strong><\/p>\n<div id=\"gtx-trans\" style=\"position: absolute; left: -50px; top: 4.31534px;\">\n<div class=\"gtx-trans-icon\"><\/div>\n<\/div>\n<\/div><\/section><\/div><div class=\"flex_column av_one_full  flex_column_div av-zero-column-padding first  avia-builder-el-4  el_after_av_one_full  el_before_av_hr  column-top-margin\" style='border-radius:0px; '><section class=\"av_textblock_section \"  itemscope=\"itemscope\" itemtype=\"https:\/\/schema.org\/BlogPosting\" itemprop=\"blogPost\" ><div class='avia_textblock  '   itemprop=\"text\" ><p style=\"text-align: justify;\"><em>En doce meses se registr\u00f3 un ascenso de 0,3 puntos porcentuales, explicado por la disminuci\u00f3n de la fuerza de trabajo (-1,1%), menor a la presentada por las personas ocupadas (-1,5%).<\/em><\/p>\n<p style=\"text-align: justify;\">En 4,7% se ubic\u00f3 la tasa de desocupaci\u00f3n en la Regi\u00f3n de Ays\u00e9n durante el trimestre julio \u2013 septiembre de 2025 (JAS 2025), de acuerdo con la informaci\u00f3n entregada por la Encuesta Nacional de Empleo (ENE), elaborada por el Instituto Nacional de Estad\u00edsticas de Chile (INE).<\/p>\n<p style=\"text-align: justify;\">La cifra signific\u00f3 un ascenso de 0,3 puntos porcentuales (pp.) en doce meses, debido a que la reducci\u00f3n de la fuerza de trabajo (-1,1%) fue menor a la presentada por las personas ocupadas (-1,5%).<\/p>\n<p style=\"text-align: justify;\">Respecto al mismo periodo del a\u00f1o anterior, las tasas de participaci\u00f3n y de ocupaci\u00f3n se situaron en 70,1% y 66,8%, decreciendo 1,3 pp., y 1,5 pp., respectivamente. Por otra parte, la poblaci\u00f3n fuera de la fuerza de trabajo aument\u00f3 5,3%, influida principalmente por la poblaci\u00f3n inactiva potencialmente activa (29,9%).<\/p>\n<p style=\"text-align: justify;\">En las mujeres, la tasa de desocupaci\u00f3n se situ\u00f3 en 6,4%, con un incremento de 0,2 pp. en doce meses; mientras que en los hombres, la tasa de desocupaci\u00f3n fue 3,4%, con un alza de 0,6 pp. en el mismo per\u00edodo.<\/p>\n<p style=\"text-align: justify;\"><strong>Disminuci\u00f3n de personas ocupadas\u00a0 \u00a0 \u00a0\u00a0<\/strong><\/p>\n<p style=\"text-align: justify;\">En doce meses, la estimaci\u00f3n del total de personas ocupadas experiment\u00f3 una disminuci\u00f3n de 1,5%, incididas \u00fanicamente por mujeres (-3,3%).<\/p>\n<p style=\"text-align: justify;\">Los sectores que m\u00e1s contribuyeron a la reducci\u00f3n de la poblaci\u00f3n ocupada fueron administraci\u00f3n p\u00fablica (-21,9%), ense\u00f1anza (-4,9%) y transporte (-1,8%); mientras que por categor\u00eda ocupacional, el descenso se observ\u00f3 principalmente en asalariados formales (-2,6%) y asalariados informales (-11,6%).<\/p>\n<p style=\"text-align: justify;\"><strong>Informalidad<\/strong><\/p>\n<p style=\"text-align: justify;\">La tasa de ocupaci\u00f3n informal se ubic\u00f3 en 29,1%, con un descenso de 0,2 pp. en un a\u00f1o. Las personas ocupadas informales disminuyeron 2,1%, incididas por las mujeres (-6,9%).<\/p>\n<p style=\"text-align: justify;\"><strong>Indicadores de subutilizaci\u00f3n de la fuerza de trabajo<\/strong><\/p>\n<p style=\"text-align: justify;\">La tasa combinada de desocupaci\u00f3n y fuerza de trabajo potencial alcanz\u00f3 11,7%, con un incremento de 2,1 pp. en el per\u00edodo. En los hombres se situ\u00f3 en 9,2% y en las mujeres, en 14,8%. La brecha de g\u00e9nero fue 5,6 pp.<\/p>\n<\/div><\/section><\/div><div  style='height:50px' class='hr hr-invisible   avia-builder-el-6  el_after_av_one_full  el_before_av_social_share '><span class='hr-inner ' ><span class='hr-inner-style'><\/span><\/span><\/div><\/p>\n<div  class='av-social-sharing-box  avia-builder-el-7  el_after_av_hr  el_before_av_hr  '><div class='av-share-box'><h5 class='av-share-link-description av-no-toc '>Compartir esta noticia<\/h5><ul class='av-share-box-list noLightbox'><li class='av-share-link av-social-link-facebook' ><a target=\"_blank\" aria-label=\"Compartir en Facebook\" href='https:\/\/www.facebook.com\/sharer.php?u=https:\/\/radiorevelacionfm.cl\/?p=60895&#038;t=La%20tasa%20de%20desocupaci%C3%B3n%20en%20la%20Regi%C3%B3n%20de%20Ays%C3%A9n%20fue%204%2C7%25%20en%20el%20trimestre%20julio%20%E2%80%93%20septiembre%20de%202025' aria-hidden='false' data-av_icon='\ue8f3' data-av_iconfont='entypo-fontello' title='' data-avia-related-tooltip='Compartir en Facebook' rel=\"noopener\"><span class='avia_hidden_link_text'>Compartir en Facebook<\/span><\/a><\/li><li class='av-share-link av-social-link-twitter' ><a target=\"_blank\" aria-label=\"Compartir en Twitter\" href='https:\/\/twitter.com\/share?text=La%20tasa%20de%20desocupaci%C3%B3n%20en%20la%20Regi%C3%B3n%20de%20Ays%C3%A9n%20fue%204%2C7%25%20en%20el%20trimestre%20julio%20%E2%80%93%20septiembre%20de%202025&#038;url=https:\/\/radiorevelacionfm.cl\/?p=60895' aria-hidden='false' data-av_icon='\ue8f1' data-av_iconfont='entypo-fontello' title='' data-avia-related-tooltip='Compartir en Twitter' rel=\"noopener\"><span class='avia_hidden_link_text'>Compartir en Twitter<\/span><\/a><\/li><li class='av-share-link av-social-link-whatsapp' ><a target=\"_blank\" aria-label=\"Compartir en Whatsapp\" href='https:\/\/api.whatsapp.com\/send?text=https:\/\/radiorevelacionfm.cl\/?p=60895' aria-hidden='false' data-av_icon='\uf232' data-av_iconfont='entypo-fontello' title='' data-avia-related-tooltip='Compartir en Whatsapp' rel=\"noopener\"><span class='avia_hidden_link_text'>Compartir en Whatsapp<\/span><\/a><\/li><li class='av-share-link av-social-link-linkedin' ><a target=\"_blank\" aria-label=\"Compartir en LinkedIn\" href='https:\/\/linkedin.com\/shareArticle?mini=true&#038;title=La%20tasa%20de%20desocupaci%C3%B3n%20en%20la%20Regi%C3%B3n%20de%20Ays%C3%A9n%20fue%204%2C7%25%20en%20el%20trimestre%20julio%20%E2%80%93%20septiembre%20de%202025&#038;url=https:\/\/radiorevelacionfm.cl\/?p=60895' aria-hidden='false' data-av_icon='\ue8fc' data-av_iconfont='entypo-fontello' title='' data-avia-related-tooltip='Compartir en LinkedIn' rel=\"noopener\"><span class='avia_hidden_link_text'>Compartir en LinkedIn<\/span><\/a><\/li><li class='av-share-link av-social-link-mail' ><a  aria-label=\"Compartir por correo\" href='mailto:?subject=La%20tasa%20de%20desocupaci%C3%B3n%20en%20la%20Regi%C3%B3n%20de%20Ays%C3%A9n%20fue%204%2C7%25%20en%20el%20trimestre%20julio%20%E2%80%93%20septiembre%20de%202025&#038;body=https:\/\/radiorevelacionfm.cl\/?p=60895' aria-hidden='false' data-av_icon='\ue805' data-av_iconfont='entypo-fontello' title='' data-avia-related-tooltip='Compartir por correo'><span class='avia_hidden_link_text'>Compartir por correo<\/span><\/a><\/li><\/ul><\/div><\/div>\n<div  style='height:50px' class='hr hr-invisible   avia-builder-el-8  el_after_av_social_share  el_before_av_comments_list '><span class='hr-inner ' ><span class='hr-inner-style'><\/span><\/span><\/div>\n<div  class='av-buildercomment  av-blog-meta-html-info-disabled av-blog-meta-tag-disabled  '><\/div>\n","protected":false},"excerpt":{"rendered":"","protected":false},"author":1,"featured_media":60896,"comment_status":"closed","ping_status":"closed","sticky":false,"template":"","format":"standard","meta":{"footnotes":""},"categories":[38],"tags":[],"class_list":["post-60895","post","type-post","status-publish","format-standard","has-post-thumbnail","hentry","category-regional"],"jetpack_featured_media_url":"https:\/\/radiorevelacionfm.cl\/wp-content\/uploads\/2025\/10\/trabajos-img_9784-1_optimized-1.jpg","_links":{"self":[{"href":"https:\/\/radiorevelacionfm.cl\/index.php?rest_route=\/wp\/v2\/posts\/60895","targetHints":{"allow":["GET"]}}],"collection":[{"href":"https:\/\/radiorevelacionfm.cl\/index.php?rest_route=\/wp\/v2\/posts"}],"about":[{"href":"https:\/\/radiorevelacionfm.cl\/index.php?rest_route=\/wp\/v2\/types\/post"}],"author":[{"embeddable":true,"href":"https:\/\/radiorevelacionfm.cl\/index.php?rest_route=\/wp\/v2\/users\/1"}],"replies":[{"embeddable":true,"href":"https:\/\/radiorevelacionfm.cl\/index.php?rest_route=%2Fwp%2Fv2%2Fcomments&post=60895"}],"version-history":[{"count":2,"href":"https:\/\/radiorevelacionfm.cl\/index.php?rest_route=\/wp\/v2\/posts\/60895\/revisions"}],"predecessor-version":[{"id":60967,"href":"https:\/\/radiorevelacionfm.cl\/index.php?rest_route=\/wp\/v2\/posts\/60895\/revisions\/60967"}],"wp:featuredmedia":[{"embeddable":true,"href":"https:\/\/radiorevelacionfm.cl\/index.php?rest_route=\/wp\/v2\/media\/60896"}],"wp:attachment":[{"href":"https:\/\/radiorevelacionfm.cl\/index.php?rest_route=%2Fwp%2Fv2%2Fmedia&parent=60895"}],"wp:term":[{"taxonomy":"category","embeddable":true,"href":"https:\/\/radiorevelacionfm.cl\/index.php?rest_route=%2Fwp%2Fv2%2Fcategories&post=60895"},{"taxonomy":"post_tag","embeddable":true,"href":"https:\/\/radiorevelacionfm.cl\/index.php?rest_route=%2Fwp%2Fv2%2Ftags&post=60895"}],"curies":[{"name":"wp","href":"https:\/\/api.w.org\/{rel}","templated":true}]}}