{"id":60892,"date":"2025-10-29T15:07:39","date_gmt":"2025-10-29T18:07:39","guid":{"rendered":"https:\/\/radiorevelacionfm.cl\/?p=60892"},"modified":"2025-10-29T15:07:39","modified_gmt":"2025-10-29T18:07:39","slug":"feria-de-oportunidades-2025-jovenes-de-chile-chico-conocieron-alternativas-de-estudios-y-carreras","status":"publish","type":"post","link":"https:\/\/radiorevelacionfm.cl\/?p=60892","title":{"rendered":"Feria de Oportunidades 2025: j\u00f3venes de Chile Chico conocieron alternativas de estudios y carreras"},"content":{"rendered":"<div class=\"flex_column av_one_full  flex_column_div av-zero-column-padding first  avia-builder-el-0  el_before_av_one_full  avia-builder-el-first  \" style='border-radius:0px; '><div  class='avia-image-container  av-styling-    avia-builder-el-1  avia-builder-el-no-sibling  avia-align-center '  itemprop=\"image\" itemscope=\"itemscope\" itemtype=\"https:\/\/schema.org\/ImageObject\"  ><div class='avia-image-container-inner'><div class='avia-image-overlay-wrap'><img decoding=\"async\" class='wp-image-60893 avia-img-lazy-loading-not-60893 avia_image' src=\"https:\/\/radiorevelacionfm.cl\/wp-content\/uploads\/2025\/10\/feria-de-oportunidades-3-2-1_optimized-1.jpeg\" alt='' title='feria-de-oportunidades-(3)-(2)-(1)_optimized (1)' height=\"600\" width=\"1067\"  itemprop=\"thumbnailUrl\" srcset=\"https:\/\/radiorevelacionfm.cl\/wp-content\/uploads\/2025\/10\/feria-de-oportunidades-3-2-1_optimized-1.jpeg 1067w, https:\/\/radiorevelacionfm.cl\/wp-content\/uploads\/2025\/10\/feria-de-oportunidades-3-2-1_optimized-1-300x169.jpeg 300w, https:\/\/radiorevelacionfm.cl\/wp-content\/uploads\/2025\/10\/feria-de-oportunidades-3-2-1_optimized-1-1030x579.jpeg 1030w, https:\/\/radiorevelacionfm.cl\/wp-content\/uploads\/2025\/10\/feria-de-oportunidades-3-2-1_optimized-1-768x432.jpeg 768w, https:\/\/radiorevelacionfm.cl\/wp-content\/uploads\/2025\/10\/feria-de-oportunidades-3-2-1_optimized-1-705x396.jpeg 705w, https:\/\/radiorevelacionfm.cl\/wp-content\/uploads\/2025\/10\/feria-de-oportunidades-3-2-1_optimized-1-450x253.jpeg 450w, https:\/\/radiorevelacionfm.cl\/wp-content\/uploads\/2025\/10\/feria-de-oportunidades-3-2-1_optimized-1-600x337.jpeg 600w\" sizes=\"(max-width: 1067px) 100vw, 1067px\" \/><\/div><\/div><\/div><\/div><div class=\"flex_column av_one_full  flex_column_div av-zero-column-padding first  avia-builder-el-2  el_after_av_one_full  el_before_av_one_full  column-top-margin\" style='border-radius:0px; '><section class=\"av_textblock_section \"  itemscope=\"itemscope\" itemtype=\"https:\/\/schema.org\/BlogPosting\" itemprop=\"blogPost\" ><div class='avia_textblock  '   itemprop=\"text\" ><p style=\"text-align: center;\"><strong><span style=\"font-size: 18pt;\">Feria de Oportunidades 2025: j\u00f3venes de Chile Chico conocieron alternativas de estudios y carreras<\/span><\/strong><\/p>\n<div id=\"gtx-trans\" style=\"position: absolute; left: -50px; top: 4.31534px;\">\n<div class=\"gtx-trans-icon\"><\/div>\n<\/div>\n<\/div><\/section><\/div><div class=\"flex_column av_one_full  flex_column_div av-zero-column-padding first  avia-builder-el-4  el_after_av_one_full  el_before_av_hr  column-top-margin\" style='border-radius:0px; '><section class=\"av_textblock_section \"  itemscope=\"itemscope\" itemtype=\"https:\/\/schema.org\/BlogPosting\" itemprop=\"blogPost\" ><div class='avia_textblock  '   itemprop=\"text\" ><p style=\"text-align: justify;\">Con el objetivo de acercar a los estudiantes de la provincia de General Carrera a las distintas opciones educativas y profesionales disponibles, la Delegaci\u00f3n Presidencial Provincial de General Carrera, en conjunto con el Liceo Bicentenario Luisa Rabanal Palma, llev\u00f3 a cabo este lunes la \u201cFeria de Oportunidades 2025\u201d en el gimnasio del liceo.<\/p>\n<p style=\"text-align: justify;\">La iniciativa reuni\u00f3 a tres universidades, cinco representantes de las Fuerzas Armadas y de orden, y dos servicios p\u00fablicos relacionados con becas y financiamiento, quienes entregaron informaci\u00f3n sobre sus programas de estudio, requisitos de postulaci\u00f3n y beneficios disponibles para el a\u00f1o acad\u00e9mico 2026. Adem\u00e1s, in\u00e9ditamente un grupo de funcionarios del Hospital Leopoldo Ortega Rodr\u00edguez present\u00f3 sus profesiones y mostr\u00f3 algunos de sus instrumentos de trabajo, generando el inter\u00e9s entre los estudiantes.<\/p>\n<p style=\"text-align: justify;\">Todos los cursos de ense\u00f1anza media del liceo participaron de la jornada, donde los j\u00f3venes pudieron conocer las distintas alternativas de formaci\u00f3n y las posibilidades de desarrollo profesional que ofrece la regi\u00f3n. Entre los atractivos de la feria, se destacaron las demostraciones de equipos y herramientas de las Fuerzas Armadas, como visores nocturnos, cascos y esposas, que llamaron especialmente la atenci\u00f3n de los estudiantes.<\/p>\n<p style=\"text-align: justify;\">Una de las estudiantes que particip\u00f3 fue Josefina Acevedo, quien tambi\u00e9n es parte del Centro General de Alumnos del establecimiento opin\u00f3 que \u201cMe parece estupendo, porque hay gente que no sabe muy bien lo que quiere estudiar y estas son hartas ideas\u201d agregando que de esta forma se \u201cayudando as\u00ed a las personas qu\u00e9 quieren estudiar, o lo que no quieren, dando ideas, dando oportunidades, aprendiendo cosas que pueden estudiar\u201d para finalizar asever\u00f3 \u201che visto muchas cosas ah\u00ed y est\u00e1n muy buenas, que pueden ser mi futuro\u201d cerr\u00f3 la tesorera de los estudiantes del liceo.<\/p>\n<p style=\"text-align: justify;\">Por su parte el Delegado Presidencial Provincial de General Carrera, Crist\u00f3bal Barcel\u00f3, coment\u00f3 que \u201cEs muy importante esta instancia donde como Estado y junto a las instituciones que ofrecen una oportunidad, de continuidad laboral, de profesionalizarse, de estudios se entrega la informaci\u00f3n a los j\u00f3venes que hoy d\u00eda est\u00e1n pensando ya en c\u00f3mo van a desarrollarse a futuro\u201d complementando con \u201cEs importante que ellos tengan estas herramientas claras, que tengan estos instrumentos a mano para que sepan de qu\u00e9 manera se pueden financiar tambi\u00e9n\u201d.<\/p>\n<p style=\"text-align: justify;\">Finalmente el director del liceo Bicentenario Luisa Rabanal Palma, Valko Dur\u00e1n destac\u00f3 que \u201ces muy positivo, porque en localidades como la nuestra es tal vez la \u00fanica oportunidad que tenemos nuestros estudiantes, in situ, conozcan estas oportunidades\u201d cerr\u00f3 el director del establecimiento.<\/p>\n<p style=\"text-align: justify;\">La feria se ha consolidado como una herramienta clave para que los j\u00f3venes puedan explorar oportunidades educativas y profesionales de manera directa, fortaleciendo la orientaci\u00f3n vocacional y fomentando la toma de decisiones respecto a su futuro acad\u00e9mico y laboral.<\/p>\n<\/div><\/section><\/div><div  style='height:50px' class='hr hr-invisible   avia-builder-el-6  el_after_av_one_full  el_before_av_social_share '><span class='hr-inner ' ><span class='hr-inner-style'><\/span><\/span><\/div><\/p>\n<div  class='av-social-sharing-box  avia-builder-el-7  el_after_av_hr  el_before_av_hr  '><div class='av-share-box'><h5 class='av-share-link-description av-no-toc '>Compartir esta noticia<\/h5><ul class='av-share-box-list noLightbox'><li class='av-share-link av-social-link-facebook' ><a target=\"_blank\" aria-label=\"Compartir en Facebook\" href='https:\/\/www.facebook.com\/sharer.php?u=https:\/\/radiorevelacionfm.cl\/?p=60892&#038;t=Feria%20de%20Oportunidades%202025%3A%20j%C3%B3venes%20de%20Chile%20Chico%20conocieron%20alternativas%20de%20estudios%20y%20carreras' aria-hidden='false' data-av_icon='\ue8f3' data-av_iconfont='entypo-fontello' title='' data-avia-related-tooltip='Compartir en Facebook' rel=\"noopener\"><span class='avia_hidden_link_text'>Compartir en Facebook<\/span><\/a><\/li><li class='av-share-link av-social-link-twitter' ><a target=\"_blank\" aria-label=\"Compartir en Twitter\" href='https:\/\/twitter.com\/share?text=Feria%20de%20Oportunidades%202025%3A%20j%C3%B3venes%20de%20Chile%20Chico%20conocieron%20alternativas%20de%20estudios%20y%20carreras&#038;url=https:\/\/radiorevelacionfm.cl\/?p=60892' aria-hidden='false' data-av_icon='\ue8f1' data-av_iconfont='entypo-fontello' title='' data-avia-related-tooltip='Compartir en Twitter' rel=\"noopener\"><span class='avia_hidden_link_text'>Compartir en Twitter<\/span><\/a><\/li><li class='av-share-link av-social-link-whatsapp' ><a target=\"_blank\" aria-label=\"Compartir en Whatsapp\" href='https:\/\/api.whatsapp.com\/send?text=https:\/\/radiorevelacionfm.cl\/?p=60892' aria-hidden='false' data-av_icon='\uf232' data-av_iconfont='entypo-fontello' title='' data-avia-related-tooltip='Compartir en Whatsapp' rel=\"noopener\"><span class='avia_hidden_link_text'>Compartir en Whatsapp<\/span><\/a><\/li><li class='av-share-link av-social-link-linkedin' ><a target=\"_blank\" aria-label=\"Compartir en LinkedIn\" href='https:\/\/linkedin.com\/shareArticle?mini=true&#038;title=Feria%20de%20Oportunidades%202025%3A%20j%C3%B3venes%20de%20Chile%20Chico%20conocieron%20alternativas%20de%20estudios%20y%20carreras&#038;url=https:\/\/radiorevelacionfm.cl\/?p=60892' aria-hidden='false' data-av_icon='\ue8fc' data-av_iconfont='entypo-fontello' title='' data-avia-related-tooltip='Compartir en LinkedIn' rel=\"noopener\"><span class='avia_hidden_link_text'>Compartir en LinkedIn<\/span><\/a><\/li><li class='av-share-link av-social-link-mail' ><a  aria-label=\"Compartir por correo\" href='mailto:?subject=Feria%20de%20Oportunidades%202025%3A%20j%C3%B3venes%20de%20Chile%20Chico%20conocieron%20alternativas%20de%20estudios%20y%20carreras&#038;body=https:\/\/radiorevelacionfm.cl\/?p=60892' aria-hidden='false' data-av_icon='\ue805' data-av_iconfont='entypo-fontello' title='' data-avia-related-tooltip='Compartir por correo'><span class='avia_hidden_link_text'>Compartir por correo<\/span><\/a><\/li><\/ul><\/div><\/div>\n<div  style='height:50px' class='hr hr-invisible   avia-builder-el-8  el_after_av_social_share  el_before_av_comments_list '><span class='hr-inner ' ><span class='hr-inner-style'><\/span><\/span><\/div>\n<div  class='av-buildercomment  av-blog-meta-html-info-disabled av-blog-meta-tag-disabled  '><\/div>\n","protected":false},"excerpt":{"rendered":"","protected":false},"author":1,"featured_media":60893,"comment_status":"closed","ping_status":"closed","sticky":false,"template":"","format":"standard","meta":{"footnotes":""},"categories":[38],"tags":[],"class_list":["post-60892","post","type-post","status-publish","format-standard","has-post-thumbnail","hentry","category-regional"],"jetpack_featured_media_url":"https:\/\/radiorevelacionfm.cl\/wp-content\/uploads\/2025\/10\/feria-de-oportunidades-3-2-1_optimized-1.jpeg","_links":{"self":[{"href":"https:\/\/radiorevelacionfm.cl\/index.php?rest_route=\/wp\/v2\/posts\/60892","targetHints":{"allow":["GET"]}}],"collection":[{"href":"https:\/\/radiorevelacionfm.cl\/index.php?rest_route=\/wp\/v2\/posts"}],"about":[{"href":"https:\/\/radiorevelacionfm.cl\/index.php?rest_route=\/wp\/v2\/types\/post"}],"author":[{"embeddable":true,"href":"https:\/\/radiorevelacionfm.cl\/index.php?rest_route=\/wp\/v2\/users\/1"}],"replies":[{"embeddable":true,"href":"https:\/\/radiorevelacionfm.cl\/index.php?rest_route=%2Fwp%2Fv2%2Fcomments&post=60892"}],"version-history":[{"count":2,"href":"https:\/\/radiorevelacionfm.cl\/index.php?rest_route=\/wp\/v2\/posts\/60892\/revisions"}],"predecessor-version":[{"id":60898,"href":"https:\/\/radiorevelacionfm.cl\/index.php?rest_route=\/wp\/v2\/posts\/60892\/revisions\/60898"}],"wp:featuredmedia":[{"embeddable":true,"href":"https:\/\/radiorevelacionfm.cl\/index.php?rest_route=\/wp\/v2\/media\/60893"}],"wp:attachment":[{"href":"https:\/\/radiorevelacionfm.cl\/index.php?rest_route=%2Fwp%2Fv2%2Fmedia&parent=60892"}],"wp:term":[{"taxonomy":"category","embeddable":true,"href":"https:\/\/radiorevelacionfm.cl\/index.php?rest_route=%2Fwp%2Fv2%2Fcategories&post=60892"},{"taxonomy":"post_tag","embeddable":true,"href":"https:\/\/radiorevelacionfm.cl\/index.php?rest_route=%2Fwp%2Fv2%2Ftags&post=60892"}],"curies":[{"name":"wp","href":"https:\/\/api.w.org\/{rel}","templated":true}]}}