{"id":60889,"date":"2025-10-29T15:36:06","date_gmt":"2025-10-29T18:36:06","guid":{"rendered":"https:\/\/radiorevelacionfm.cl\/?p=60889"},"modified":"2025-10-29T15:36:06","modified_gmt":"2025-10-29T18:36:06","slug":"bienes-nacionales-presenta-programa-al-gobierno-regional-para-promover-actividades-productivas-en-terrenos-fiscales-y-mejorar-el-acceso-a-los-usuarios","status":"publish","type":"post","link":"https:\/\/radiorevelacionfm.cl\/?p=60889","title":{"rendered":"Bienes Nacionales presenta programa al Gobierno Regional para promover actividades productivas en terrenos fiscales y mejorar el acceso a los usuarios"},"content":{"rendered":"<div class=\"flex_column av_one_full  flex_column_div av-zero-column-padding first  avia-builder-el-0  el_before_av_one_full  avia-builder-el-first  \" style='border-radius:0px; '><div  class='avia-image-container  av-styling-    avia-builder-el-1  avia-builder-el-no-sibling  avia-align-center '  itemprop=\"image\" itemscope=\"itemscope\" itemtype=\"https:\/\/schema.org\/ImageObject\"  ><div class='avia-image-container-inner'><div class='avia-image-overlay-wrap'><img decoding=\"async\" class='wp-image-60890 avia-img-lazy-loading-not-60890 avia_image' src=\"https:\/\/radiorevelacionfm.cl\/wp-content\/uploads\/2025\/10\/seremi-Irina-2-1-1.jpg\" alt='' title='seremi-Irina-2 (1) (1)' height=\"600\" width=\"900\"  itemprop=\"thumbnailUrl\" srcset=\"https:\/\/radiorevelacionfm.cl\/wp-content\/uploads\/2025\/10\/seremi-Irina-2-1-1.jpg 900w, https:\/\/radiorevelacionfm.cl\/wp-content\/uploads\/2025\/10\/seremi-Irina-2-1-1-300x200.jpg 300w, https:\/\/radiorevelacionfm.cl\/wp-content\/uploads\/2025\/10\/seremi-Irina-2-1-1-768x512.jpg 768w, https:\/\/radiorevelacionfm.cl\/wp-content\/uploads\/2025\/10\/seremi-Irina-2-1-1-705x470.jpg 705w, https:\/\/radiorevelacionfm.cl\/wp-content\/uploads\/2025\/10\/seremi-Irina-2-1-1-450x300.jpg 450w, https:\/\/radiorevelacionfm.cl\/wp-content\/uploads\/2025\/10\/seremi-Irina-2-1-1-600x400.jpg 600w\" sizes=\"(max-width: 900px) 100vw, 900px\" \/><\/div><\/div><\/div><\/div><div class=\"flex_column av_one_full  flex_column_div av-zero-column-padding first  avia-builder-el-2  el_after_av_one_full  el_before_av_one_full  column-top-margin\" style='border-radius:0px; '><section class=\"av_textblock_section \"  itemscope=\"itemscope\" itemtype=\"https:\/\/schema.org\/BlogPosting\" itemprop=\"blogPost\" ><div class='avia_textblock  '   itemprop=\"text\" ><p style=\"text-align: center;\"><strong><span style=\"font-size: 18pt;\">Bienes Nacionales presenta programa al Gobierno Regional para promover actividades productivas en terrenos fiscales y mejorar el acceso a los usuarios<\/span><\/strong><\/p>\n<div id=\"gtx-trans\" style=\"position: absolute; left: -50px; top: 4.31534px;\">\n<div class=\"gtx-trans-icon\"><\/div>\n<\/div>\n<\/div><\/section><\/div><div class=\"flex_column av_one_full  flex_column_div av-zero-column-padding first  avia-builder-el-4  el_after_av_one_full  el_before_av_hr  column-top-margin\" style='border-radius:0px; '><section class=\"av_textblock_section \"  itemscope=\"itemscope\" itemtype=\"https:\/\/schema.org\/BlogPosting\" itemprop=\"blogPost\" ><div class='avia_textblock  '   itemprop=\"text\" ><p style=\"text-align: justify;\"><em>El programa abordar\u00e1 soluciones estrat\u00e9gicas a problemas de gesti\u00f3n de la propiedad fiscal que impiden la regularizaci\u00f3n de ocupaciones hist\u00f3ricas, el desarrollo de poblados con potencial tur\u00edstico y la conexi\u00f3n de \u00e1reas estrat\u00e9gicas para el desarrollo del turismo.<\/em><\/p>\n<p style=\"text-align: justify;\">Durante los cuatro a\u00f1os de gobierno del Presidente Gabriel Boric, desde la cartera que administra la propiedad fiscal en Ays\u00e9n, se han otorgado m\u00e1s de 78 concesiones de uso gratuito a organizaciones sociales e instituciones p\u00fablicas, al menos 136 arriendos de predios fiscales para proyectos productivos, 15 transferencias gratuitas de terrenos a Serviu para el Plan de Emergencia Habitacional, adem\u00e1s de la disposici\u00f3n de otros inmuebles para grandes proyectos como el Centro de Salud Mental de Puerto Ays\u00e9n, el Centro Diurno a cargo de la Municipalidad de Guaitecas, entre otros. As\u00ed tambi\u00e9n, se han otorgado concesiones gratuitas de largo plazo para proyectos emblem\u00e1ticos como el Centro de Formaci\u00f3n T\u00e9cnica Estatal de Ays\u00e9n y el Parque Urbano de Coyhaique, recinto de 23 hect\u00e1reas, clave para la realizaci\u00f3n de los principales eventos de la capital regional.<\/p>\n<p style=\"text-align: justify;\">Junto a estos datos, proporcionados por la secretaria regional ministerial de la cartera, que muestran un avance significativo en la gesti\u00f3n de Bienes Nacionales en la regi\u00f3n, se cuenta, adem\u00e1s, los arriendos de predios fiscales para fines productivos, los que han aumentado en al menos un 316% pese a las dificultades territoriales y limitaciones institucionales.<\/p>\n<p style=\"text-align: justify;\">La seremi Irina Morend Valdebenito tambi\u00e9n coment\u00f3 sobre otro hito que signific\u00f3 un giro estrat\u00e9gico en la gesti\u00f3n ministerial en Ays\u00e9n, \u201cy fue la ejecuci\u00f3n del Programa con fondos FNDR recursos de rezago en la provincia de Capit\u00e1n Prat. Este programa ejecutado entre fines del 2022 y noviembre del 2024, tuvo la especial particularidad de instalar Unidades de Gesti\u00f3n Territorial en convenio con las Municipalidades de Tortel y O\u00b4Higgins, y la Delegaci\u00f3n Presidencial en Cochrane. Un hito in\u00e9dito cuando hablamos de descentralizaci\u00f3n y equidad territorial, porque logramos <em>atender en forma presencial y permanente en Villa O\u00b4Higgins, Caleta Tortel y Cochrane, llegando a las zonas m\u00e1s aisladas de la regi\u00f3n<\/em>. Esta estrategia permiti\u00f3 un incremento de las consultas de usuarios entre 771% en Tortel y hasta 4.300% en el caso de Villa O\u00b4Higgins. El total de consultas presenciales en la provincia alcanz\u00f3 a 2.088 durante los 2 a\u00f1os de ejecuci\u00f3n del programa y las postulaciones de terrenos con proyectos con objetivos sociales y productivos se increment\u00f3 en un 43,4%\u201d, resalt\u00f3 la autoridad, a\u00f1adiendo que \u201cLo m\u00e1s relevante fue poder brindar atenci\u00f3n presencial en las localidades, principalmente a nuestros usuarios rurales, usuarios que pod\u00edan acercarse a las oficinas sin tener que viajar hasta Coyhaique\u201d.<\/p>\n<p style=\"text-align: justify;\">Otra acci\u00f3n que destac\u00f3 la seremi Morend, fue que \u201ctambi\u00e9n con ese programa realizamos el primer proceso participativo para administrar terrenos fiscales. El mejor ejemplo, fue la gesti\u00f3n del predio rural ubicado en el sector llamado El H\u00fangaro, aleda\u00f1o a la ciudad de Cochrane. Luego de la denuncia de vecinos preocupados por una ocupaci\u00f3n ilegal de un terreno de alrededor de 10 ha., se realiz\u00f3 una restituci\u00f3n administrativa recuperando el terreno para el uso p\u00fablico. Pero, para que este uso p\u00fablico fuese real, realizamos tres procesos de participaci\u00f3n ciudadana para identificar vocaciones de uso, y el dise\u00f1o de subdivisi\u00f3n de lotes para administrar v\u00eda arriendo y v\u00eda concesiones de uso gratuito\u201d, afirm\u00f3.<\/p>\n<p style=\"text-align: justify;\">Actualmente, el Programa al que hace referencia Morend, no se encuentra vigente, dado que los recursos y plazos de ejecuci\u00f3n terminaron en diciembre del 2024. En ese sentido, Morend Valdebenito explic\u00f3 que presentaron un nuevo programa al GORE. \u201cComo Ministerio siempre comprometidos con los territorios, elaboramos una nueva iniciativa tomando el modelo de atenci\u00f3n presencial y permanente en los territorios, en convenio con Municipalidades, pero ahora para toda la regi\u00f3n de Ays\u00e9n. Aunque esta nueva iniciativa ha sido m\u00e1s ambiciosa\u201d.<\/p>\n<p style=\"text-align: justify;\">Sobre el nuevo programa, la seremi cont\u00f3 que el dise\u00f1o se hace cargo de problemas territoriales hist\u00f3ricos en localidades emblem\u00e1ticas tales como \u201cTortel, Melinka, Quinta Burgos y Ra\u00fal Mar\u00edn Balmaceda, las cuales requieren los estudios previos para actualizar y habilitar los loteos urbanos para posteriormente normalizar la urbanizaci\u00f3n, y finalmente, regularizar el uso de la propiedad. Estos problemas territoriales son de alta complejidad y llevan m\u00e1s de 40 a\u00f1os, algunos sin soluci\u00f3n. <em>Sabiendo que regularizar la propiedad est\u00e1 al final de un largo camino, nosotros tomamos la decisi\u00f3n de comenzar a destrabarlos y estuvimos trabajando durante este periodo en la b\u00fasqueda de alternativas de soluci\u00f3n t\u00e9cnico \u2013 jur\u00eddicas viables. No fue f\u00e1cil, pero las encontramos. P<\/em>ero para ello, necesitamos recursos y colaboraci\u00f3n de otras instituciones, por ello los incluimos en el Programa presentado al Gobierno Regional Ays\u00e9n\u201d, coment\u00f3.<\/p>\n<p style=\"text-align: justify;\">Otro punto clave, refiri\u00f3 la autoridad, tiene que ver con los accesos a bienes nacionales de uso p\u00fablico, principalmente, de aquellos con gran potencial tur\u00edstico. \u201cCon la misma motivaci\u00f3n nos empecinamos en buscar alternativas de soluci\u00f3n para crear jur\u00eddicamente accesos a \u00e1reas de inter\u00e9s tur\u00edstico y productivo. Es as\u00ed, que en el Programa incluimos el estudio y habilitaci\u00f3n de servidumbres de paso en favor de predios fiscales de potencial productivo y la gesti\u00f3n de accesos a playas. Actualmente, se encuentra en la discusi\u00f3n p\u00fablica la controversia sobre el acceso p\u00fablico de operadores tur\u00edsticos al lago Leones sobre predios privados y hacia \u00e1reas protegidas y Bienes Nacionales de Uso P\u00fablico. Nosotros ya hab\u00edamos incluido en la propuesta de este Programa el sector en discusi\u00f3n, dado que, actores locales del turismo nos hab\u00edan advertido problem\u00e1tica, no obstante, sin recursos es muy dif\u00edcil avanzar en los estudios y habilitaciones para dar certeza jur\u00eddica en los accesos\u201d, enfatiz\u00f3 la autoridad de Bienes Nacionales.<\/p>\n<p style=\"text-align: justify;\">La Seremi refiri\u00f3 que, el Programa presentado al GORE es visualizado como una oportunidad de alianza y colaboraci\u00f3n entre dos instituciones de Estado. Bienes Nacionales es un Ministerio estrat\u00e9gico para el desarrollo de la regi\u00f3n de Ays\u00e9n desde el punto de vista productivo y social- reconoce-, \u201cno por casualidad, fijamos como ejes de gesti\u00f3n en el \u00e1mbito productivo incentivar con nuestras herramientas de gesti\u00f3n de la propiedad fiscal el turismo, seguridad alimentaria y el desarrollo de energ\u00edas renovables, pero, adem\u00e1s, la priorizaci\u00f3n de terrenos para proyectos de infraestructura p\u00fablica, social y el ordenamiento del uso en \u00e1reas fiscales en localidades\u201d, sostuvo.<\/p>\n<p style=\"text-align: justify;\">Pocos saben del rol preponderante en aporte de recursos al propio Gobierno Regional. Seg\u00fan explic\u00f3 Morend, el Ministerio de Bienes Nacionales es uno de los pocos que, de los ingresos generados por ventas y concesiones onerosas de terrenos, el 65% se van al Gobierno Regional. \u201cAl revisar nuestras cifras, en 10 a\u00f1os \u2013 del 2010 al 2024 &#8211; hemos entregado al Gobierno Regional m\u00e1s de 2.016 millones de pesos y durante el mismo periodo el Ministerio ha recibido cifra similar en financiamiento de Programas\u201d.<\/p>\n<p style=\"text-align: justify;\">Bajo una mirada estrat\u00e9gica es posible visualizar que el Ministerio de Bienes Nacionales dispone suelo fiscal para una parte importante de los proyectos de infraestructura p\u00fablica que financia Gobierno Regional a Municipalidades, organizaciones sociales e inclusive el edificio de Gobierno Regional \u2013ya que se emplaza en suelo fiscal-. \u201cAs\u00ed como tambi\u00e9n, proyectos productivos que han definido como relevantes, tal como sucede con el proyecto de sala de procesamiento para la Asociaci\u00f3n de Pescadores Artesanales de la Pesca Demersal de Und\u00e9cima Regi\u00f3n en Puerto Cisnes, en el cual hemos dispuesto un terreno para que el financiamiento del GORE se pueda materializar, situaci\u00f3n similar con el Sindicato de Trabajadores Independientes de la Pesca Artesanal de Puerto Ra\u00fal Mar\u00edn Balmaceda\u201d. Y en esos datos, la seremi compara que, \u201cen regiones del centro del pa\u00eds y donde el suelo fiscal es escaso, los recursos de los Gobiernos Regionales y sectoriales, primero se deben destinar a la compra de terrenos y luego a financiar dise\u00f1o y obra\u201d, lo que aqu\u00ed contadas veces sucede, explic\u00f3 Morend.<\/p>\n<p style=\"text-align: justify;\">Desde la instituci\u00f3n proporcionaron datos poco relevados, como que \u201cEn nuestra Regi\u00f3n gracias al Ministerio de Bienes Nacionales, los recursos p\u00fablicos se proyectan y ejecutan en una misma administraci\u00f3n. Por ello, no es balad\u00ed la presentaci\u00f3n de este Programa, dado que, este incluye la disponibilizaci\u00f3n t\u00e9cnica y jur\u00eddica de terrenos fiscales para fines productivos, sociales y de infraestructura p\u00fablica, adem\u00e1s, de ordenar territorialmente el uso de la propiedad fiscal en articulaci\u00f3n con los Municipios. Como Ministerio aportamos actualmente a la regi\u00f3n en propiedad administrada, 531.820 hect\u00e1reas que equivale a un 16,1% del total de \u00e1reas fiscales no protegidas. Si lo ponderamos con valores comerciales estimados, el Ministerio aporta cerca de 1.500 billones de pesos en suelo al funcionamiento regional\u201d, cuenta la seremi.<\/p>\n<p style=\"text-align: justify;\">Finalmente, la Seremi de Bienes Nacionales de Ays\u00e9n, refiri\u00f3 que \u201cComo Gobierno del Presidente Gabriel Boric estamos comprometidos y hemos trabajado en forma incansable, en nuestro caso, disponiendo suelo fiscal para la reactivaci\u00f3n econ\u00f3mica con el turismo como el gran motor de desarrollo regional, la producci\u00f3n de alimentos para la seguridad alimentaria y la diversificaci\u00f3n de la matriz energ\u00e9tica, pero, adem\u00e1s, con el abordaje de problemas hist\u00f3ricos de suelo fiscal en localidades aisladas. Tambi\u00e9n como Gobierno comprendemos claramente que la descentralizaci\u00f3n tambi\u00e9n implica no solo bajar recursos o traspasar competencia, sino especialmente la cooperaci\u00f3n y colaboraci\u00f3n entre distintas instituciones del Estado. Lo principal es el compromiso de las instituciones con un objetivo superior y transversal de avanzar hacia el desarrollo arm\u00f3nico de nuestra regi\u00f3n y sus habitantes\u201d, a\u00f1adiendo que, \u201csabemos que es de inter\u00e9s de alcaldes y concejales, vecinos, dirigentes, consejeros regionales, que el Ministerio de Bienes Nacionales pueda llegar presencialmente a las localidades a trav\u00e9s de las Unidades de Gesti\u00f3n Territorial, que podamos avanzar en la habilitaci\u00f3n de servidumbres de paso y acceso a playas de r\u00edos y lagos, que podamos comenzar a destrabar los problemas hist\u00f3ricos de Melinka, Quinta Burgos, Tortel y Ra\u00fal Mar\u00edn Balmaceda y que podamos disponer de terrenos para la reactivaci\u00f3n econ\u00f3mica, as\u00ed que seguiremos atentos y a la espera\u201d.<\/p>\n<\/div><\/section><\/div><div  style='height:50px' class='hr hr-invisible   avia-builder-el-6  el_after_av_one_full  el_before_av_social_share '><span class='hr-inner ' ><span class='hr-inner-style'><\/span><\/span><\/div><\/p>\n<div  class='av-social-sharing-box  avia-builder-el-7  el_after_av_hr  el_before_av_hr  '><div class='av-share-box'><h5 class='av-share-link-description av-no-toc '>Compartir esta noticia<\/h5><ul class='av-share-box-list noLightbox'><li class='av-share-link av-social-link-facebook' ><a target=\"_blank\" aria-label=\"Compartir en Facebook\" href='https:\/\/www.facebook.com\/sharer.php?u=https:\/\/radiorevelacionfm.cl\/?p=60889&#038;t=Bienes%20Nacionales%20presenta%20programa%20al%20Gobierno%20Regional%20para%20promover%20actividades%20productivas%20en%20terrenos%20fiscales%20y%20mejorar%20el%20acceso%20a%20los%20usuarios' aria-hidden='false' data-av_icon='\ue8f3' data-av_iconfont='entypo-fontello' title='' data-avia-related-tooltip='Compartir en Facebook' rel=\"noopener\"><span class='avia_hidden_link_text'>Compartir en Facebook<\/span><\/a><\/li><li class='av-share-link av-social-link-twitter' ><a target=\"_blank\" aria-label=\"Compartir en Twitter\" href='https:\/\/twitter.com\/share?text=Bienes%20Nacionales%20presenta%20programa%20al%20Gobierno%20Regional%20para%20promover%20actividades%20productivas%20en%20terrenos%20fiscales%20y%20mejorar%20el%20acceso%20a%20los%20usuarios&#038;url=https:\/\/radiorevelacionfm.cl\/?p=60889' aria-hidden='false' data-av_icon='\ue8f1' data-av_iconfont='entypo-fontello' title='' data-avia-related-tooltip='Compartir en Twitter' rel=\"noopener\"><span class='avia_hidden_link_text'>Compartir en Twitter<\/span><\/a><\/li><li class='av-share-link av-social-link-whatsapp' ><a target=\"_blank\" aria-label=\"Compartir en Whatsapp\" href='https:\/\/api.whatsapp.com\/send?text=https:\/\/radiorevelacionfm.cl\/?p=60889' aria-hidden='false' data-av_icon='\uf232' data-av_iconfont='entypo-fontello' title='' data-avia-related-tooltip='Compartir en Whatsapp' rel=\"noopener\"><span class='avia_hidden_link_text'>Compartir en Whatsapp<\/span><\/a><\/li><li class='av-share-link av-social-link-linkedin' ><a target=\"_blank\" aria-label=\"Compartir en LinkedIn\" href='https:\/\/linkedin.com\/shareArticle?mini=true&#038;title=Bienes%20Nacionales%20presenta%20programa%20al%20Gobierno%20Regional%20para%20promover%20actividades%20productivas%20en%20terrenos%20fiscales%20y%20mejorar%20el%20acceso%20a%20los%20usuarios&#038;url=https:\/\/radiorevelacionfm.cl\/?p=60889' aria-hidden='false' data-av_icon='\ue8fc' data-av_iconfont='entypo-fontello' title='' data-avia-related-tooltip='Compartir en LinkedIn' rel=\"noopener\"><span class='avia_hidden_link_text'>Compartir en LinkedIn<\/span><\/a><\/li><li class='av-share-link av-social-link-mail' ><a  aria-label=\"Compartir por correo\" href='mailto:?subject=Bienes%20Nacionales%20presenta%20programa%20al%20Gobierno%20Regional%20para%20promover%20actividades%20productivas%20en%20terrenos%20fiscales%20y%20mejorar%20el%20acceso%20a%20los%20usuarios&#038;body=https:\/\/radiorevelacionfm.cl\/?p=60889' aria-hidden='false' data-av_icon='\ue805' data-av_iconfont='entypo-fontello' title='' data-avia-related-tooltip='Compartir por correo'><span class='avia_hidden_link_text'>Compartir por correo<\/span><\/a><\/li><\/ul><\/div><\/div>\n<div  style='height:50px' class='hr hr-invisible   avia-builder-el-8  el_after_av_social_share  el_before_av_comments_list '><span class='hr-inner ' ><span class='hr-inner-style'><\/span><\/span><\/div>\n<div  class='av-buildercomment  av-blog-meta-html-info-disabled av-blog-meta-tag-disabled  '><\/div>\n","protected":false},"excerpt":{"rendered":"","protected":false},"author":1,"featured_media":60890,"comment_status":"closed","ping_status":"closed","sticky":false,"template":"","format":"standard","meta":{"footnotes":""},"categories":[38],"tags":[],"class_list":["post-60889","post","type-post","status-publish","format-standard","has-post-thumbnail","hentry","category-regional"],"jetpack_featured_media_url":"https:\/\/radiorevelacionfm.cl\/wp-content\/uploads\/2025\/10\/seremi-Irina-2-1-1.jpg","_links":{"self":[{"href":"https:\/\/radiorevelacionfm.cl\/index.php?rest_route=\/wp\/v2\/posts\/60889","targetHints":{"allow":["GET"]}}],"collection":[{"href":"https:\/\/radiorevelacionfm.cl\/index.php?rest_route=\/wp\/v2\/posts"}],"about":[{"href":"https:\/\/radiorevelacionfm.cl\/index.php?rest_route=\/wp\/v2\/types\/post"}],"author":[{"embeddable":true,"href":"https:\/\/radiorevelacionfm.cl\/index.php?rest_route=\/wp\/v2\/users\/1"}],"replies":[{"embeddable":true,"href":"https:\/\/radiorevelacionfm.cl\/index.php?rest_route=%2Fwp%2Fv2%2Fcomments&post=60889"}],"version-history":[{"count":2,"href":"https:\/\/radiorevelacionfm.cl\/index.php?rest_route=\/wp\/v2\/posts\/60889\/revisions"}],"predecessor-version":[{"id":60909,"href":"https:\/\/radiorevelacionfm.cl\/index.php?rest_route=\/wp\/v2\/posts\/60889\/revisions\/60909"}],"wp:featuredmedia":[{"embeddable":true,"href":"https:\/\/radiorevelacionfm.cl\/index.php?rest_route=\/wp\/v2\/media\/60890"}],"wp:attachment":[{"href":"https:\/\/radiorevelacionfm.cl\/index.php?rest_route=%2Fwp%2Fv2%2Fmedia&parent=60889"}],"wp:term":[{"taxonomy":"category","embeddable":true,"href":"https:\/\/radiorevelacionfm.cl\/index.php?rest_route=%2Fwp%2Fv2%2Fcategories&post=60889"},{"taxonomy":"post_tag","embeddable":true,"href":"https:\/\/radiorevelacionfm.cl\/index.php?rest_route=%2Fwp%2Fv2%2Ftags&post=60889"}],"curies":[{"name":"wp","href":"https:\/\/api.w.org\/{rel}","templated":true}]}}