{"id":60885,"date":"2025-10-29T13:04:52","date_gmt":"2025-10-29T16:04:52","guid":{"rendered":"https:\/\/radiorevelacionfm.cl\/?p=60885"},"modified":"2025-10-29T13:04:52","modified_gmt":"2025-10-29T16:04:52","slug":"realizan-nueva-sesion-de-la-mesa-mujeres-privadas-de-libertad-embarazadas-y-con-hijos-lactantes-en-puerto-aysen","status":"publish","type":"post","link":"https:\/\/radiorevelacionfm.cl\/?p=60885","title":{"rendered":"Realizan nueva sesi\u00f3n de la Mesa Mujeres Privadas de Libertad Embarazadas y con Hijos Lactantes en Puerto Ays\u00e9n"},"content":{"rendered":"<div class=\"flex_column av_one_full  flex_column_div av-zero-column-padding first  avia-builder-el-0  el_before_av_one_full  avia-builder-el-first  \" style='border-radius:0px; '><div  class='avia-image-container  av-styling-    avia-builder-el-1  avia-builder-el-no-sibling  avia-align-center '  itemprop=\"image\" itemscope=\"itemscope\" itemtype=\"https:\/\/schema.org\/ImageObject\"  ><div class='avia-image-container-inner'><div class='avia-image-overlay-wrap'><img decoding=\"async\" class='wp-image-60886 avia-img-lazy-loading-not-60886 avia_image' src=\"https:\/\/radiorevelacionfm.cl\/wp-content\/uploads\/2025\/10\/2-2025-10-29t130345_optimized.375-1.jpg\" alt='' title='2---2025-10-29t130345_optimized.375-(1)' height=\"600\" width=\"1065\"  itemprop=\"thumbnailUrl\" srcset=\"https:\/\/radiorevelacionfm.cl\/wp-content\/uploads\/2025\/10\/2-2025-10-29t130345_optimized.375-1.jpg 1065w, https:\/\/radiorevelacionfm.cl\/wp-content\/uploads\/2025\/10\/2-2025-10-29t130345_optimized.375-1-300x169.jpg 300w, https:\/\/radiorevelacionfm.cl\/wp-content\/uploads\/2025\/10\/2-2025-10-29t130345_optimized.375-1-1030x580.jpg 1030w, https:\/\/radiorevelacionfm.cl\/wp-content\/uploads\/2025\/10\/2-2025-10-29t130345_optimized.375-1-768x433.jpg 768w, https:\/\/radiorevelacionfm.cl\/wp-content\/uploads\/2025\/10\/2-2025-10-29t130345_optimized.375-1-705x397.jpg 705w, https:\/\/radiorevelacionfm.cl\/wp-content\/uploads\/2025\/10\/2-2025-10-29t130345_optimized.375-1-450x254.jpg 450w, https:\/\/radiorevelacionfm.cl\/wp-content\/uploads\/2025\/10\/2-2025-10-29t130345_optimized.375-1-600x338.jpg 600w\" sizes=\"(max-width: 1065px) 100vw, 1065px\" \/><\/div><\/div><\/div><\/div><div class=\"flex_column av_one_full  flex_column_div av-zero-column-padding first  avia-builder-el-2  el_after_av_one_full  el_before_av_one_full  column-top-margin\" style='border-radius:0px; '><section class=\"av_textblock_section \"  itemscope=\"itemscope\" itemtype=\"https:\/\/schema.org\/BlogPosting\" itemprop=\"blogPost\" ><div class='avia_textblock  '   itemprop=\"text\" ><p style=\"text-align: center;\"><strong><span style=\"font-size: 18pt;\">Realizan nueva sesi\u00f3n de la Mesa Mujeres Privadas de Libertad Embarazadas y con Hijos Lactantes en Puerto Ays\u00e9n<\/span><\/strong><\/p>\n<div id=\"gtx-trans\" style=\"position: absolute; left: -50px; top: 4.31534px;\">\n<div class=\"gtx-trans-icon\"><\/div>\n<\/div>\n<\/div><\/section><\/div><div class=\"flex_column av_one_full  flex_column_div av-zero-column-padding first  avia-builder-el-4  el_after_av_one_full  el_before_av_hr  column-top-margin\" style='border-radius:0px; '><section class=\"av_textblock_section \"  itemscope=\"itemscope\" itemtype=\"https:\/\/schema.org\/BlogPosting\" itemprop=\"blogPost\" ><div class='avia_textblock  '   itemprop=\"text\" ><p style=\"text-align: justify;\">Recientemente en dependencias del Hospital de Puerto Ays\u00e9n se llev\u00f3 a cabo la cuarta sesi\u00f3n a\u00f1o 2025 de la Mesa Mujeres Privadas de Libertad Embarazadas y con Hijos Lactantes, instancia que cont\u00f3 con la participaci\u00f3n de diversos servicios p\u00fablicos y que tiene como objetivo avanzar en la implementaci\u00f3n del convenio entre el Servicio de Salud Ays\u00e9n y Gendarmer\u00eda de Chile, el que contribuir\u00e1 a entregar mejores condiciones a mujeres privadas de libertad en condici\u00f3n de embarazo o con hijos lactantes menores a 2 a\u00f1os y a su vez a la poblaci\u00f3n penal en general de los recintos penitenciarios de Coyhaique y Puerto Ays\u00e9n.<\/p>\n<p style=\"text-align: justify;\">El seremi de Justicia y Derechos Humanos Samuel Navarro Castro se\u00f1al\u00f3 que \u201ccontinuando con nuestra labor y en esta oportunidad con la descentralizaci\u00f3n de llevar a cabo la Mesa de Mujeres Privadas de Libertad Embarazadas y con Hijos Lactantes en la ciudad de Puerto Ays\u00e9n para ese centro penitenciario, y donde se reunieron los distintos actores tanto del Servicio de Salud Ays\u00e9n como del Hospital, Cesfam, Cosam y otras unidades de salud, como las relativas a la presencia institucional de Gendarmer\u00eda de Chile con sus equipos locales, la Defensor\u00eda Penal P\u00fablica, el Instituto Nacional de Derechos Humanos, y en este sentido se puso al corriente a los actores locales respecto al estado de avance del convenio entre el Servicio de Salud Ays\u00e9n y Gendarmer\u00eda de Chile para poder desarrollar de la mejor forma posible prestaciones de salud tanto preventivas como paliativas o respecto a enfermedades cr\u00f3nicas que puedan tener la poblaci\u00f3n penal y tambi\u00e9n desarrollar bajo una planificaci\u00f3n aquellas capacitaciones y actividades que corresponden al \u00e1mbito de salud, tanto para personas privadas de libertad como asimismo para los funcionarios que tienen a cargo la custodia de dichas personas\u201d.<\/p>\n<p style=\"text-align: justify;\">La autoridad regional destac\u00f3 tambi\u00e9n que \u201ccontinuamos avanzando con el desarrollo de este convenio y de esta forma de actuar para contribuir a los objetivos de poder desarrollar la mayor cantidad de prestaciones de salud al interior de las unidades penales para evitar el traslado fuera de ellas, con el beneficio que tiene para todos los que participan de estas iniciativas\u201d<\/p>\n<p style=\"text-align: justify;\">Finalmente, Samuel Navarro valor\u00f3 el trabajo de todas las instituciones que hoy son parte de este trabajo conjunto, tales como el Servicio de Salud Ays\u00e9n, Gendarmer\u00eda de Chile, la seremi de la Mujer y Equidad de G\u00e9nero, la Defensor\u00eda Penal P\u00fablica, y el Instituto Nacional de Derechos Humanos.<\/p>\n<\/div><\/section><\/div><div  style='height:50px' class='hr hr-invisible   avia-builder-el-6  el_after_av_one_full  el_before_av_social_share '><span class='hr-inner ' ><span class='hr-inner-style'><\/span><\/span><\/div><\/p>\n<div  class='av-social-sharing-box  avia-builder-el-7  el_after_av_hr  el_before_av_hr  '><div class='av-share-box'><h5 class='av-share-link-description av-no-toc '>Compartir esta noticia<\/h5><ul class='av-share-box-list noLightbox'><li class='av-share-link av-social-link-facebook' ><a target=\"_blank\" aria-label=\"Compartir en Facebook\" href='https:\/\/www.facebook.com\/sharer.php?u=https:\/\/radiorevelacionfm.cl\/?p=60885&#038;t=Realizan%20nueva%20sesi%C3%B3n%20de%20la%20Mesa%20Mujeres%20Privadas%20de%20Libertad%20Embarazadas%20y%20con%20Hijos%20Lactantes%20en%20Puerto%20Ays%C3%A9n' aria-hidden='false' data-av_icon='\ue8f3' data-av_iconfont='entypo-fontello' title='' data-avia-related-tooltip='Compartir en Facebook' rel=\"noopener\"><span class='avia_hidden_link_text'>Compartir en Facebook<\/span><\/a><\/li><li class='av-share-link av-social-link-twitter' ><a target=\"_blank\" aria-label=\"Compartir en Twitter\" href='https:\/\/twitter.com\/share?text=Realizan%20nueva%20sesi%C3%B3n%20de%20la%20Mesa%20Mujeres%20Privadas%20de%20Libertad%20Embarazadas%20y%20con%20Hijos%20Lactantes%20en%20Puerto%20Ays%C3%A9n&#038;url=https:\/\/radiorevelacionfm.cl\/?p=60885' aria-hidden='false' data-av_icon='\ue8f1' data-av_iconfont='entypo-fontello' title='' data-avia-related-tooltip='Compartir en Twitter' rel=\"noopener\"><span class='avia_hidden_link_text'>Compartir en Twitter<\/span><\/a><\/li><li class='av-share-link av-social-link-whatsapp' ><a target=\"_blank\" aria-label=\"Compartir en Whatsapp\" href='https:\/\/api.whatsapp.com\/send?text=https:\/\/radiorevelacionfm.cl\/?p=60885' aria-hidden='false' data-av_icon='\uf232' data-av_iconfont='entypo-fontello' title='' data-avia-related-tooltip='Compartir en Whatsapp' rel=\"noopener\"><span class='avia_hidden_link_text'>Compartir en Whatsapp<\/span><\/a><\/li><li class='av-share-link av-social-link-linkedin' ><a target=\"_blank\" aria-label=\"Compartir en LinkedIn\" href='https:\/\/linkedin.com\/shareArticle?mini=true&#038;title=Realizan%20nueva%20sesi%C3%B3n%20de%20la%20Mesa%20Mujeres%20Privadas%20de%20Libertad%20Embarazadas%20y%20con%20Hijos%20Lactantes%20en%20Puerto%20Ays%C3%A9n&#038;url=https:\/\/radiorevelacionfm.cl\/?p=60885' aria-hidden='false' data-av_icon='\ue8fc' data-av_iconfont='entypo-fontello' title='' data-avia-related-tooltip='Compartir en LinkedIn' rel=\"noopener\"><span class='avia_hidden_link_text'>Compartir en LinkedIn<\/span><\/a><\/li><li class='av-share-link av-social-link-mail' ><a  aria-label=\"Compartir por correo\" href='mailto:?subject=Realizan%20nueva%20sesi%C3%B3n%20de%20la%20Mesa%20Mujeres%20Privadas%20de%20Libertad%20Embarazadas%20y%20con%20Hijos%20Lactantes%20en%20Puerto%20Ays%C3%A9n&#038;body=https:\/\/radiorevelacionfm.cl\/?p=60885' aria-hidden='false' data-av_icon='\ue805' data-av_iconfont='entypo-fontello' title='' data-avia-related-tooltip='Compartir por correo'><span class='avia_hidden_link_text'>Compartir por correo<\/span><\/a><\/li><\/ul><\/div><\/div>\n<div  style='height:50px' class='hr hr-invisible   avia-builder-el-8  el_after_av_social_share  el_before_av_comments_list '><span class='hr-inner ' ><span class='hr-inner-style'><\/span><\/span><\/div>\n<div  class='av-buildercomment  av-blog-meta-html-info-disabled av-blog-meta-tag-disabled  '><\/div>\n","protected":false},"excerpt":{"rendered":"","protected":false},"author":1,"featured_media":60886,"comment_status":"closed","ping_status":"closed","sticky":false,"template":"","format":"standard","meta":{"footnotes":""},"categories":[55],"tags":[],"class_list":["post-60885","post","type-post","status-publish","format-standard","has-post-thumbnail","hentry","category-justicia"],"jetpack_featured_media_url":"https:\/\/radiorevelacionfm.cl\/wp-content\/uploads\/2025\/10\/2-2025-10-29t130345_optimized.375-1.jpg","_links":{"self":[{"href":"https:\/\/radiorevelacionfm.cl\/index.php?rest_route=\/wp\/v2\/posts\/60885","targetHints":{"allow":["GET"]}}],"collection":[{"href":"https:\/\/radiorevelacionfm.cl\/index.php?rest_route=\/wp\/v2\/posts"}],"about":[{"href":"https:\/\/radiorevelacionfm.cl\/index.php?rest_route=\/wp\/v2\/types\/post"}],"author":[{"embeddable":true,"href":"https:\/\/radiorevelacionfm.cl\/index.php?rest_route=\/wp\/v2\/users\/1"}],"replies":[{"embeddable":true,"href":"https:\/\/radiorevelacionfm.cl\/index.php?rest_route=%2Fwp%2Fv2%2Fcomments&post=60885"}],"version-history":[{"count":2,"href":"https:\/\/radiorevelacionfm.cl\/index.php?rest_route=\/wp\/v2\/posts\/60885\/revisions"}],"predecessor-version":[{"id":60888,"href":"https:\/\/radiorevelacionfm.cl\/index.php?rest_route=\/wp\/v2\/posts\/60885\/revisions\/60888"}],"wp:featuredmedia":[{"embeddable":true,"href":"https:\/\/radiorevelacionfm.cl\/index.php?rest_route=\/wp\/v2\/media\/60886"}],"wp:attachment":[{"href":"https:\/\/radiorevelacionfm.cl\/index.php?rest_route=%2Fwp%2Fv2%2Fmedia&parent=60885"}],"wp:term":[{"taxonomy":"category","embeddable":true,"href":"https:\/\/radiorevelacionfm.cl\/index.php?rest_route=%2Fwp%2Fv2%2Fcategories&post=60885"},{"taxonomy":"post_tag","embeddable":true,"href":"https:\/\/radiorevelacionfm.cl\/index.php?rest_route=%2Fwp%2Fv2%2Ftags&post=60885"}],"curies":[{"name":"wp","href":"https:\/\/api.w.org\/{rel}","templated":true}]}}