{"id":60881,"date":"2025-10-29T12:53:44","date_gmt":"2025-10-29T15:53:44","guid":{"rendered":"https:\/\/radiorevelacionfm.cl\/?p=60881"},"modified":"2025-10-29T12:53:44","modified_gmt":"2025-10-29T15:53:44","slug":"comunidad-de-caleta-tortel-contara-con-nuevos-muelles-que-mejoraran-su-conectividad-interna","status":"publish","type":"post","link":"https:\/\/radiorevelacionfm.cl\/?p=60881","title":{"rendered":"Comunidad de Caleta Tortel contar\u00e1 con nuevos muelles que mejorar\u00e1n su conectividad interna"},"content":{"rendered":"<div class=\"flex_column av_one_full  flex_column_div av-zero-column-padding first  avia-builder-el-0  el_before_av_one_full  avia-builder-el-first  \" style='border-radius:0px; '><div  class='avia-image-container  av-styling-    avia-builder-el-1  avia-builder-el-no-sibling  avia-align-center '  itemprop=\"image\" itemscope=\"itemscope\" itemtype=\"https:\/\/schema.org\/ImageObject\"  ><div class='avia-image-container-inner'><div class='avia-image-overlay-wrap'><img decoding=\"async\" class='wp-image-26011 avia-img-lazy-loading-not-26011 avia_image' src=\"https:\/\/radiorevelacionfm.cl\/wp-content\/uploads\/2022\/12\/tortelv1-1_optimized.jpg\" alt='' title='tortelv1-(1)_optimized' height=\"600\" width=\"899\"  itemprop=\"thumbnailUrl\" srcset=\"https:\/\/radiorevelacionfm.cl\/wp-content\/uploads\/2022\/12\/tortelv1-1_optimized.jpg 899w, https:\/\/radiorevelacionfm.cl\/wp-content\/uploads\/2022\/12\/tortelv1-1_optimized-300x200.jpg 300w, https:\/\/radiorevelacionfm.cl\/wp-content\/uploads\/2022\/12\/tortelv1-1_optimized-768x513.jpg 768w, https:\/\/radiorevelacionfm.cl\/wp-content\/uploads\/2022\/12\/tortelv1-1_optimized-705x471.jpg 705w, https:\/\/radiorevelacionfm.cl\/wp-content\/uploads\/2022\/12\/tortelv1-1_optimized-600x400.jpg 600w\" sizes=\"(max-width: 899px) 100vw, 899px\" \/><\/div><\/div><\/div><\/div><div class=\"flex_column av_one_full  flex_column_div av-zero-column-padding first  avia-builder-el-2  el_after_av_one_full  el_before_av_one_full  column-top-margin\" style='border-radius:0px; '><section class=\"av_textblock_section \"  itemscope=\"itemscope\" itemtype=\"https:\/\/schema.org\/BlogPosting\" itemprop=\"blogPost\" ><div class='avia_textblock  '   itemprop=\"text\" ><p style=\"text-align: center;\"><strong><span style=\"font-size: 18pt;\">Comunidad de Caleta Tortel contar\u00e1 con nuevos muelles que mejorar\u00e1n su conectividad interna<\/span><\/strong><\/p>\n<div id=\"gtx-trans\" style=\"position: absolute; left: -50px; top: 4.31534px;\">\n<div class=\"gtx-trans-icon\"><\/div>\n<\/div>\n<\/div><\/section><\/div><div class=\"flex_column av_one_full  flex_column_div av-zero-column-padding first  avia-builder-el-4  el_after_av_one_full  el_before_av_hr  column-top-margin\" style='border-radius:0px; '><section class=\"av_textblock_section \"  itemscope=\"itemscope\" itemtype=\"https:\/\/schema.org\/BlogPosting\" itemprop=\"blogPost\" ><div class='avia_textblock  '   itemprop=\"text\" ><p style=\"text-align: justify;\">La Direcci\u00f3n de Obras Portuarias del Ministerio de Obras P\u00fablicas en la Regi\u00f3n de Ays\u00e9n dise\u00f1ar\u00e1 dos nuevos muelles para Caleta Tortel, ubicados en los sectores de Rinc\u00f3n Bajo y Playa Ancha, anuncio hecho por el director regional de la DOP, \u00c1lvaro D\u00edaz Contreras, quien junto a su equipo t\u00e9cnico, analizaron junto a la alcaldesa de Tortel, Marisela Jim\u00e9nez Cruces, nuevas iniciativas en la comuna.<\/p>\n<p style=\"text-align: justify;\">En la visita, el director efectu\u00f3 un recorrido por diversos sectores que requieren el apoyo t\u00e9cnico del equipo de Obras Portuarias y posteriormente se reuni\u00f3 con la alcaldesa y su equipo, instancia en la que destac\u00f3 los avances que beneficiar\u00e1n directamente a la comunidad.<\/p>\n<p style=\"text-align: justify;\">\u201cHemos podido dar visita a algunas obras de la comuna en donde necesitan y requieren de nuestro apoyo como Direcci\u00f3n de Obras Portuarias para poder hacer obras de conservaci\u00f3n o mejoramiento de infraestructura portuaria, y nos reunimos con la Alcaldesa para poder analizar distintas iniciativas que estamos llevando a cabo y que pueden ser desarrolladas en el corto plazo, como es el dise\u00f1o de dos nuevos muelles para Caleta Tortel, uno ubicado en Rinc\u00f3n Bajo y otro en el sector de Playa Ancha. En ambas iniciativas tenemos un importante avance en la consultor\u00eda de dise\u00f1o cercano al 70% y en el mes de noviembre vamos a realizar una reuni\u00f3n con la comunidad para poder informarles en detalle los resultados de este dise\u00f1o\u201d.<\/p>\n<p style=\"text-align: justify;\">La Alcaldesa junto con agradecer la visita a la comuna del director de Obras Portuarias, destac\u00f3 el trabajo y la colaboraci\u00f3n de ambos sectores para concretar obras que sirven de apoyo a la comunidad.<\/p>\n<p style=\"text-align: justify;\">\u201cSin duda es una reuni\u00f3n muy enriquecedora donde pudimos exponer varias situaciones, materias en las que necesitamos intervenci\u00f3n por parte del Servicio. Quiero agradecer tambi\u00e9n la disposici\u00f3n y la visita que realizar\u00e1 al sector de la Isla de los Muertos, un lugar patrimonial que requiere de mantenci\u00f3n, conservaci\u00f3n, as\u00ed que espero puedan salir buenas iniciativas al respecto\u201d.<\/p>\n<p style=\"text-align: justify;\">El equipo de Obras Portuarias posteriormente se traslad\u00f3 hasta la Isla de Los Muertos, en donde inspeccionaron el estado de la infraestructura portuaria construida en este sector.<\/p>\n<p style=\"text-align: justify;\">\u201cFuimos hasta la Isla de Los Muertos en apoyo a la comuna de Tortel, esa no es nuestra infraestructura, pero tambi\u00e9n nosotros podemos colaborar con inspecciones e informes t\u00e9cnicos que desarrollan nuestros especialistas de la Direcci\u00f3n\u201d, asegur\u00f3 \u00c1lvaro D\u00edaz.<\/p>\n<p style=\"text-align: justify;\">En esta misma l\u00ednea de acci\u00f3n, tambi\u00e9n realizaron un recorrido por distintos lugares de Caleta Tortel, en donde existen algunas zonas de embancamiento de sedimentos. \u201cNosotros podemos ir aportando con ideas o con informaci\u00f3n \u00fatil para la municipalidad en busca de fondos y presupuesto para que ellos puedan ir desarrollando distintas iniciativas en beneficio de la comunidad en el \u00e1mbito de seguridad y conectividad\u201d, se\u00f1al\u00f3 el directivo del MOP<\/p>\n<p style=\"text-align: justify;\">Con relaci\u00f3n al proyecto de ampliaci\u00f3n de infraestructura portuaria en Puerto Yungay, la autoridad regional de Obras Portuarias del MOP destac\u00f3 algunos avances. \u201cEste es un proyecto que est\u00e1 desarrollado por la Direcci\u00f3n de Obras Portuarias a nivel de anteproyecto y en los pr\u00f3ximos a\u00f1os vamos a abordar esta iniciativa a nivel de ingenier\u00eda y arquitectura de detalles para posteriormente pasar a la etapa de ejecuci\u00f3n\u201d.<\/p>\n<p style=\"text-align: justify;\">Cabe se\u00f1alar que, la Direcci\u00f3n de Obras Portuarias, est\u00e1 constantemente trabajando en nueva infraestructura o en dar conservaci\u00f3n a la infraestructura existente, as\u00ed como tambi\u00e9n proyectando nuevas embarcaciones y en la conservaci\u00f3n de las embarcaciones que sirven para entregar conectividad a las comunidades y a la regi\u00f3n de Ays\u00e9n.<\/p>\n<\/div><\/section><\/div><div  style='height:50px' class='hr hr-invisible   avia-builder-el-6  el_after_av_one_full  el_before_av_social_share '><span class='hr-inner ' ><span class='hr-inner-style'><\/span><\/span><\/div><\/p>\n<div  class='av-social-sharing-box  avia-builder-el-7  el_after_av_hr  el_before_av_hr  '><div class='av-share-box'><h5 class='av-share-link-description av-no-toc '>Compartir esta noticia<\/h5><ul class='av-share-box-list noLightbox'><li class='av-share-link av-social-link-facebook' ><a target=\"_blank\" aria-label=\"Compartir en Facebook\" href='https:\/\/www.facebook.com\/sharer.php?u=https:\/\/radiorevelacionfm.cl\/?p=60881&#038;t=Comunidad%20de%20Caleta%20Tortel%20contar%C3%A1%20con%20nuevos%20muelles%20que%20mejorar%C3%A1n%20su%20conectividad%20interna' aria-hidden='false' data-av_icon='\ue8f3' data-av_iconfont='entypo-fontello' title='' data-avia-related-tooltip='Compartir en Facebook' rel=\"noopener\"><span class='avia_hidden_link_text'>Compartir en Facebook<\/span><\/a><\/li><li class='av-share-link av-social-link-twitter' ><a target=\"_blank\" aria-label=\"Compartir en Twitter\" href='https:\/\/twitter.com\/share?text=Comunidad%20de%20Caleta%20Tortel%20contar%C3%A1%20con%20nuevos%20muelles%20que%20mejorar%C3%A1n%20su%20conectividad%20interna&#038;url=https:\/\/radiorevelacionfm.cl\/?p=60881' aria-hidden='false' data-av_icon='\ue8f1' data-av_iconfont='entypo-fontello' title='' data-avia-related-tooltip='Compartir en Twitter' rel=\"noopener\"><span class='avia_hidden_link_text'>Compartir en Twitter<\/span><\/a><\/li><li class='av-share-link av-social-link-whatsapp' ><a target=\"_blank\" aria-label=\"Compartir en Whatsapp\" href='https:\/\/api.whatsapp.com\/send?text=https:\/\/radiorevelacionfm.cl\/?p=60881' aria-hidden='false' data-av_icon='\uf232' data-av_iconfont='entypo-fontello' title='' data-avia-related-tooltip='Compartir en Whatsapp' rel=\"noopener\"><span class='avia_hidden_link_text'>Compartir en Whatsapp<\/span><\/a><\/li><li class='av-share-link av-social-link-linkedin' ><a target=\"_blank\" aria-label=\"Compartir en LinkedIn\" href='https:\/\/linkedin.com\/shareArticle?mini=true&#038;title=Comunidad%20de%20Caleta%20Tortel%20contar%C3%A1%20con%20nuevos%20muelles%20que%20mejorar%C3%A1n%20su%20conectividad%20interna&#038;url=https:\/\/radiorevelacionfm.cl\/?p=60881' aria-hidden='false' data-av_icon='\ue8fc' data-av_iconfont='entypo-fontello' title='' data-avia-related-tooltip='Compartir en LinkedIn' rel=\"noopener\"><span class='avia_hidden_link_text'>Compartir en LinkedIn<\/span><\/a><\/li><li class='av-share-link av-social-link-mail' ><a  aria-label=\"Compartir por correo\" href='mailto:?subject=Comunidad%20de%20Caleta%20Tortel%20contar%C3%A1%20con%20nuevos%20muelles%20que%20mejorar%C3%A1n%20su%20conectividad%20interna&#038;body=https:\/\/radiorevelacionfm.cl\/?p=60881' aria-hidden='false' data-av_icon='\ue805' data-av_iconfont='entypo-fontello' title='' data-avia-related-tooltip='Compartir por correo'><span class='avia_hidden_link_text'>Compartir por correo<\/span><\/a><\/li><\/ul><\/div><\/div>\n<div  style='height:50px' class='hr hr-invisible   avia-builder-el-8  el_after_av_social_share  el_before_av_comments_list '><span class='hr-inner ' ><span class='hr-inner-style'><\/span><\/span><\/div>\n<div  class='av-buildercomment  av-blog-meta-html-info-disabled av-blog-meta-tag-disabled  '><\/div>\n","protected":false},"excerpt":{"rendered":"","protected":false},"author":1,"featured_media":26011,"comment_status":"closed","ping_status":"closed","sticky":false,"template":"","format":"standard","meta":{"footnotes":""},"categories":[38],"tags":[],"class_list":["post-60881","post","type-post","status-publish","format-standard","has-post-thumbnail","hentry","category-regional"],"jetpack_featured_media_url":"https:\/\/radiorevelacionfm.cl\/wp-content\/uploads\/2022\/12\/tortelv1-1_optimized.jpg","_links":{"self":[{"href":"https:\/\/radiorevelacionfm.cl\/index.php?rest_route=\/wp\/v2\/posts\/60881","targetHints":{"allow":["GET"]}}],"collection":[{"href":"https:\/\/radiorevelacionfm.cl\/index.php?rest_route=\/wp\/v2\/posts"}],"about":[{"href":"https:\/\/radiorevelacionfm.cl\/index.php?rest_route=\/wp\/v2\/types\/post"}],"author":[{"embeddable":true,"href":"https:\/\/radiorevelacionfm.cl\/index.php?rest_route=\/wp\/v2\/users\/1"}],"replies":[{"embeddable":true,"href":"https:\/\/radiorevelacionfm.cl\/index.php?rest_route=%2Fwp%2Fv2%2Fcomments&post=60881"}],"version-history":[{"count":2,"href":"https:\/\/radiorevelacionfm.cl\/index.php?rest_route=\/wp\/v2\/posts\/60881\/revisions"}],"predecessor-version":[{"id":60883,"href":"https:\/\/radiorevelacionfm.cl\/index.php?rest_route=\/wp\/v2\/posts\/60881\/revisions\/60883"}],"wp:featuredmedia":[{"embeddable":true,"href":"https:\/\/radiorevelacionfm.cl\/index.php?rest_route=\/wp\/v2\/media\/26011"}],"wp:attachment":[{"href":"https:\/\/radiorevelacionfm.cl\/index.php?rest_route=%2Fwp%2Fv2%2Fmedia&parent=60881"}],"wp:term":[{"taxonomy":"category","embeddable":true,"href":"https:\/\/radiorevelacionfm.cl\/index.php?rest_route=%2Fwp%2Fv2%2Fcategories&post=60881"},{"taxonomy":"post_tag","embeddable":true,"href":"https:\/\/radiorevelacionfm.cl\/index.php?rest_route=%2Fwp%2Fv2%2Ftags&post=60881"}],"curies":[{"name":"wp","href":"https:\/\/api.w.org\/{rel}","templated":true}]}}