{"id":60877,"date":"2025-10-29T12:36:53","date_gmt":"2025-10-29T15:36:53","guid":{"rendered":"https:\/\/radiorevelacionfm.cl\/?p=60877"},"modified":"2025-10-29T12:36:53","modified_gmt":"2025-10-29T15:36:53","slug":"sernapesca-coordino-rapido-traslado-de-lobos-marinos-heridos-desde-la-region-de-aysen-hasta-los-lagos","status":"publish","type":"post","link":"https:\/\/radiorevelacionfm.cl\/?p=60877","title":{"rendered":"Sernapesca coordin\u00f3 r\u00e1pido traslado de lobos marinos heridos desde la regi\u00f3n de Ays\u00e9n hasta Los Lagos"},"content":{"rendered":"<div class=\"flex_column av_one_full  flex_column_div av-zero-column-padding first  avia-builder-el-0  el_before_av_one_full  avia-builder-el-first  \" style='border-radius:0px; '><div  class='avia-image-container  av-styling-    avia-builder-el-1  avia-builder-el-no-sibling  avia-align-center '  itemprop=\"image\" itemscope=\"itemscope\" itemtype=\"https:\/\/schema.org\/ImageObject\"  ><div class='avia-image-container-inner'><div class='avia-image-overlay-wrap'><img decoding=\"async\" class='wp-image-60878 avia-img-lazy-loading-not-60878 avia_image' src=\"https:\/\/radiorevelacionfm.cl\/wp-content\/uploads\/2025\/10\/53-1_optimized-1.jpg\" alt='' title='53-(1)_optimized (1)' height=\"600\" width=\"1067\"  itemprop=\"thumbnailUrl\" srcset=\"https:\/\/radiorevelacionfm.cl\/wp-content\/uploads\/2025\/10\/53-1_optimized-1.jpg 1067w, https:\/\/radiorevelacionfm.cl\/wp-content\/uploads\/2025\/10\/53-1_optimized-1-300x169.jpg 300w, https:\/\/radiorevelacionfm.cl\/wp-content\/uploads\/2025\/10\/53-1_optimized-1-1030x579.jpg 1030w, https:\/\/radiorevelacionfm.cl\/wp-content\/uploads\/2025\/10\/53-1_optimized-1-768x432.jpg 768w, https:\/\/radiorevelacionfm.cl\/wp-content\/uploads\/2025\/10\/53-1_optimized-1-705x396.jpg 705w, https:\/\/radiorevelacionfm.cl\/wp-content\/uploads\/2025\/10\/53-1_optimized-1-450x253.jpg 450w, https:\/\/radiorevelacionfm.cl\/wp-content\/uploads\/2025\/10\/53-1_optimized-1-600x337.jpg 600w\" sizes=\"(max-width: 1067px) 100vw, 1067px\" \/><\/div><\/div><\/div><\/div><div class=\"flex_column av_one_full  flex_column_div av-zero-column-padding first  avia-builder-el-2  el_after_av_one_full  el_before_av_one_full  column-top-margin\" style='border-radius:0px; '><section class=\"av_textblock_section \"  itemscope=\"itemscope\" itemtype=\"https:\/\/schema.org\/BlogPosting\" itemprop=\"blogPost\" ><div class='avia_textblock  '   itemprop=\"text\" ><p style=\"text-align: center;\"><strong><span style=\"font-size: 18pt;\">Sernapesca coordin\u00f3 r\u00e1pido traslado de lobos marinos heridos desde la regi\u00f3n de Ays\u00e9n hasta Los Lagos<\/span><\/strong><\/p>\n<div id=\"gtx-trans\" style=\"position: absolute; left: -50px; top: 4.31534px;\">\n<div class=\"gtx-trans-icon\"><\/div>\n<\/div>\n<\/div><\/section><\/div><div class=\"flex_column av_one_full  flex_column_div av-zero-column-padding first  avia-builder-el-4  el_after_av_one_full  el_before_av_hr  column-top-margin\" style='border-radius:0px; '><section class=\"av_textblock_section \"  itemscope=\"itemscope\" itemtype=\"https:\/\/schema.org\/BlogPosting\" itemprop=\"blogPost\" ><div class='avia_textblock  '   itemprop=\"text\" ><p style=\"text-align: justify;\">A ra\u00edz de una denuncia por la presencia de un lobo marino com\u00fan en malas condiciones en las cercan\u00edas de Bah\u00eda Acantilada, comuna de Ays\u00e9n, un equipo de rescate de fauna marina del Servicio Nacional de Pesca y Acuicultura (Sernapesca) lleg\u00f3 hasta el lugar constatando la presencia de dos cr\u00edas de lobo marino en mal estado, una de ellas con una herida grave en el rostro.<\/p>\n<p style=\"text-align: justify;\">Daniela Leiva, directora regional de Sernapesca en Ays\u00e9n, se refiri\u00f3 a la log\u00edstica ante el estado de los ejemplares: \u201cAnte el debilitado estado de los ejemplares y considerando que en la regi\u00f3n no contamos con centros de rehabilitaci\u00f3n de fauna marina, nos pusimos en contacto con el equipo de la regi\u00f3n de Los Lagos, donde el director regional realiz\u00f3 las gestiones para poder ingresarlos al Centro de Rehabilitaci\u00f3n de Fauna Silvestre de la Universidad San Sebasti\u00e1n de Puerto Montt. Paralelamente nos contactamos con el Seremi de Transporte, quien nos apoy\u00f3 en la gesti\u00f3n log\u00edstica de las barcazas para que el traslado se realice sin interrupciones\u201d.<\/p>\n<p style=\"text-align: justify;\">Los ejemplares ya llegaron a Puerto Montt y est\u00e1n siendo ingresados al CEREFAS de la Universidad San Sebasti\u00e1n de Puerto Montt, donde recibir\u00e1n la atenci\u00f3n y cuidados necesarios para su recuperaci\u00f3n, esperando que eventualmente puedan ser reinsertados en su medio natural.<\/p>\n<p style=\"text-align: justify;\">Tras una primera evaluaci\u00f3n, los m\u00e9dicos veterinarios de Sernapesca determinaron que\u00a0las heridas de uno de los ejemplares se deber\u00edan\u00a0a la intervenci\u00f3n de terceros, por lo que desde el ente fiscalizador presentar\u00e1n una denuncia por maltrato animal ante el Ministerio P\u00fablico, en conformidad con la normativa vigente. Los lobos marinos son especies protegidas, por lo tanto, toda acci\u00f3n que implique da\u00f1o, captura o manipulaci\u00f3n indebida constituye un delito sancionado por la ley.<\/p>\n<p style=\"text-align: justify;\">Sernapesca invita a la comunidad a denunciar oportunamente cualquier situaci\u00f3n que afecte el bienestar de la fauna marina protegida a trav\u00e9s de la l\u00ednea gratuita 800 320 032 o por el sitio web\u00a0<a href=\"http:\/\/www.sernapesca.cl\/\">www.sernapesca.cl<\/a>.<\/p>\n<\/div><\/section><\/div><div  style='height:50px' class='hr hr-invisible   avia-builder-el-6  el_after_av_one_full  el_before_av_social_share '><span class='hr-inner ' ><span class='hr-inner-style'><\/span><\/span><\/div><\/p>\n<div  class='av-social-sharing-box  avia-builder-el-7  el_after_av_hr  el_before_av_hr  '><div class='av-share-box'><h5 class='av-share-link-description av-no-toc '>Compartir esta noticia<\/h5><ul class='av-share-box-list noLightbox'><li class='av-share-link av-social-link-facebook' ><a target=\"_blank\" aria-label=\"Compartir en Facebook\" href='https:\/\/www.facebook.com\/sharer.php?u=https:\/\/radiorevelacionfm.cl\/?p=60877&#038;t=Sernapesca%20coordin%C3%B3%20r%C3%A1pido%20traslado%20de%20lobos%20marinos%20heridos%20desde%20la%20regi%C3%B3n%20de%20Ays%C3%A9n%20hasta%20Los%20Lagos' aria-hidden='false' data-av_icon='\ue8f3' data-av_iconfont='entypo-fontello' title='' data-avia-related-tooltip='Compartir en Facebook' rel=\"noopener\"><span class='avia_hidden_link_text'>Compartir en Facebook<\/span><\/a><\/li><li class='av-share-link av-social-link-twitter' ><a target=\"_blank\" aria-label=\"Compartir en Twitter\" href='https:\/\/twitter.com\/share?text=Sernapesca%20coordin%C3%B3%20r%C3%A1pido%20traslado%20de%20lobos%20marinos%20heridos%20desde%20la%20regi%C3%B3n%20de%20Ays%C3%A9n%20hasta%20Los%20Lagos&#038;url=https:\/\/radiorevelacionfm.cl\/?p=60877' aria-hidden='false' data-av_icon='\ue8f1' data-av_iconfont='entypo-fontello' title='' data-avia-related-tooltip='Compartir en Twitter' rel=\"noopener\"><span class='avia_hidden_link_text'>Compartir en Twitter<\/span><\/a><\/li><li class='av-share-link av-social-link-whatsapp' ><a target=\"_blank\" aria-label=\"Compartir en Whatsapp\" href='https:\/\/api.whatsapp.com\/send?text=https:\/\/radiorevelacionfm.cl\/?p=60877' aria-hidden='false' data-av_icon='\uf232' data-av_iconfont='entypo-fontello' title='' data-avia-related-tooltip='Compartir en Whatsapp' rel=\"noopener\"><span class='avia_hidden_link_text'>Compartir en Whatsapp<\/span><\/a><\/li><li class='av-share-link av-social-link-linkedin' ><a target=\"_blank\" aria-label=\"Compartir en LinkedIn\" href='https:\/\/linkedin.com\/shareArticle?mini=true&#038;title=Sernapesca%20coordin%C3%B3%20r%C3%A1pido%20traslado%20de%20lobos%20marinos%20heridos%20desde%20la%20regi%C3%B3n%20de%20Ays%C3%A9n%20hasta%20Los%20Lagos&#038;url=https:\/\/radiorevelacionfm.cl\/?p=60877' aria-hidden='false' data-av_icon='\ue8fc' data-av_iconfont='entypo-fontello' title='' data-avia-related-tooltip='Compartir en LinkedIn' rel=\"noopener\"><span class='avia_hidden_link_text'>Compartir en LinkedIn<\/span><\/a><\/li><li class='av-share-link av-social-link-mail' ><a  aria-label=\"Compartir por correo\" href='mailto:?subject=Sernapesca%20coordin%C3%B3%20r%C3%A1pido%20traslado%20de%20lobos%20marinos%20heridos%20desde%20la%20regi%C3%B3n%20de%20Ays%C3%A9n%20hasta%20Los%20Lagos&#038;body=https:\/\/radiorevelacionfm.cl\/?p=60877' aria-hidden='false' data-av_icon='\ue805' data-av_iconfont='entypo-fontello' title='' data-avia-related-tooltip='Compartir por correo'><span class='avia_hidden_link_text'>Compartir por correo<\/span><\/a><\/li><\/ul><\/div><\/div>\n<div  style='height:50px' class='hr hr-invisible   avia-builder-el-8  el_after_av_social_share  el_before_av_comments_list '><span class='hr-inner ' ><span class='hr-inner-style'><\/span><\/span><\/div>\n<div  class='av-buildercomment  av-blog-meta-html-info-disabled av-blog-meta-tag-disabled  '><\/div>\n","protected":false},"excerpt":{"rendered":"","protected":false},"author":1,"featured_media":60878,"comment_status":"closed","ping_status":"closed","sticky":false,"template":"","format":"standard","meta":{"footnotes":""},"categories":[60],"tags":[],"class_list":["post-60877","post","type-post","status-publish","format-standard","has-post-thumbnail","hentry","category-pesca"],"jetpack_featured_media_url":"https:\/\/radiorevelacionfm.cl\/wp-content\/uploads\/2025\/10\/53-1_optimized-1.jpg","_links":{"self":[{"href":"https:\/\/radiorevelacionfm.cl\/index.php?rest_route=\/wp\/v2\/posts\/60877","targetHints":{"allow":["GET"]}}],"collection":[{"href":"https:\/\/radiorevelacionfm.cl\/index.php?rest_route=\/wp\/v2\/posts"}],"about":[{"href":"https:\/\/radiorevelacionfm.cl\/index.php?rest_route=\/wp\/v2\/types\/post"}],"author":[{"embeddable":true,"href":"https:\/\/radiorevelacionfm.cl\/index.php?rest_route=\/wp\/v2\/users\/1"}],"replies":[{"embeddable":true,"href":"https:\/\/radiorevelacionfm.cl\/index.php?rest_route=%2Fwp%2Fv2%2Fcomments&post=60877"}],"version-history":[{"count":2,"href":"https:\/\/radiorevelacionfm.cl\/index.php?rest_route=\/wp\/v2\/posts\/60877\/revisions"}],"predecessor-version":[{"id":60880,"href":"https:\/\/radiorevelacionfm.cl\/index.php?rest_route=\/wp\/v2\/posts\/60877\/revisions\/60880"}],"wp:featuredmedia":[{"embeddable":true,"href":"https:\/\/radiorevelacionfm.cl\/index.php?rest_route=\/wp\/v2\/media\/60878"}],"wp:attachment":[{"href":"https:\/\/radiorevelacionfm.cl\/index.php?rest_route=%2Fwp%2Fv2%2Fmedia&parent=60877"}],"wp:term":[{"taxonomy":"category","embeddable":true,"href":"https:\/\/radiorevelacionfm.cl\/index.php?rest_route=%2Fwp%2Fv2%2Fcategories&post=60877"},{"taxonomy":"post_tag","embeddable":true,"href":"https:\/\/radiorevelacionfm.cl\/index.php?rest_route=%2Fwp%2Fv2%2Ftags&post=60877"}],"curies":[{"name":"wp","href":"https:\/\/api.w.org\/{rel}","templated":true}]}}